{"id":212066,"date":"2014-02-17T22:26:24","date_gmt":"2014-02-17T19:26:24","guid":{"rendered":"https:\/\/analyse.optim.biz\/?p=212066"},"modified":"2014-02-17T22:26:24","modified_gmt":"2014-02-17T19:26:24","slug":"cum-se-vede-din-opozitie-criza-din-usl","status":"publish","type":"post","link":"https:\/\/analyse.optim.biz\/?p=212066","title":{"rendered":"Cum se vede din opozi\u021bie criza din USL"},"content":{"rendered":"<div class=\"entry data-app-meta data-app-meta-article\" data-embed-base-url-canonical=\"https:\/\/www.digi24.ro\/embed\/stiri\/actualitate\/politica\/cum-se-vede-din-opozitie-criza-din-usl-201864\">\n<p data-index=\"1\"><strong><img decoding=\"async\" src=\"https:\/\/analyse.optim.biz\/wp-content\/uploads\/2024\/09\/ngfmytfimzm0mtjjmgiyztk0mjmwyzzlma-thumb_.jpg\" data-skip-htmlfix=\"1\" title=\"ngfmytfimzm0mtjjmgiyztk0mjmwyzzlma-thumb_\">Adriana S\u0103ftoiu<\/strong>, fost membru PNL, a reamintit c\u0103 a fost \u00eempotriva alian\u021bei ini\u021biale a PNL cu Dan Voiculescu. \u201ePentru c\u0103 la masa USL cel care a adus PC e Crin Antonescu. Atunci nu i se p\u0103rea deloc c\u0103 acest partid e prea mic\u201d, a punctat S\u0103ftoiu. \u201eNu am crezut \u00een aceast\u0103 alian\u021b\u0103, pentru c\u0103 <strong>avea un deziderat mult prea simplu: Jos B\u0103sescu! Nu e un argument serios ca s\u0103 constitui o alian\u021b\u0103 prin care reformezi \u021bara<\/strong>, s\u0103 modernizezi \u021bara\u201d, a spus actualul purt\u0103tor de cuv\u00e2nt al PDL.<\/p>\n<p data-index=\"2\">Adriana S\u0103ftoiu sus\u021bine c\u0103 disputele dintre <strong>Crin Antonescu \u0219i Victor Ponta<\/strong> au ap\u0103rut foarte devreme, imediat dup\u0103 <strong>e\u0219ecul suspend\u0103rii lui Traian B\u0103sescu<\/strong>. \u201eC\u00e2nd au constatat c\u0103 au pierdut miza \u2013 Jos B\u0103sescu! &#8211; au \u00eenceput s\u0103 arate ce nu au \u00een comun, mai nimic. S\u0103 votezi alian\u021be care se unesc doar pentru a spun jos un om e mult prea pu\u021bin\u201d, a conchis Adriana S\u0103ftoiu, fost purt\u0103tor de cuv\u00e2nt la Cotroceni la \u00eenceputul mandatului lui Traian B\u0103sescu.<\/p>\n<p data-index=\"3\"><strong><img decoding=\"async\" src=\"https:\/\/analyse.optim.biz\/wp-content\/uploads\/2024\/09\/jnc9odawjmhhc2g9yzvjnzzlnwi1mtfknjm5yzgzmjc2zdi5ytm3njfjogu-thumb_.jpg\" data-skip-htmlfix=\"1\" title=\"jnc9odawjmhhc2g9yzvjnzzlnwi1mtfknjm5yzgzmjc2zdi5ytm3njfjogu-thumb_\">Sebastian L\u0103z\u0103roiu<\/strong>, fondator al <strong>Funda\u021biei Mi\u0219carea Popular\u0103<\/strong> \u0219i proasp\u0103t demisionar din postul de consilier preziden\u021bial, spune c\u0103 \u00een lumea real\u0103 acest conflict din Usl se vede foarte prost. \u201eDac\u0103 PNL \u0219i PSD s-ar fi certat pe un subiect care s\u0103 \u00eei intereseze \u0219i pe rom\u00e2ni, nu pe func\u021biile din guvern, ci pe acciza la carburan\u021bi, de exemplu, era o discu\u021bie relevant\u0103 pentru oameni \u0219i era bun\u0103, cred\u201d, a declarat Sebastian L\u0103z\u0103roiu \u00eentr-o <strong>edi\u021bie special\u0103 a \u201eJurnalului de sear\u0103\u201d de la Digi24<\/strong>. \u00cen opinia sa, USL se va rupe imediat dup\u0103 alegerile europarlamentare.<\/p>\n<p data-index=\"4\">Urm\u0103ri\u021bi declara\u021biile integrale \u00een materialul video de mai jos:<\/p>\n<\/div>\n<p> Source URL: https:\/\/www.digi24.ro\/stiri\/actualitate\/politica\/cum-se-vede-din-opozitie-criza-din-usl-201864<\/p>\n","protected":false},"excerpt":{"rendered":"<p>Adriana S\u0103ftoiu, fost membru PNL, a reamintit c\u0103 a fost \u00eempotriva alian\u021bei ini\u021biale a PNL cu Dan Voiculescu. \u201ePentru c\u0103 la masa USL cel care a adus PC e Crin Antonescu. Atunci nu i se p\u0103rea deloc c\u0103 acest partid e prea mic\u201d, a punctat S\u0103ftoiu. \u201eNu am crezut \u00een aceast\u0103 alian\u021b\u0103, pentru c\u0103 avea [&hellip;]<\/p>\n","protected":false},"author":1,"featured_media":212067,"comment_status":"open","ping_status":"","sticky":false,"template":"","format":"standard","meta":{"footnotes":""},"categories":[2],"tags":[11],"class_list":["post-212066","post","type-post","status-publish","format-standard","has-post-thumbnail","hentry","category-politics","tag-digi24"],"_links":{"self":[{"href":"https:\/\/analyse.optim.biz\/index.php?rest_route=\/wp\/v2\/posts\/212066","targetHints":{"allow":["GET"]}}],"collection":[{"href":"https:\/\/analyse.optim.biz\/index.php?rest_route=\/wp\/v2\/posts"}],"about":[{"href":"https:\/\/analyse.optim.biz\/index.php?rest_route=\/wp\/v2\/types\/post"}],"author":[{"embeddable":true,"href":"https:\/\/analyse.optim.biz\/index.php?rest_route=\/wp\/v2\/users\/1"}],"replies":[{"embeddable":true,"href":"https:\/\/analyse.optim.biz\/index.php?rest_route=%2Fwp%2Fv2%2Fcomments&post=212066"}],"version-history":[{"count":0,"href":"https:\/\/analyse.optim.biz\/index.php?rest_route=\/wp\/v2\/posts\/212066\/revisions"}],"wp:featuredmedia":[{"embeddable":true,"href":"https:\/\/analyse.optim.biz\/index.php?rest_route=\/wp\/v2\/media\/212067"}],"wp:attachment":[{"href":"https:\/\/analyse.optim.biz\/index.php?rest_route=%2Fwp%2Fv2%2Fmedia&parent=212066"}],"wp:term":[{"taxonomy":"category","embeddable":true,"href":"https:\/\/analyse.optim.biz\/index.php?rest_route=%2Fwp%2Fv2%2Fcategories&post=212066"},{"taxonomy":"post_tag","embeddable":true,"href":"https:\/\/analyse.optim.biz\/index.php?rest_route=%2Fwp%2Fv2%2Ftags&post=212066"}],"curies":[{"name":"wp","href":"https:\/\/api.w.org\/{rel}","templated":true}]}}