{"id":2120653,"date":"2026-08-31T00:00:00","date_gmt":"2026-08-30T21:00:00","guid":{"rendered":"https:\/\/analyse.optim.biz\/?p=2120653"},"modified":"2026-08-31T00:00:00","modified_gmt":"2026-08-30T21:00:00","slug":"germania-reprezentanti-ai-talibanilor-au-venit-la-berlin-pentru-a-facilita-operatiunile-de-expulzare-catre-afganistan","status":"publish","type":"post","link":"https:\/\/analyse.optim.biz\/?p=2120653","title":{"rendered":"Germania: Reprezentan\u021bi ai talibanilor au venit la Berlin pentru a facilita opera\u021biunile de expulzare c\u0103tre Afganistan"},"content":{"rendered":"<p>[analyse_image type=&#8221;featured&#8221; src=&#8221;https:\/\/agerpres.ro\/data\/202608\/20260831184739_107012.jpg&#8221;]<\/p>\n<div class=\"mx-auto pt-3\">\n<p><strong>Guvernul de la Berlin a anun\u021bat luni c\u0103 a autorizat venirea \u00een Germania a unor reprezentan\u021bi ai guvernului taliban de la Kabul pentru a solu\u021biona chestiuni exclusiv &#8221;tehnice&#8221; \u0219i pentru a accelera expulz\u0103rile de afgani c\u0103tre \u021bara de origine, informeaz\u0103 France Presse.<\/strong><\/p>\n<p>&#8221;Am aprobat intrarea pentru scurt\u0103 \u0219edere a unei echipe de sprijin tehnic&#8221;, a explicat Martin Giese, purt\u0103torul de cuv\u00e2nt adjunct al MAE german, cu obiectivul declarat de a &#8221;cre\u0219te num\u0103rul expulz\u0103rilor spre Afganistan&#8221;.<\/p>\n<p>&#8221;Este \u00een interesul nostru ca reprezentan\u021bele afgane din str\u0103in\u0103tate s\u0103 fie \u00een m\u0103sur\u0103 s\u0103 asigure servicii consulare pentru cei aproximativ 450.000 de cet\u0103\u021beni afgani din Germania \u0219i s\u0103 contribuie \u00een special la opera\u021biunile de returnare&#8221;, a ad\u0103ugat el.<\/p>\n<p>Potrivit lui Giese, este nevoie s\u0103 existe &#8221;personal \u00een num\u0103r suficient \u0219i trebuie s\u0103 fie \u00eentrunite condi\u021biile tehnice&#8221;. Martin Giese a precizat c\u0103 reprezentan\u021bii talibanilor, care au fost supu\u0219i unui &#8221;control de securitate&#8221;, nu erau &#8221;diploma\u021bi acredita\u021bi \u00een Germania&#8221; \u0219i urmau s\u0103 p\u0103r\u0103seasc\u0103 \u021bara &#8221;dup\u0103 o scurt\u0103 \u0219edere&#8221;.<\/p>\n<p>&#8221;Ei sunt personal tehnic care vegheaz\u0103 ca echipamentele s\u0103 func\u021bioneze corect &#8211; de exemplu, pentru imprimarea vinietelor pe pa\u0219apoarte&#8221;, a continuat reprezentantul diploma\u021biei germane.<\/p>\n<p>Germania a expulzat s\u0103pt\u0103m\u00e2na trecut\u0103 23 de b\u0103rba\u021bi afgani c\u0103tre Kabul, cu plecare de la Leipzig (estul Germaniei).<\/p>\n<p>Dup\u0103 ce a primit un num\u0103r mare de refugia\u021bi \u0219i solicitan\u021bi de azil \u00een ultimii ani, Germania \u0219i-a \u00een\u0103sprit politica \u00een domeniul migra\u021biei, sub impulsul cancelarului conservator Friedrich Merz, impun\u00e2nd controale de frontier\u0103 \u0219i cresc\u00e2nd num\u0103rul de expulz\u0103ri.<\/p>\n<p>Guvernul german nu \u00eei recunoa\u0219te oficial pe talibani, reveni\u021bi la putere la Kabul \u00een urm\u0103 cu cinci ani, dar a negociat totu\u0219i cu ei organizarea mai multor zboruri pentru expulzarea cet\u0103\u021benilor afgani din Germania. AGERPRES\/(AS &#8211; redactor: Tudor Martalogu, editor online: Gabriela Badea)\u00a0<\/p>\n<\/div>\n<div class=\"mx-auto pt-3\">\n                                Afisari: 322\n                            <\/div>\n<p>[analyse_source url=&#8221;https:\/\/agerpres.ro\/politic-extern\/2026\/08\/31\/germania-reprezentanti-ai-talibanilor-au-venit-la-berlin-pentru-a-facilita-operatiunile-de-expulzare&#8211;1589394&#8243;]<\/p>\n","protected":false},"excerpt":{"rendered":"<p>[analyse_image type=&#8221;featured&#8221; src=&#8221;https:\/\/agerpres.ro\/data\/202608\/20260831184739_107012.jpg&#8221;] Guvernul de la Berlin a anun\u021bat luni c\u0103 a autorizat venirea \u00een Germania a unor reprezentan\u021bi ai guvernului taliban de la Kabul pentru a solu\u021biona chestiuni exclusiv &#8221;tehnice&#8221; \u0219i pentru a accelera expulz\u0103rile de afgani c\u0103tre \u021bara de origine, informeaz\u0103 France Presse. &#8221;Am aprobat intrarea pentru scurt\u0103 \u0219edere a unei echipe de [&hellip;]<\/p>\n","protected":false},"author":1,"featured_media":0,"comment_status":"open","ping_status":"","sticky":false,"template":"","format":"standard","meta":{"footnotes":""},"categories":[2],"tags":[37,226],"class_list":["post-2120653","post","type-post","status-publish","format-standard","hentry","category-politics","tag-agerpres-ro","tag-crawlmanager"],"_links":{"self":[{"href":"https:\/\/analyse.optim.biz\/index.php?rest_route=\/wp\/v2\/posts\/2120653","targetHints":{"allow":["GET"]}}],"collection":[{"href":"https:\/\/analyse.optim.biz\/index.php?rest_route=\/wp\/v2\/posts"}],"about":[{"href":"https:\/\/analyse.optim.biz\/index.php?rest_route=\/wp\/v2\/types\/post"}],"author":[{"embeddable":true,"href":"https:\/\/analyse.optim.biz\/index.php?rest_route=\/wp\/v2\/users\/1"}],"replies":[{"embeddable":true,"href":"https:\/\/analyse.optim.biz\/index.php?rest_route=%2Fwp%2Fv2%2Fcomments&post=2120653"}],"version-history":[{"count":0,"href":"https:\/\/analyse.optim.biz\/index.php?rest_route=\/wp\/v2\/posts\/2120653\/revisions"}],"wp:attachment":[{"href":"https:\/\/analyse.optim.biz\/index.php?rest_route=%2Fwp%2Fv2%2Fmedia&parent=2120653"}],"wp:term":[{"taxonomy":"category","embeddable":true,"href":"https:\/\/analyse.optim.biz\/index.php?rest_route=%2Fwp%2Fv2%2Fcategories&post=2120653"},{"taxonomy":"post_tag","embeddable":true,"href":"https:\/\/analyse.optim.biz\/index.php?rest_route=%2Fwp%2Fv2%2Ftags&post=2120653"}],"curies":[{"name":"wp","href":"https:\/\/api.w.org\/{rel}","templated":true}]}}