{"id":2120645,"date":"2026-08-31T12:39:02","date_gmt":"2026-08-31T09:39:02","guid":{"rendered":"https:\/\/analyse.optim.biz\/?p=2120645"},"modified":"2026-08-31T12:39:02","modified_gmt":"2026-08-31T09:39:02","slug":"siegfried-muresan-ii-raspunde-lui-grindeanu-a-prezentat-o-agenda-populista-de-prioritati-problemele-din","status":"publish","type":"post","link":"https:\/\/analyse.optim.biz\/?p=2120645","title":{"rendered":"Siegfried Mure\u0219an \u00eei r\u0103spunde lui Grindeanu: \u201eA prezentat o agend\u0103 populist\u0103 de priorit\u0103\u021bi. Problemele din&#8230;"},"content":{"rendered":"<p>[analyse_image type=&#8221;featured&#8221; src=&#8221;https:\/\/s.iw.ro\/gateway\/g\/ZmlsZVNvdXJjZT1odHRwJTNBJTJGJTJG\/c3RvcmFnZTA4dHJhbnNjb2Rlci5yY3Mt\/cmRzLnJvJTJGc3RvcmFnZSUyRjIwMjYl\/MkYwNyUyRjAxJTJGMjgxNTUxN18yODE1\/NTE3X3NpZWdmcmllZC1tdXJlc2FuLWlu\/cXVhbS1nZW9yZ2UtY2FsaW4uanBnJnc9\/MTIwMCZoPTYzMCZ6Yz0xJmhhc2g9NGI3\/ZDU4MGNhNDIyMWIxMmYwYjMwODllNTQwZjEzYzQ=.thumb.jpg&#8221;]<\/p>\n<div class=\"entry data-app-meta data-app-meta-article\" data-embed-base-url-canonical=\"https:\/\/www.digi24.ro\/embed\/stiri\/actualitate\/politica\/siegfried-muresan-ii-raspunde-lui-grindeanu-a-prezentat-o-agenda-populista-de-prioritati-problemele-din-acele-domenii-din-vina-psd-3928883\">\n<p data-index=\"1\"><strong>Europarlamentarul Siegfried Mure\u0219an, propunerea PNL de premier, a lansat un nou atac la adresa social-democra\u021bilor pentru c\u0103 au venit cu o \u201eagend\u0103 populist\u0103\u201d de 10 priorit\u0103\u021bi pentru Rom\u00e2nia, de\u0219i acoper\u0103 domenii pe care PSD le-a gestionat \u00een ultimii ani. \u201eNu mai credem c\u0103 PSD va face \u00een viitor ce nu a f\u0103cut \u00een trecut\u201d, a declarat liberalul.\u00a0<\/strong><\/p>\n<p data-index=\"2\">\u201eSorin Grindeanu a prezentat acum o agend\u0103 populist\u0103 de \u201e10 priorit\u0103\u021bi ale Rom\u00e2niei\u201d, care acoper\u0103 domenii foarte cunoscute PSD, de la agricultur\u0103 \u0219i pia\u021ba muncii, la s\u0103n\u0103tate \u0219i ap\u0103rare.<\/p>\n<p data-index=\"3\">S\u0103 amintim PSD c\u0103, \u00een ultimii 10 ani:<\/p>\n<p data-index=\"4\">A de\u021binut Ministerul Agriculturii peste 70% din timp<\/p>\n<p data-index=\"5\">A de\u021binut Ministerul Muncii peste 70% din timp<\/p>\n<p data-index=\"6\">A de\u021binut Ministerul S\u0103n\u0103t\u0103\u021bii peste 70% din timp<\/p>\n<p data-index=\"7\">A de\u021binut Ministerul Ap\u0103r\u0103rii aproape 65% din timp\u201d, a scris Siegfried Mure\u0219an pe Facebook.<\/p>\n<p data-index=\"8\">Europarlamentarul sus\u021bine c\u0103 \u201etoate problemele pe care le avem \u00een aceste domenii sunt, \u00een primul r\u00e2nd, din vina mini\u0219trilor PSD\u201d.<\/p>\n<p data-index=\"9\">\u00a0<\/p>\n<p data-index=\"10\">Reac\u021bia vine dup\u0103 ce <a href=\"https:\/\/www.digi24.ro\/stiri\/actualitate\/politica\/document-acordul-celor-10-prioritati-nationale-de-care-psd-conditioneaza-guvernarea-3928733\" data-skip-linkfix=\"1\">Sorin Grindeanu a prezentat un document adoptat \u00een \u0219edin\u021ba PSD de luni<\/a>, prin care propune partidelor parlamentare, sindicatelor, patronatelor, administra\u021biilor locale \u0219i societ\u0103\u021bii civile un \u201eAcord al celor zece priorit\u0103\u021bi na\u021bionale\u201d, care ar urma s\u0103 sus\u021bin\u0103 un guvern cu mandat de 24 de luni.<\/p>\n<p data-index=\"11\"><strong>Cite\u0219te \u0219i:<\/strong><\/p>\n<p data-index=\"12\"><a href=\"https:\/\/www.digi24.ro\/stiri\/actualitate\/politica\/grindeanu-anunta-ca-psd-isi-asuma-guvernarea-si-aminteste-de-perioada-2017-eu-stiu-ce-inseamna-sa-fii-premier-3928761\" data-skip-linkfix=\"1\"><strong>VIDEO Grindeanu anun\u021b\u0103 c\u0103 PSD \u00ee\u0219i asum\u0103 guvernarea \u0219i aminte\u0219te de perioada 2017: \u201eEu \u0219tiu ce \u00eenseamn\u0103 s\u0103 fii premier\u201d<\/strong><\/a><\/p>\n<p> Editor : <a href=\"https:\/\/www.digi24.ro\/autor\/andreea-ghiorghe\"> A.G. <\/a><\/p>\n<\/div>\n<p>[analyse_source url=&#8221;https:\/\/www.digi24.ro\/stiri\/actualitate\/politica\/siegfried-muresan-ii-raspunde-lui-grindeanu-a-prezentat-o-agenda-populista-de-prioritati-problemele-din-acele-domenii-din-vina-psd-3928883&#8243;]<\/p>\n","protected":false},"excerpt":{"rendered":"<p>[analyse_image type=&#8221;featured&#8221; src=&#8221;https:\/\/s.iw.ro\/gateway\/g\/ZmlsZVNvdXJjZT1odHRwJTNBJTJGJTJG\/c3RvcmFnZTA4dHJhbnNjb2Rlci5yY3Mt\/cmRzLnJvJTJGc3RvcmFnZSUyRjIwMjYl\/MkYwNyUyRjAxJTJGMjgxNTUxN18yODE1\/NTE3X3NpZWdmcmllZC1tdXJlc2FuLWlu\/cXVhbS1nZW9yZ2UtY2FsaW4uanBnJnc9\/MTIwMCZoPTYzMCZ6Yz0xJmhhc2g9NGI3\/ZDU4MGNhNDIyMWIxMmYwYjMwODllNTQwZjEzYzQ=.thumb.jpg&#8221;] Europarlamentarul Siegfried Mure\u0219an, propunerea PNL de premier, a lansat un nou atac la adresa social-democra\u021bilor pentru c\u0103 au venit cu o \u201eagend\u0103 populist\u0103\u201d de 10 priorit\u0103\u021bi pentru Rom\u00e2nia, de\u0219i acoper\u0103 domenii pe care PSD le-a gestionat \u00een ultimii ani. \u201eNu mai credem c\u0103 PSD va face \u00een viitor ce nu a f\u0103cut [&hellip;]<\/p>\n","protected":false},"author":1,"featured_media":0,"comment_status":"open","ping_status":"","sticky":false,"template":"","format":"standard","meta":{"footnotes":""},"categories":[89],"tags":[226,11],"class_list":["post-2120645","post","type-post","status-publish","format-standard","hentry","category-romania","tag-crawlmanager","tag-digi24"],"_links":{"self":[{"href":"https:\/\/analyse.optim.biz\/index.php?rest_route=\/wp\/v2\/posts\/2120645","targetHints":{"allow":["GET"]}}],"collection":[{"href":"https:\/\/analyse.optim.biz\/index.php?rest_route=\/wp\/v2\/posts"}],"about":[{"href":"https:\/\/analyse.optim.biz\/index.php?rest_route=\/wp\/v2\/types\/post"}],"author":[{"embeddable":true,"href":"https:\/\/analyse.optim.biz\/index.php?rest_route=\/wp\/v2\/users\/1"}],"replies":[{"embeddable":true,"href":"https:\/\/analyse.optim.biz\/index.php?rest_route=%2Fwp%2Fv2%2Fcomments&post=2120645"}],"version-history":[{"count":0,"href":"https:\/\/analyse.optim.biz\/index.php?rest_route=\/wp\/v2\/posts\/2120645\/revisions"}],"wp:attachment":[{"href":"https:\/\/analyse.optim.biz\/index.php?rest_route=%2Fwp%2Fv2%2Fmedia&parent=2120645"}],"wp:term":[{"taxonomy":"category","embeddable":true,"href":"https:\/\/analyse.optim.biz\/index.php?rest_route=%2Fwp%2Fv2%2Fcategories&post=2120645"},{"taxonomy":"post_tag","embeddable":true,"href":"https:\/\/analyse.optim.biz\/index.php?rest_route=%2Fwp%2Fv2%2Ftags&post=2120645"}],"curies":[{"name":"wp","href":"https:\/\/api.w.org\/{rel}","templated":true}]}}