{"id":2120631,"date":"2026-08-31T12:19:20","date_gmt":"2026-08-31T09:19:20","guid":{"rendered":"https:\/\/analyse.optim.biz\/?p=2120631"},"modified":"2026-08-31T12:19:20","modified_gmt":"2026-08-31T09:19:20","slug":"cfr-redeschide-circulatia-pe-tronsonul-lugoj-timisoara-est-51-km-de-cale-modernizata-intra-in-exploatare","status":"publish","type":"post","link":"https:\/\/analyse.optim.biz\/?p=2120631","title":{"rendered":"CFR redeschide circula\u021bia pe tronsonul Lugoj &#8211; Timi\u0219oara Est. 51 km de cale modernizat\u0103 intr\u0103 \u00een exploatare"},"content":{"rendered":"<p>[analyse_image type=&#8221;featured&#8221; src=&#8221;https:\/\/s.iw.ro\/gateway\/g\/ZmlsZVNvdXJjZT1odHRwJTNBJTJGJTJG\/c3RvcmFnZTA4dHJhbnNjb2Rlci5yY3Mt\/cmRzLnJvJTJGc3RvcmFnZSUyRjIwMjYl\/MkYwOCUyRjMxJTJGMjkzMTc5NF8yOTMx\/Nzk0Xzc4Njc1NTUzN18xNjA0NjIzMzM4\/MTE2OTA4Xzg4NTc5OTIxODgyMjc2NDk2\/NTJfbi5qcGcmdz0xMjAwJmg9NjMwJnpj\/PTEmaGFzaD00ZTA3OGE4ZjlkNmU3NGY2ZDM1N2IwYzE0NTllOGE1Yw==.thumb.jpg&#8221;]<\/p>\n<div class=\"entry data-app-meta data-app-meta-article\" data-embed-base-url-canonical=\"https:\/\/www.digi24.ro\/embed\/stiri\/economie\/transporturi\/cfr-redeschide-circulatia-pe-tronsonul-lugoj-timisoara-est-51-km-de-cale-modernizata-intra-in-exploatare-3928853\">\n<p data-index=\"1\"><strong>Circula\u021bia feroviar\u0103 se redeschide luni, 31 august, de la ora 16:50, pe tronsonul Lugoj &#8211; Timi\u0219oara Est, dup\u0103 o suspendare de aproape trei luni pentru lucr\u0103ri de modernizare, potrivit CFR SA. Aproximativ 51 de kilometri de cale ferat\u0103 nou modernizat\u0103 \u0219i electrificat\u0103 vor fi pu\u0219i \u00een exploatare pe Lotul 2 al proiectului Caransebe\u0219 &#8211; Timi\u0219oara &#8211; Arad. Contractul are o valoare de 1,916 miliarde de lei, f\u0103r\u0103 TVA.<\/strong><\/p>\n<p data-index=\"2\">Circula\u021bia trenurilor a fost suspendat\u0103 pe acest tronson \u00een perioada 2 iunie &#8211; 31 august 2026, pentru realizarea unor lucr\u0103ri la infrastructura feroviar\u0103.<\/p>\n<p data-index=\"3\">\u201e\u00cencep\u00e2nd de ast\u0103zi, 31 august 2026, ora 16:50, circula\u021bia feroviar\u0103 se redeschide pe tronsonul Lugoj &#8211; Timi\u0219oara Est, aferent Lotului 2 al proiectului \u00abModernizarea liniei feroviare Caransebe\u0219 &#8211; Timi\u0219oara &#8211; Arad\u00bb. Redeschiderea are loc dup\u0103 perioada de suspendare temporar\u0103 a circula\u021biei instituit\u0103 pentru executarea lucr\u0103rilor de modernizare. \u00cenchiderea tronsonului a fost programat\u0103 \u00een perioada 2 iunie \u2013 31 august 2026, pentru a permite desf\u0103\u0219urarea lucr\u0103rilor la infrastructura feroviar\u0103\u201d, a transmis Compania Na\u021bional\u0103 de C\u0103i Ferate CFR SA.<\/p>\n<p data-index=\"4\">Proiectul urm\u0103re\u0219te modernizarea \u0219i dublarea liniei feroviare, cre\u0219terea vitezei trenurilor \u0219i conectarea infrastructurii din Rom\u00e2nia la re\u021beaua feroviar\u0103 european\u0103.<\/p>\n<h2 id=\"highlight-3928853-1\">Aproximativ 51 km de cale nou\u0103, modernizat\u0103 \u0219i electrificat\u0103<\/h2>\n<p data-index=\"5\">\u00cen aceast\u0103 etap\u0103 sunt pu\u0219i \u00een exploatare aproximativ 51 de kilometri de fir de cale ferat\u0103 nou modernizat \u0219i electrificat. La ace\u0219tia se adaug\u0103 aproximativ trei kilometri de cale pe varianta veche, \u00een zona kilometrului 524+013.<\/p>\n<p data-index=\"6\">Pentru asigurarea continuit\u0103\u021bii circula\u021biei vor fi utiliza\u021bi \u0219i aproximativ trei kilometri aferen\u021bi Lotului 3, \u00eentre capetele X \u0219i Y ale sta\u021biei CFR Timi\u0219oara Est.<\/p>\n<p data-index=\"7\">Tronsonul Lugoj &#8211; Timi\u0219oara Est are o lungime de aproximativ 54 de kilometri \u0219i face parte din Lotul 2 al proiectului amplu de modernizare a liniei Caransebe\u0219 &#8211; Timi\u0219oara &#8211; Arad.<\/p>\n<p data-index=\"8\">\u201ePrin redeschiderea circula\u021biei pe tronsonul Lugoj &#8211; Timi\u0219oara Est, o parte semnificativ\u0103 a infrastructurii modernizate \u00een cadrul Lotului 2 este pus\u0103 \u00een exploatare, \u00een timp ce lucr\u0103rile necesare pentru finalizarea integral\u0103 a proiectului continu\u0103\u201d, a precizat compania.<\/p>\n<h2 id=\"highlight-3928853-2\">Trenurile de c\u0103l\u0103tori vor putea circula cu p\u00e2n\u0103 la 160 km\/h<\/h2>\n<p data-index=\"9\">Contractul de proiectare \u0219i execu\u021bie pentru Lotul 2 a fost semnat pentru modernizarea \u0219i dublarea infrastructurii feroviare de pe tronsonul Lugoj &#8211; Timi\u0219oara Est.<\/p>\n<p data-index=\"10\">Valoarea contractului este de 1,916 miliarde de lei, f\u0103r\u0103 TVA. Dup\u0103 finalizarea lucr\u0103rilor, trenurile de c\u0103l\u0103tori vor putea circula cu viteze de p\u00e2n\u0103 la 160 km\/h, acolo unde condi\u021biile tehnice permit, iar trenurile de marf\u0103 vor putea ajunge la 120 km\/h.<\/p>\n<p data-index=\"11\">Lucr\u0103rile prev\u0103zute \u00een proiect includ modernizarea infrastructurii \u0219i suprastructurii c\u0103ii ferate, electrificarea liniei \u0219i modernizarea instala\u021biilor de alimentare cu energie, semnalizare \u0219i telecomunica\u021bii.<\/p>\n<p data-index=\"12\">De asemenea, proiectul prevede implementarea Sistemului european de management al traficului feroviar ERTMS, modernizarea podurilor \u0219i pode\u021belor, a sta\u021biilor, haltelor \u0219i peroanelor, precum \u0219i refacerea trecerilor la nivel cu calea ferat\u0103 \u0219i a instala\u021biilor de siguran\u021b\u0103.<\/p>\n<p data-index=\"13\">Sunt incluse \u0219i lucr\u0103ri la drumurile tehnologice, pasaje \u0219i instala\u021biile aferente, necesare pentru cre\u0219terea siguran\u021bei \u0219i a capacit\u0103\u021bii de circula\u021bie.<\/p>\n<p data-index=\"14\">\u201eModernizarea Lotului 2 Lugoj &#8211; Timi\u0219oara Est face parte din proiectul amplu de modernizare a liniei feroviare Caransebe\u0219 &#8211; Timi\u0219oara &#8211; Arad, destinat cre\u0219terii vitezei \u0219i capacit\u0103\u021bii de circula\u021bie, \u00eembun\u0103t\u0103\u021birii siguran\u021bei \u0219i asigur\u0103rii interoperabilit\u0103\u021bii cu re\u021beaua feroviar\u0103 european\u0103\u201d, se arat\u0103 \u00een comunicat.<\/p>\n<p data-index=\"15\">CFR SA a precizat c\u0103 lucr\u0103rile necesare pentru finalizarea integral\u0103 a proiectului vor continua, cu respectarea cerin\u021belor tehnice \u0219i de siguran\u021b\u0103 aplicabile infrastructurii feroviare.<\/p>\n<p> Editor : <a href=\"https:\/\/www.digi24.ro\/autor\/andreea-dobra\"> A.D. <\/a><\/p>\n<\/div>\n<p>[analyse_source url=&#8221;https:\/\/www.digi24.ro\/stiri\/economie\/transporturi\/cfr-redeschide-circulatia-pe-tronsonul-lugoj-timisoara-est-51-km-de-cale-modernizata-intra-in-exploatare-3928853&#8243;]<\/p>\n","protected":false},"excerpt":{"rendered":"<p>[analyse_image type=&#8221;featured&#8221; src=&#8221;https:\/\/s.iw.ro\/gateway\/g\/ZmlsZVNvdXJjZT1odHRwJTNBJTJGJTJG\/c3RvcmFnZTA4dHJhbnNjb2Rlci5yY3Mt\/cmRzLnJvJTJGc3RvcmFnZSUyRjIwMjYl\/MkYwOCUyRjMxJTJGMjkzMTc5NF8yOTMx\/Nzk0Xzc4Njc1NTUzN18xNjA0NjIzMzM4\/MTE2OTA4Xzg4NTc5OTIxODgyMjc2NDk2\/NTJfbi5qcGcmdz0xMjAwJmg9NjMwJnpj\/PTEmaGFzaD00ZTA3OGE4ZjlkNmU3NGY2ZDM1N2IwYzE0NTllOGE1Yw==.thumb.jpg&#8221;] Circula\u021bia feroviar\u0103 se redeschide luni, 31 august, de la ora 16:50, pe tronsonul Lugoj &#8211; Timi\u0219oara Est, dup\u0103 o suspendare de aproape trei luni pentru lucr\u0103ri de modernizare, potrivit CFR SA. Aproximativ 51 de kilometri de cale ferat\u0103 nou modernizat\u0103 \u0219i electrificat\u0103 vor fi pu\u0219i \u00een exploatare pe Lotul 2 al proiectului [&hellip;]<\/p>\n","protected":false},"author":1,"featured_media":0,"comment_status":"open","ping_status":"","sticky":false,"template":"","format":"standard","meta":{"footnotes":""},"categories":[89],"tags":[226,11],"class_list":["post-2120631","post","type-post","status-publish","format-standard","hentry","category-romania","tag-crawlmanager","tag-digi24"],"_links":{"self":[{"href":"https:\/\/analyse.optim.biz\/index.php?rest_route=\/wp\/v2\/posts\/2120631","targetHints":{"allow":["GET"]}}],"collection":[{"href":"https:\/\/analyse.optim.biz\/index.php?rest_route=\/wp\/v2\/posts"}],"about":[{"href":"https:\/\/analyse.optim.biz\/index.php?rest_route=\/wp\/v2\/types\/post"}],"author":[{"embeddable":true,"href":"https:\/\/analyse.optim.biz\/index.php?rest_route=\/wp\/v2\/users\/1"}],"replies":[{"embeddable":true,"href":"https:\/\/analyse.optim.biz\/index.php?rest_route=%2Fwp%2Fv2%2Fcomments&post=2120631"}],"version-history":[{"count":0,"href":"https:\/\/analyse.optim.biz\/index.php?rest_route=\/wp\/v2\/posts\/2120631\/revisions"}],"wp:attachment":[{"href":"https:\/\/analyse.optim.biz\/index.php?rest_route=%2Fwp%2Fv2%2Fmedia&parent=2120631"}],"wp:term":[{"taxonomy":"category","embeddable":true,"href":"https:\/\/analyse.optim.biz\/index.php?rest_route=%2Fwp%2Fv2%2Fcategories&post=2120631"},{"taxonomy":"post_tag","embeddable":true,"href":"https:\/\/analyse.optim.biz\/index.php?rest_route=%2Fwp%2Fv2%2Ftags&post=2120631"}],"curies":[{"name":"wp","href":"https:\/\/api.w.org\/{rel}","templated":true}]}}