{"id":2120628,"date":"2026-08-31T12:15:15","date_gmt":"2026-08-31T09:15:15","guid":{"rendered":"https:\/\/analyse.optim.biz\/?p=2120628"},"modified":"2026-08-31T12:15:15","modified_gmt":"2026-08-31T09:15:15","slug":"rusia-retrage-toate-acuzatiile-impotriva-omului-de-afaceri-ilia-traber-legaturile-miliardarului-cu-putin","status":"publish","type":"post","link":"https:\/\/analyse.optim.biz\/?p=2120628","title":{"rendered":"Rusia retrage toate acuza\u0163iile \u00eempotriva omului de afaceri Ilia Traber. Leg\u0103turile miliardarului cu Putin"},"content":{"rendered":"<p>[analyse_image type=&#8221;featured&#8221; src=&#8221;https:\/\/s.iw.ro\/gateway\/g\/ZmlsZVNvdXJjZT1odHRwJTNBJTJGJTJG\/c3RvcmFnZTA4dHJhbnNjb2Rlci5yY3Mt\/cmRzLnJvJTJGc3RvcmFnZSUyRjIwMjYl\/MkYwNSUyRjA3JTJGMjcxNTkxMV8yNzE1\/OTExX1ZsYWRpbWlyLXB1dGluLTIuanBn\/Jnc9MTIwMCZoPTYzMCZ6Yz0xJmhhc2g9\/N2M5ZGY1ODI3NGE1NjZmOTZkNjc2YzE5NmMwODQ4NWM=.thumb.jpg&#8221;]<\/p>\n<div class=\"entry data-app-meta data-app-meta-article\" data-embed-base-url-canonical=\"https:\/\/www.digi24.ro\/embed\/stiri\/externe\/rusia-retrage-toate-acuzatiile-impotriva-omului-de-afaceri-ilia-traber-legaturile-miliardarului-cu-putin-3928849\">\n<p lang=\"ro-RO\" data-index=\"1\"><strong>Anchetatorii ru\u015fi au retras acuza\u0163iile de crim\u0103 \u00eempotriva proeminentului om de afaceri Ilia Traber \u015fi l-au eliberat din arest, a relatat luni presa de stat. Tot presa rus\u0103, \u00eens\u0103 cea independent\u0103, a scris c\u0103 Traber ar fi liderul unei grup\u0103ri mafiote \u0219i ar fi avut leg\u0103turi cu Vladimir Putin.<\/strong><\/p>\n<p lang=\"ro-RO\" data-index=\"2\">Traber, \u00een v\u00e2rst\u0103 de 75 de ani, a fost o figur\u0103 important\u0103 a mediului de afaceri timp de decenii la Sankt Petersburg, unde a de\u0163inut investi\u0163ii extinse \u00een porturi \u015fi logistic\u0103. El <a href=\"https:\/\/www.digi24.ro\/stiri\/externe\/rusia\/fsb-a-arestat-un-miliardar-cap-al-unei-grupari-mafiote-ce-legaturi-avea-traber-cu-putin-presa-3819971\" target=\"_blank\" rel=\"noopener\" data-skip-linkfix=\"1\">a fost re\u0163inut \u00een iunie<\/a> \u00een leg\u0103tur\u0103 cu \u00eempu\u015fcarea mortal\u0103 a omului de afaceri \u015fi politicianului Aleksandr Petrov, \u00een 2020, relateaz\u0103 Reuters, citat\u0103 de Agerpres.<\/p>\n<p lang=\"ro-RO\" data-index=\"3\">Agen\u0163iile oficiale de pres\u0103 TASS \u015fi RIA au raportat luni c\u0103 toate acuza\u0163iile \u00eempotriva lui Traber au fost retrase, iar ancheta privind cazul s\u0103u a fost \u00eenchis\u0103. El fusese deja eliberat din arestul preventiv din motive de s\u0103n\u0103tate, a precizat TASS.<\/p>\n<p lang=\"ro-RO\" data-index=\"4\">Nu exist\u0103 \u00eenc\u0103 nicio confirmare oficial\u0103 a informa\u0163iilor, precizeaz\u0103 Reuters.<\/p>\n<p lang=\"ro-RO\" data-index=\"5\">Traber a devenit cunoscut pentru prima dat\u0103 \u00een anii 1990, dup\u0103 pr\u0103bu\u015firea Uniunii Sovietice, c\u00e2nd a dob\u00e2ndit controlul asupra portului maritim \u015fi a terminalului petrolier din Sankt Petersburg, \u00eentr-o perioad\u0103 \u00een care pre\u015fedintele Vladimir Putin era viceprimar \u00een administra\u0163ia ora\u015fului.<\/p>\n<p lang=\"ro-RO\" data-index=\"6\">Kremlinul a negat orice prietenie sau leg\u0103turi de afaceri \u00eentre Traber \u015fi Putin, de\u0219i pre\u0219edintele rus a recunoscut astfel de leg\u0103turi \u00een 2015.<\/p>\n<p lang=\"ro-RO\" data-index=\"7\">Conform mai multor investiga\u021bii, Putin \u015fi Traber au lucrat \u00eempreun\u0103 \u00een anii &#8217;90 \u00een Sankt Petersburg, c\u00e2nd Traber a ac\u0163ionat ca intermediar \u00eentre prim\u0103ria ora\u015fului \u015fi gruparea mafiot\u0103 Tambov, care controla portul din ora\u015ful natal al actualului pre\u015fedinte rus. \u00cen acei ani, Putin a condus Comitetul pentru rela\u0163ii externe al ora\u015fului, cu competen\u0163e asupra rela\u0163iilor comerciale, reglement\u00e2nd \u015fi semn\u00e2nd contracte de export-import, av\u00e2nd str\u00e2nse leg\u0103turi cu portul Sankt Petersburg.<\/p>\n<p lang=\"ro-RO\" data-index=\"8\">Potrivit Fontanka, Traber r\u0103m\u00e2ne o figur\u0103-cheie \u00een afacerile din Sankt Petersburg, \u00een pofida vizibilit\u0103\u0163ii sale publice reduse.<\/p>\n<p lang=\"ro-RO\" data-index=\"9\">\u201eAst\u0103zi, afacerea sa poate fi caracterizat\u0103 ca un grup major de infrastructur\u0103 \u015fi portuar, al c\u0103rui nucleu const\u0103 \u00een terminale maritime, logistic\u0103, active latifundiare \u00een zona M\u0103rii Baltice, companii de servicii portuare \u015fi proiecte conexe \u00een sectoarele petrolului, gazelor \u015fi transporturilor\u201d, scrie portalul cu sediul \u00een Sankt Petersburg.<\/p>\n<p lang=\"ro-RO\" data-index=\"10\">Traber este c\u0103utat \u015fi de justi\u0163ia spaniol\u0103.<\/p>\n<p lang=\"ro-RO\" data-index=\"11\">Parchetul anticorup\u0163ie din Spania l-a acuzat anul trecut pe Traber c\u0103 ar fi unul dintre capii grup\u0103rii mafiote Tambov \u015fi a solicitat o pedeaps\u0103 de cinci ani de \u00eenchisoare pentru apartenen\u0163\u0103 la o asocia\u0163ie criminal\u0103 care a activat \u00een Spania \u00eencep\u00e2nd din 1996, precum \u015fi o amend\u0103 de 4.690.000 de euro \u015fi confiscarea unor bunuri \u00een valoare de 2.345.049 de euro.<\/p>\n<p lang=\"ro-RO\" data-index=\"12\">Parchetul spaniol a legat de aceast\u0103 grupare delicte precum asasinate, trafic de arme, \u015fantaj, \u00een\u015fel\u0103ciune, falsificare de documente, contraband\u0103, trafic de droguri \u015fi infrac\u0163iuni \u00eempotriva finan\u0163elor publice, printre altele.<\/p>\n<p> Editor : <a href=\"https:\/\/www.digi24.ro\/autor\/monica-bonea\"> M.B. <\/a><\/p>\n<\/div>\n<p>[analyse_source url=&#8221;https:\/\/www.digi24.ro\/stiri\/externe\/rusia-retrage-toate-acuzatiile-impotriva-omului-de-afaceri-ilia-traber-legaturile-miliardarului-cu-putin-3928849&#8243;]<\/p>\n","protected":false},"excerpt":{"rendered":"<p>[analyse_image type=&#8221;featured&#8221; src=&#8221;https:\/\/s.iw.ro\/gateway\/g\/ZmlsZVNvdXJjZT1odHRwJTNBJTJGJTJG\/c3RvcmFnZTA4dHJhbnNjb2Rlci5yY3Mt\/cmRzLnJvJTJGc3RvcmFnZSUyRjIwMjYl\/MkYwNSUyRjA3JTJGMjcxNTkxMV8yNzE1\/OTExX1ZsYWRpbWlyLXB1dGluLTIuanBn\/Jnc9MTIwMCZoPTYzMCZ6Yz0xJmhhc2g9\/N2M5ZGY1ODI3NGE1NjZmOTZkNjc2YzE5NmMwODQ4NWM=.thumb.jpg&#8221;] Anchetatorii ru\u015fi au retras acuza\u0163iile de crim\u0103 \u00eempotriva proeminentului om de afaceri Ilia Traber \u015fi l-au eliberat din arest, a relatat luni presa de stat. Tot presa rus\u0103, \u00eens\u0103 cea independent\u0103, a scris c\u0103 Traber ar fi liderul unei grup\u0103ri mafiote \u0219i ar fi avut leg\u0103turi cu Vladimir Putin. Traber, \u00een v\u00e2rst\u0103 [&hellip;]<\/p>\n","protected":false},"author":1,"featured_media":0,"comment_status":"open","ping_status":"","sticky":false,"template":"","format":"standard","meta":{"footnotes":""},"categories":[89],"tags":[226,11],"class_list":["post-2120628","post","type-post","status-publish","format-standard","hentry","category-romania","tag-crawlmanager","tag-digi24"],"_links":{"self":[{"href":"https:\/\/analyse.optim.biz\/index.php?rest_route=\/wp\/v2\/posts\/2120628","targetHints":{"allow":["GET"]}}],"collection":[{"href":"https:\/\/analyse.optim.biz\/index.php?rest_route=\/wp\/v2\/posts"}],"about":[{"href":"https:\/\/analyse.optim.biz\/index.php?rest_route=\/wp\/v2\/types\/post"}],"author":[{"embeddable":true,"href":"https:\/\/analyse.optim.biz\/index.php?rest_route=\/wp\/v2\/users\/1"}],"replies":[{"embeddable":true,"href":"https:\/\/analyse.optim.biz\/index.php?rest_route=%2Fwp%2Fv2%2Fcomments&post=2120628"}],"version-history":[{"count":0,"href":"https:\/\/analyse.optim.biz\/index.php?rest_route=\/wp\/v2\/posts\/2120628\/revisions"}],"wp:attachment":[{"href":"https:\/\/analyse.optim.biz\/index.php?rest_route=%2Fwp%2Fv2%2Fmedia&parent=2120628"}],"wp:term":[{"taxonomy":"category","embeddable":true,"href":"https:\/\/analyse.optim.biz\/index.php?rest_route=%2Fwp%2Fv2%2Fcategories&post=2120628"},{"taxonomy":"post_tag","embeddable":true,"href":"https:\/\/analyse.optim.biz\/index.php?rest_route=%2Fwp%2Fv2%2Ftags&post=2120628"}],"curies":[{"name":"wp","href":"https:\/\/api.w.org\/{rel}","templated":true}]}}