{"id":2120624,"date":"2026-08-31T12:13:01","date_gmt":"2026-08-31T09:13:01","guid":{"rendered":"https:\/\/analyse.optim.biz\/?p=2120624"},"modified":"2026-08-31T12:13:01","modified_gmt":"2026-08-31T09:13:01","slug":"grindeanu-prima-reactie-in-scandalul-pahontu-dupa-20-de-ani-in-functie-si-la-36-de-ani-de-la-revolutie","status":"publish","type":"post","link":"https:\/\/analyse.optim.biz\/?p=2120624","title":{"rendered":"Grindeanu, prima reac\u021bie \u00een scandalul Pahon\u021bu: \u201eDup\u0103 20 de ani \u00een func\u021bie \u0219i la 36 de ani de la Revolu\u021bie&#8230;"},"content":{"rendered":"<p>[analyse_image type=&#8221;featured&#8221; src=&#8221;https:\/\/s.iw.ro\/gateway\/g\/ZmlsZVNvdXJjZT1odHRwJTNBJTJGJTJG\/c3RvcmFnZTA4dHJhbnNjb2Rlci5yY3Mt\/cmRzLnJvJTJGc3RvcmFnZSUyRjIwMjYl\/MkYwNyUyRjIyJTJGMjg2Mzg0M18yODYz\/ODQzX01DWm9ZWE5vUFRreU5EY3dOV1Js\/WkRsa1pXUm1ZamMxWkRFNU5qazJNRFZt\/TnpNd1lUSTBfdGh1bWJfLmpwZyZ3PTEy\/MDAmaD02MzAmemM9MSZoYXNoPTJmZjll\/YzI5ZTI5MDM5MzI1YTlkNzAzNWFjY2MzZmVh.thumb.jpg&#8221;]<\/p>\n<div class=\"entry data-app-meta data-app-meta-article\" data-embed-base-url-canonical=\"https:\/\/www.digi24.ro\/embed\/stiri\/actualitate\/politica\/grindeanu-prima-reactie-in-scandalul-pahontu-dupa-20-de-ani-in-functie-si-la-36-de-ani-de-la-revolutie-avem-astfel-de-revelatii-3928835\">\n<p data-index=\"1\"><strong>Sorin Grindeanu a avut o prim\u0103 reac\u021bie cu privire la \u0219eful SPP dup\u0103 anchetele Recorder \u0219i Snoop, preciz\u00e2nd c\u0103 Lucian Pahon\u021bu \u201etrebuie s\u0103 \u00ee\u0219i clarifice\u201d acuza\u021biile. Liderul PSD a transmis, \u00eens\u0103, c\u0103 nu va achiesa \u201ela corul de aplaudaci la comand\u0103\u201d \u0219i c\u0103 Serviciul de Protec\u021bie \u0219i Paz\u0103 este \u201eun serviciu extrem de profesionist\u201d.\u00a0<\/strong><\/p>\n<p data-index=\"2\">\u201eS\u0103 \u0219ti\u021bi c\u0103 bunicul meu a fost \u00eenchis \u0219i torturat \u00een perioada comunist\u0103. Prin urmare, nu ve\u021bi auzi de la mine niciun fel de cau\u021bionare a unui sistem represiv comunist.<\/p>\n<p data-index=\"3\">Cred c\u0103 dl. Pahon\u021bu trebuie s\u0103 \u00ee\u0219i clarifice acele aspecte care sunt semnalate \u00een ancheta jurnalistic\u0103. Ce pot s\u0103 v\u0103 spun din experien\u021ba mea personal\u0103 este c\u0103 Serviciul de Protec\u021bie \u0219i Paz\u0103 este un serviciu extrem de profesionist \u0219i apreciat inclusiv de partenerii externi\u201d, a declarat Sorin Grindeanu, luni, la Sinaia.\u00a0<\/p>\n<p data-index=\"4\">Liderul PSD a mai spus c\u0103 ar trebui \u00eentreba\u021bi pe acest subiect fo\u0219tii pre\u0219edin\u021bi ai \u021b\u0103rii, dar \u0219i actualul \u0219ef al statului \u0219i i-a criticat pe cei care \u201em\u00e2ncau sarmale la Cotroceni \u0219i acum \u00eenjur\u0103\u201d.<\/p>\n<p data-index=\"5\">\u201eS\u0103 \u00eei \u00eentreba\u021bi pe fo\u0219tii pre\u0219edin\u021bi Iohannis, B\u0103sescu, Nicu\u0219or Dan \u0219i chiar pe Bolojan, care a fost pre\u0219edinte interimar, despre acest lucru.<\/p>\n<p data-index=\"6\">Personal, nu voi achiesa la corul de aplaudaci la comand\u0103. Dup\u0103 20 de ani \u00een func\u021bie \u0219i la 36 de ani de la Revolu\u021bie, avem astfel de revela\u021bii? Dar c\u00e2nd am avut un procuror general precum Augustin Laz\u0103r, fost procuror comunist, s-a sesizat cineva? Sau Monica Macovei, fost procuror comunist? Am avut atunci astfel de revela\u021bii?<\/p>\n<p data-index=\"7\">Sau atunci c\u00e2nd, de dou\u0103 ori, rom\u00e2nii au ales un fost turn\u0103tor la Securitate, am avut aceste revela\u021bii? S\u0103 \u0219ti\u021bi c\u0103 aceast\u0103 ipocrizie nu o gust deloc \u0219i nu m\u0103 voi \u00eencolona \u00een spatele celor care m\u00e2ncau sarmale la Cotroceni \u0219i acum \u00eenjur\u0103\u201d, a mai spus Grindeanu.\u00a0<\/p>\n<p data-index=\"8\"><strong>Cite\u0219te \u0219i:<\/strong><\/p>\n<p data-index=\"9\"><a href=\"https:\/\/www.digi24.ro\/stiri\/actualitate\/politica\/grindeanu-anunta-ca-psd-isi-asuma-guvernarea-si-aminteste-de-perioada-2017-eu-stiu-ce-inseamna-sa-fii-premier-3928761\" data-skip-linkfix=\"1\"><strong>VIDEO Grindeanu anun\u021b\u0103 c\u0103 PSD \u00ee\u0219i asum\u0103 guvernarea \u0219i aminte\u0219te de perioada 2017: \u201eEu \u0219tiu ce \u00eenseamn\u0103 s\u0103 fii premier\u201d<\/strong><\/a><\/p>\n<p> Editor : <a href=\"https:\/\/www.digi24.ro\/autor\/andreea-ghiorghe\"> A.G. <\/a><\/p>\n<\/div>\n<p>[analyse_source url=&#8221;https:\/\/www.digi24.ro\/stiri\/actualitate\/politica\/grindeanu-prima-reactie-in-scandalul-pahontu-dupa-20-de-ani-in-functie-si-la-36-de-ani-de-la-revolutie-avem-astfel-de-revelatii-3928835&#8243;]<\/p>\n","protected":false},"excerpt":{"rendered":"<p>[analyse_image type=&#8221;featured&#8221; src=&#8221;https:\/\/s.iw.ro\/gateway\/g\/ZmlsZVNvdXJjZT1odHRwJTNBJTJGJTJG\/c3RvcmFnZTA4dHJhbnNjb2Rlci5yY3Mt\/cmRzLnJvJTJGc3RvcmFnZSUyRjIwMjYl\/MkYwNyUyRjIyJTJGMjg2Mzg0M18yODYz\/ODQzX01DWm9ZWE5vUFRreU5EY3dOV1Js\/WkRsa1pXUm1ZamMxWkRFNU5qazJNRFZt\/TnpNd1lUSTBfdGh1bWJfLmpwZyZ3PTEy\/MDAmaD02MzAmemM9MSZoYXNoPTJmZjll\/YzI5ZTI5MDM5MzI1YTlkNzAzNWFjY2MzZmVh.thumb.jpg&#8221;] Sorin Grindeanu a avut o prim\u0103 reac\u021bie cu privire la \u0219eful SPP dup\u0103 anchetele Recorder \u0219i Snoop, preciz\u00e2nd c\u0103 Lucian Pahon\u021bu \u201etrebuie s\u0103 \u00ee\u0219i clarifice\u201d acuza\u021biile. Liderul PSD a transmis, \u00eens\u0103, c\u0103 nu va achiesa \u201ela corul de aplaudaci la comand\u0103\u201d \u0219i c\u0103 Serviciul de Protec\u021bie \u0219i Paz\u0103 este \u201eun serviciu extrem [&hellip;]<\/p>\n","protected":false},"author":1,"featured_media":0,"comment_status":"open","ping_status":"","sticky":false,"template":"","format":"standard","meta":{"footnotes":""},"categories":[89],"tags":[226,11],"class_list":["post-2120624","post","type-post","status-publish","format-standard","hentry","category-romania","tag-crawlmanager","tag-digi24"],"_links":{"self":[{"href":"https:\/\/analyse.optim.biz\/index.php?rest_route=\/wp\/v2\/posts\/2120624","targetHints":{"allow":["GET"]}}],"collection":[{"href":"https:\/\/analyse.optim.biz\/index.php?rest_route=\/wp\/v2\/posts"}],"about":[{"href":"https:\/\/analyse.optim.biz\/index.php?rest_route=\/wp\/v2\/types\/post"}],"author":[{"embeddable":true,"href":"https:\/\/analyse.optim.biz\/index.php?rest_route=\/wp\/v2\/users\/1"}],"replies":[{"embeddable":true,"href":"https:\/\/analyse.optim.biz\/index.php?rest_route=%2Fwp%2Fv2%2Fcomments&post=2120624"}],"version-history":[{"count":0,"href":"https:\/\/analyse.optim.biz\/index.php?rest_route=\/wp\/v2\/posts\/2120624\/revisions"}],"wp:attachment":[{"href":"https:\/\/analyse.optim.biz\/index.php?rest_route=%2Fwp%2Fv2%2Fmedia&parent=2120624"}],"wp:term":[{"taxonomy":"category","embeddable":true,"href":"https:\/\/analyse.optim.biz\/index.php?rest_route=%2Fwp%2Fv2%2Fcategories&post=2120624"},{"taxonomy":"post_tag","embeddable":true,"href":"https:\/\/analyse.optim.biz\/index.php?rest_route=%2Fwp%2Fv2%2Ftags&post=2120624"}],"curies":[{"name":"wp","href":"https:\/\/api.w.org\/{rel}","templated":true}]}}