{"id":2120623,"date":"2026-08-31T12:03:34","date_gmt":"2026-08-31T09:03:34","guid":{"rendered":"https:\/\/analyse.optim.biz\/?p=2120623"},"modified":"2026-08-31T12:03:34","modified_gmt":"2026-08-31T09:03:34","slug":"usr-cere-modificarea-legii-ani-reforme-in-administratie-servicii-secrete-si-sistemul-electoral-nu-vom","status":"publish","type":"post","link":"https:\/\/analyse.optim.biz\/?p=2120623","title":{"rendered":"USR cere modificarea Legii ANI, reforme \u00een administra\u021bie, servicii secrete \u0219i sistemul electoral. \u201eNu vom&#8230;"},"content":{"rendered":"<p>[analyse_image type=&#8221;featured&#8221; src=&#8221;https:\/\/s.iw.ro\/gateway\/g\/ZmlsZVNvdXJjZT1odHRwJTNBJTJGJTJG\/c3RvcmFnZTA4dHJhbnNjb2Rlci5yY3Mt\/cmRzLnJvJTJGc3RvcmFnZSUyRjIwMjYl\/MkYwMiUyRjIzJTJGMjYwMzgxM18yNjAz\/ODEzX01DWm9QVFEwTUNab1lYTm9QV0Zt\/TkRBNE9USm1OamRsT1RRNU5qbG1aamM1\/TVRKaU5EWmhZV0l4TXpobF90aHVtYl8u\/anBnJnc9MTIwMCZoPTYzMCZ6Yz0xJmhh\/c2g9MGExZDRhYTJiODYzNTU1NWMxOTE3N2ZlNjNkZWEyNjg=.thumb.jpg&#8221;]<\/p>\n<div class=\"entry data-app-meta data-app-meta-article\" data-embed-base-url-canonical=\"https:\/\/www.digi24.ro\/embed\/stiri\/actualitate\/politica\/usr-cere-modificarea-legii-ani-reforme-in-administratie-servicii-secrete-si-sistemul-electoral-nu-vom-vota-un-guvern-psd-3928837\">\n<p data-index=\"1\"><strong>USR \u0219i-a stabilit priorit\u0103\u021bile legislative pentru noua sesiune parlamentar\u0103, \u00eentre acestea fiind reforma administrativ-teritorial\u0103, schimbarea modului de control asupra serviciilor secrete, eliminarea supraimpozit\u0103rii contractelor cu norm\u0103 par\u021bial\u0103 \u0219i modificarea legisla\u021biei electorale. USR insist\u0103, de asemenea, pentru modificarea Legii ANI, astfel \u00eenc\u00e2t aceasta s\u0103 fie pus\u0103 \u00een acord cu legisla\u021bia european\u0103 care nu permite sanc\u021biuni retroactive. Anun\u021bul vine \u00een contextul negocierilor pentru formarea noului Guvern, dup\u0103 ce PSD a transmis c\u0103 \u00ee\u0219i asum\u0103 guvernarea \u0219i a prezentat 10 priorit\u0103\u021bi na\u021bionale pe care le consider\u0103 condi\u021bii pentru intrarea la guvernare.<\/strong><\/p>\n<p data-index=\"2\">Printre priorit\u0103\u021bile USR se afl\u0103 reforma administrativ-teritorial\u0103, inclusiv comasarea localit\u0103\u021bilor prea mici pentru a se sus\u021bine \u0219i a jude\u021belor, precum \u0219i digitalizarea serviciilor publice, arat\u0103 comunicatul de pres\u0103 al partidului.<\/p>\n<p data-index=\"3\">Forma\u021biunea vrea \u0219i o reform\u0103 a serviciilor secrete. USR sus\u021bine c\u0103 rapoartele de activitate ale acestora trebuie discutate \u00een Parlament, pentru un \u201econtrol civil real, nu doar de form\u0103\u201d.<\/p>\n<p data-index=\"4\">De asemenea, USR propune limitarea la maximum dou\u0103 mandate, de c\u00e2te patru ani, pentru \u0219efii serviciilor secrete \u0219i interzicerea activit\u0103\u021bii \u00een consultan\u021b\u0103 pentru angaja\u021bii acestor structuri dup\u0103 \u00eencetarea activit\u0103\u021bii.<\/p>\n<p data-index=\"5\"><strong>Cite\u0219te \u0219i: <a href=\"https:\/\/www.digi24.ro\/stiri\/actualitate\/politica\/grindeanu-anunta-ca-psd-isi-asuma-guvernarea-si-aminteste-de-perioada-2017-eu-stiu-ce-inseamna-sa-fii-premier-3928761\" data-skip-linkfix=\"1\">Grindeanu anun\u021b\u0103 c\u0103 PSD \u00ee\u0219i asum\u0103 guvernarea \u0219i aminte\u0219te de perioada 2017: \u201eEu \u0219tiu ce \u00eenseamn\u0103 s\u0103 fii premier\u201d<\/a><\/strong><\/p>\n<h2 id=\"highlight-3928837-1\">Eliminarea supraimpozit\u0103rii contractelor part-time<\/h2>\n<p data-index=\"6\">O alt\u0103 prioritate anun\u021bat\u0103 de USR este eliminarea supraimpozit\u0103rii contractelor de munc\u0103 cu norm\u0103 par\u021bial\u0103.<\/p>\n<p data-index=\"7\">\u201eSupraimpozitarea contractelor de munc\u0103 ale oamenilor cu cele mai mici venituri trebuie \u00eencetat\u0103 imediat\u201d, sus\u021bine partidul.<\/p>\n<p data-index=\"8\">USR mai propune m\u0103suri pentru protec\u021bia minorilor \u00een mediul online, cu obiectivul de a reduce timpul petrecut de copii \u00een fa\u021ba ecranelor \u0219i de a-i proteja mai bine de \u201epr\u0103d\u0103torii online\u201d.<\/p>\n<p data-index=\"9\">\u00cen privin\u021ba reformei electorale, USR cere alegerea primarilor \u0219i a pre\u0219edin\u021bilor de consilii jude\u021bene \u00een dou\u0103 tururi, precum \u0219i reducerea num\u0103rului de parlamentari.<\/p>\n<p data-index=\"10\"><strong>Cite\u0219te \u0219i: <a href=\"https:\/\/www.digi24.ro\/stiri\/actualitate\/politica\/document-acordul-celor-10-prioritati-nationale-de-care-psd-conditioneaza-guvernarea-3928733\" data-skip-linkfix=\"1\">DOCUMENT Acordul celor 10 priorit\u0103\u021bi na\u021bionale de care PSD condi\u021bioneaz\u0103 guvernarea<\/a><\/strong><\/p>\n<h2 id=\"highlight-3928837-2\">USR nu vrea un Guvern PSD<\/h2>\n<p data-index=\"11\">USR anun\u021b\u0103 c\u0103 va insista \u0219i pentru modificarea Legii ANI, invoc\u00e2nd legisla\u021bia european\u0103 care, potrivit partidului, nu permite sanc\u021biuni retroactive.<\/p>\n<p data-index=\"12\">\u201eNe dorim ca 770 de milioane de euro s\u0103 nu fie pierdu\u021bi pentru o r\u0103zbunare politic\u0103 a PSD ce \u00eencalc\u0103 limitele statului de drept \u0219i libertatea timi\u0219orenilor de a alege\u201d, transmite USR.<\/p>\n<p data-index=\"13\">Pozi\u021bia forma\u021biunii vine \u00een contextul \u00een care PSD a anun\u021bat c\u0103 \u00ee\u0219i asum\u0103 guvernarea \u0219i a stabilit 10 priorit\u0103\u021bi na\u021bionale pe care le leag\u0103 de participarea la viitorul Executiv. Social-democra\u021bii au cerut, \u00eentre altele, m\u0103suri privind reducerea cheltuielilor statului \u0219i relansarea economiei.<\/p>\n<p data-index=\"14\">USR respinge \u00eens\u0103 varianta unui Executiv condus sau controlat de PSD.<\/p>\n<p data-index=\"15\">\u201e\u0218i, nu, tot nu vom vota un guvern PSD sau care s\u0103 con\u021bin\u0103 suroga\u021bi PSD\u201d, a transmis forma\u021biunea.<\/p>\n<p data-index=\"16\"><strong>Cite\u0219te \u0219i: <a href=\"https:\/\/www.digi24.ro\/stiri\/actualitate\/politica\/ani-a-anuntat-cate-persoane-isi-vor-pierde-mandatul-sau-functia-dupa-intrarea-in-vigoare-a-legii-integritatii-cu-amendamentul-fritz-3928789\" data-skip-linkfix=\"1\">ANI a anun\u021bat c\u00e2te persoane \u00ee\u0219i vor pierde mandatul sau func\u021bia dup\u0103 intrarea \u00een vigoare a legii integrit\u0103\u021bii, cu \u201eamendamentul Fritz\u201d<\/a><\/strong><\/p>\n<p> Editor : <a href=\"https:\/\/www.digi24.ro\/autor\/ana-petrescu\"> Ana Petrescu <\/a><\/p>\n<\/div>\n<p>[analyse_source url=&#8221;https:\/\/www.digi24.ro\/stiri\/actualitate\/politica\/usr-cere-modificarea-legii-ani-reforme-in-administratie-servicii-secrete-si-sistemul-electoral-nu-vom-vota-un-guvern-psd-3928837&#8243;]<\/p>\n","protected":false},"excerpt":{"rendered":"<p>[analyse_image type=&#8221;featured&#8221; src=&#8221;https:\/\/s.iw.ro\/gateway\/g\/ZmlsZVNvdXJjZT1odHRwJTNBJTJGJTJG\/c3RvcmFnZTA4dHJhbnNjb2Rlci5yY3Mt\/cmRzLnJvJTJGc3RvcmFnZSUyRjIwMjYl\/MkYwMiUyRjIzJTJGMjYwMzgxM18yNjAz\/ODEzX01DWm9QVFEwTUNab1lYTm9QV0Zt\/TkRBNE9USm1OamRsT1RRNU5qbG1aamM1\/TVRKaU5EWmhZV0l4TXpobF90aHVtYl8u\/anBnJnc9MTIwMCZoPTYzMCZ6Yz0xJmhh\/c2g9MGExZDRhYTJiODYzNTU1NWMxOTE3N2ZlNjNkZWEyNjg=.thumb.jpg&#8221;] USR \u0219i-a stabilit priorit\u0103\u021bile legislative pentru noua sesiune parlamentar\u0103, \u00eentre acestea fiind reforma administrativ-teritorial\u0103, schimbarea modului de control asupra serviciilor secrete, eliminarea supraimpozit\u0103rii contractelor cu norm\u0103 par\u021bial\u0103 \u0219i modificarea legisla\u021biei electorale. USR insist\u0103, de asemenea, pentru modificarea Legii ANI, astfel \u00eenc\u00e2t aceasta s\u0103 fie pus\u0103 \u00een acord cu legisla\u021bia european\u0103 care nu [&hellip;]<\/p>\n","protected":false},"author":1,"featured_media":0,"comment_status":"open","ping_status":"","sticky":false,"template":"","format":"standard","meta":{"footnotes":""},"categories":[89],"tags":[226,11],"class_list":["post-2120623","post","type-post","status-publish","format-standard","hentry","category-romania","tag-crawlmanager","tag-digi24"],"_links":{"self":[{"href":"https:\/\/analyse.optim.biz\/index.php?rest_route=\/wp\/v2\/posts\/2120623","targetHints":{"allow":["GET"]}}],"collection":[{"href":"https:\/\/analyse.optim.biz\/index.php?rest_route=\/wp\/v2\/posts"}],"about":[{"href":"https:\/\/analyse.optim.biz\/index.php?rest_route=\/wp\/v2\/types\/post"}],"author":[{"embeddable":true,"href":"https:\/\/analyse.optim.biz\/index.php?rest_route=\/wp\/v2\/users\/1"}],"replies":[{"embeddable":true,"href":"https:\/\/analyse.optim.biz\/index.php?rest_route=%2Fwp%2Fv2%2Fcomments&post=2120623"}],"version-history":[{"count":0,"href":"https:\/\/analyse.optim.biz\/index.php?rest_route=\/wp\/v2\/posts\/2120623\/revisions"}],"wp:attachment":[{"href":"https:\/\/analyse.optim.biz\/index.php?rest_route=%2Fwp%2Fv2%2Fmedia&parent=2120623"}],"wp:term":[{"taxonomy":"category","embeddable":true,"href":"https:\/\/analyse.optim.biz\/index.php?rest_route=%2Fwp%2Fv2%2Fcategories&post=2120623"},{"taxonomy":"post_tag","embeddable":true,"href":"https:\/\/analyse.optim.biz\/index.php?rest_route=%2Fwp%2Fv2%2Ftags&post=2120623"}],"curies":[{"name":"wp","href":"https:\/\/api.w.org\/{rel}","templated":true}]}}