{"id":2120619,"date":"2026-08-31T11:38:55","date_gmt":"2026-08-31T08:38:55","guid":{"rendered":"https:\/\/analyse.optim.biz\/?p=2120619"},"modified":"2026-08-31T11:38:55","modified_gmt":"2026-08-31T08:38:55","slug":"grindeanu-anunta-ca-psd-isi-asuma-guvernarea-si-aminteste-de-perioada-2017-eu-stiu-ce-inseamna-sa-fii","status":"publish","type":"post","link":"https:\/\/analyse.optim.biz\/?p=2120619","title":{"rendered":"Grindeanu anun\u021b\u0103 c\u0103 PSD \u00ee\u0219i asum\u0103 guvernarea \u0219i aminte\u0219te de perioada 2017: \u201eEu \u0219tiu ce \u00eenseamn\u0103 s\u0103 fii&#8230;"},"content":{"rendered":"<p>[analyse_image type=&#8221;featured&#8221; src=&#8221;https:\/\/s.iw.ro\/gateway\/g\/ZmlsZVNvdXJjZT1odHRwJTNBJTJGJTJG\/c3RvcmFnZTA4dHJhbnNjb2Rlci5yY3Mt\/cmRzLnJvJTJGc3RvcmFnZSUyRjIwMjYl\/MkYwNCUyRjIwJTJGMjY5MTExMV8yNjkx\/MTExX3NvcmluLWdyaW5kZWFudS1QU0Qu\/anBnJnc9MTIwMCZoPTYzMCZ6Yz0xJmhh\/c2g9YzMyZmU2YWY2ZWJmYmUyNTM5NjJlZTMzODUyM2Y4ODc=.thumb.jpg&#8221;]<\/p>\n<div class=\"entry data-app-meta data-app-meta-article\" data-embed-base-url-canonical=\"https:\/\/www.digi24.ro\/embed\/stiri\/actualitate\/politica\/grindeanu-anunta-ca-psd-isi-asuma-guvernarea-si-aminteste-de-perioada-2017-eu-stiu-ce-inseamna-sa-fii-premier-3928761\">\n<p data-index=\"1\"><strong>Sorin Grindeanu a anun\u021bat c\u0103 \u00ee\u0219i va asuma guvernarea, inclusiv postul de premier, iar reprezentan\u021bii partidului vor merge la negocierile de la Cotroceni cu dou\u0103 scenarii: un Guvern minoritar format exclusiv din PSD sau un Executiv construit \u00een jurul partidului. Grindeanu a amintit de perioada c\u00e2nd a condus Palatul Victoria, preciz\u00e2nd c\u0103 2017 a fost un an cu cre\u0219tere economic\u0103 \u0219i \u201eun deficit de sub 3%\u201d.<\/strong><\/p>\n<p data-index=\"2\">\u201eAzi am stabilit cadrul politic \u00een care PSD va sus\u021bine viitorul guvern, iar variantele sunt fie guvern minoritar PSD, fie un guvern \u00een jurul PSD. Spre deosebire de al\u021bii, care confund\u0103 guvernul cu o prim\u0103rie, eu \u0219tiu ce \u00eenseamn\u0103 s\u0103 fii premier.<\/p>\n<p data-index=\"3\">Rom\u00e2nia a avut \u00een 2017 o cre\u0219tere economic\u0103 de 7% \u0219i un deficit de sub 3%\u201d, a declarat Sorin Grindeanu la finalul \u0219edin\u021bei de partid de la Sinaia.<\/p>\n<p data-index=\"4\">Liderul PSD a subliniat c\u0103 \u00ee\u0219i asum\u0103 func\u021bia de premier, dac\u0103 \u0219eful statului \u00eel va desemna. \u00centrebat pe ce majoritate se bazeaz\u0103 \u00een acest moment, Sorin Grindeanu a transmis c\u0103 nu are voturile necesare \u00een acest moment, dar mizeaz\u0103 inclusiv pe partidele de dreapta.\u00a0<\/p>\n<p data-index=\"5\">\u201eNu sunt \u00een situa\u021bia de a prezenta pre\u0219edintelui 233 de voturi. PSD poate s\u0103 r\u0103spund\u0103 \u00een mod direct de cele 127 de voturi pe care le avem.<\/p>\n<p data-index=\"6\">UDMR a votat acea sus\u021binere pentru Siegfried Mure\u0219an, c\u00e2nd au ie\u0219it PNL, USR \u0219i UDMR. C\u00e2nd va fi desemnat un premier de la PSD sau altcineva, UDMR va fi \u00een situa\u021bia \u00een care s\u0103 \u00ee\u0219i spun\u0103 punctul de vedere dac\u0103 sus\u021bin sau nu. (&#8230;) Mizez inclusiv pe partidele de dreapta. \u00cen ceea ce prive\u0219te AUR, pozi\u021bia noastr\u0103 nu s-a schimbat. Respect aleg\u0103torii acestui partid, dar nu exist\u0103 perspectiva de alian\u021b\u0103 de guvernare\u201d, a explicat Grindeanu.<\/p>\n<p data-index=\"7\">Acesta a mai transmis c\u0103 \u00ee\u0219i dore\u0219te un Guvern cu puteri depline p\u00e2n\u0103 la jum\u0103tatea lunii septembrie.<\/p>\n<p data-index=\"8\"><strong>Cite\u0219te \u0219i:<\/strong><\/p>\n<p data-index=\"9\"><a href=\"https:\/\/www.digi24.ro\/stiri\/actualitate\/politica\/document-acordul-celor-10-prioritati-nationale-de-care-psd-conditioneaza-guvernarea-3928733\" data-skip-linkfix=\"1\"><strong>DOCUMENT Acordul celor 10 priorit\u0103\u021bi na\u021bionale de care PSD condi\u021bioneaz\u0103 guvernarea<\/strong><\/a><\/p>\n<p class=\"gdpr-placeholder gdpr-social-media gdpr-iframe-fix\" data-index=\"11\"> Setarile tale privind cookie-urile nu permit afisarea continutul din aceasta sectiune. Poti actualiza setarile modulelor coookie direct din browser sau de <a class=\"ot-sdk-show-settings\" data-skip-linkfix=\"1\">aici<\/a> \u2013 e nevoie sa accepti cookie-urile social media<\/p>\n<p> Editor : <a href=\"https:\/\/www.digi24.ro\/autor\/andreea-ghiorghe\"> A.G. <\/a><\/p>\n<\/div>\n<p>[analyse_source url=&#8221;https:\/\/www.digi24.ro\/stiri\/actualitate\/politica\/grindeanu-anunta-ca-psd-isi-asuma-guvernarea-si-aminteste-de-perioada-2017-eu-stiu-ce-inseamna-sa-fii-premier-3928761&#8243;]<\/p>\n","protected":false},"excerpt":{"rendered":"<p>[analyse_image type=&#8221;featured&#8221; src=&#8221;https:\/\/s.iw.ro\/gateway\/g\/ZmlsZVNvdXJjZT1odHRwJTNBJTJGJTJG\/c3RvcmFnZTA4dHJhbnNjb2Rlci5yY3Mt\/cmRzLnJvJTJGc3RvcmFnZSUyRjIwMjYl\/MkYwNCUyRjIwJTJGMjY5MTExMV8yNjkx\/MTExX3NvcmluLWdyaW5kZWFudS1QU0Qu\/anBnJnc9MTIwMCZoPTYzMCZ6Yz0xJmhh\/c2g9YzMyZmU2YWY2ZWJmYmUyNTM5NjJlZTMzODUyM2Y4ODc=.thumb.jpg&#8221;] Sorin Grindeanu a anun\u021bat c\u0103 \u00ee\u0219i va asuma guvernarea, inclusiv postul de premier, iar reprezentan\u021bii partidului vor merge la negocierile de la Cotroceni cu dou\u0103 scenarii: un Guvern minoritar format exclusiv din PSD sau un Executiv construit \u00een jurul partidului. Grindeanu a amintit de perioada c\u00e2nd a condus Palatul Victoria, preciz\u00e2nd c\u0103 [&hellip;]<\/p>\n","protected":false},"author":1,"featured_media":0,"comment_status":"open","ping_status":"","sticky":false,"template":"","format":"standard","meta":{"footnotes":""},"categories":[89],"tags":[226,11],"class_list":["post-2120619","post","type-post","status-publish","format-standard","hentry","category-romania","tag-crawlmanager","tag-digi24"],"_links":{"self":[{"href":"https:\/\/analyse.optim.biz\/index.php?rest_route=\/wp\/v2\/posts\/2120619","targetHints":{"allow":["GET"]}}],"collection":[{"href":"https:\/\/analyse.optim.biz\/index.php?rest_route=\/wp\/v2\/posts"}],"about":[{"href":"https:\/\/analyse.optim.biz\/index.php?rest_route=\/wp\/v2\/types\/post"}],"author":[{"embeddable":true,"href":"https:\/\/analyse.optim.biz\/index.php?rest_route=\/wp\/v2\/users\/1"}],"replies":[{"embeddable":true,"href":"https:\/\/analyse.optim.biz\/index.php?rest_route=%2Fwp%2Fv2%2Fcomments&post=2120619"}],"version-history":[{"count":0,"href":"https:\/\/analyse.optim.biz\/index.php?rest_route=\/wp\/v2\/posts\/2120619\/revisions"}],"wp:attachment":[{"href":"https:\/\/analyse.optim.biz\/index.php?rest_route=%2Fwp%2Fv2%2Fmedia&parent=2120619"}],"wp:term":[{"taxonomy":"category","embeddable":true,"href":"https:\/\/analyse.optim.biz\/index.php?rest_route=%2Fwp%2Fv2%2Fcategories&post=2120619"},{"taxonomy":"post_tag","embeddable":true,"href":"https:\/\/analyse.optim.biz\/index.php?rest_route=%2Fwp%2Fv2%2Ftags&post=2120619"}],"curies":[{"name":"wp","href":"https:\/\/api.w.org\/{rel}","templated":true}]}}