{"id":2120572,"date":"2026-08-31T13:11:12","date_gmt":"2026-08-31T10:11:12","guid":{"rendered":"https:\/\/analyse.optim.biz\/?p=2120572"},"modified":"2026-08-31T13:11:12","modified_gmt":"2026-08-31T10:11:12","slug":"acces-paddock-debrief-du-grand-prix-daragon-%f0%9f%87%aa%f0%9f%87%b8","status":"publish","type":"post","link":"https:\/\/analyse.optim.biz\/?p=2120572","title":{"rendered":"Acc\u00e8s Paddock : debrief du Grand Prix d\u2019Aragon \ud83c\uddea\ud83c\uddf8"},"content":{"rendered":"<div class=\"entry-content\">\n<p><strong> Debrief du 13<sup>e<\/sup> Grand Prix de la saison \u00e0 Aragon dans votre nouvel \u00e9pisode d\u2019Acc\u00e8s Paddock gr\u00e2ce nos reporters sur les Grands Prix Michel Turco et Alexis Delisse. Avec une large page consacr\u00e9e \u00e0 la victoire de Marc Marquez en Espagne ! On revient \u00e9galement sur le gros week-end de Pedro Acosta et Marco Bezzecchi mais aussi le retour en piste plus que r\u00e9ussi de Johann Zarco. Sans oublier les sujets brulants qui agitent le paddock !<\/strong><\/p>\n<\/p>\n<div class=\"perfmatters-lazy-youtube\" data-src=\"https:\/\/www.youtube.com\/embed\/y3dW1B7un9w\" data-id=\"y3dW1B7un9w\" data-query=\"feature=oembed\">\n<div><img loading=\"lazy\" decoding=\"async\" src=\"https:\/\/i.ytimg.com\/vi\/y3dW1B7un9w\/hqdefault.jpg\" alt=\"YouTube video\" width=\"480\" height=\"360\" data-pin-nopin=\"true\"><\/p>\n<div class=\"play\"><\/div>\n<\/div>\n<\/div>\n<p>Votre podcast est disponible \u00e0 la lecture sur <em>Moto-Station<\/em>, mais aussi sur toutes les plateformes de podcast qui offrent de nombreuses fonctionnalit\u00e9s de lectures int\u00e9ressantes et permettent de vous abonner pour ne manquer aucun \u00e9pisode\u00a0!<br \/>\n\u00a0<br \/>\n<strong>Vous abonnez \u00e0 <em>Acc\u00e8s paddock<\/em>\u00a0:<\/strong><\/p>\n<ul>\n<li><span style=\"font-size: 14pt\"><a href=\"https:\/\/podcasts.apple.com\/fr\/podcast\/acc%C3%A8s-paddock-le-talk-motogp\/id1612449433\"><strong>Apple Podcast<\/strong><\/a><\/span><\/li>\n<li><span style=\"font-size: 14pt\"><a href=\"https:\/\/open.spotify.com\/show\/35WTVit0JRwtBPiN3talRd\"><strong>Spotify<\/strong><\/a><\/span><\/li>\n<li><span style=\"font-size: 14pt\"><a href=\"https:\/\/www.deezer.com\/fr\/show\/3464057\"><strong>Deezer<\/strong><\/a><\/span><\/li>\n<li><span style=\"font-size: 14pt\"><a href=\"https:\/\/music.amazon.fr\/podcasts\/a50e87e7-865d-4043-ad1a-f0795bdf9393\/acc%C3%A8s-paddock-le-talk-motogp\"><strong>Amazon<\/strong><\/a><\/span><\/li>\n<li><span style=\"font-size: 14pt\"><a href=\"https:\/\/castbox.fm\/channel\/Acc%C3%A8s-paddock%2C-le-talk-MotoGP-id4815578?country=fr\"><strong>Castbox<\/strong><\/a><\/span><\/li>\n<li><span style=\"font-size: 14pt\"><a href=\"https:\/\/shows.acast.com\/acces-paddock-le-talk-motogp\"><strong>Acast<\/strong><\/a><\/span><\/li>\n<\/ul><\/div>\n","protected":false},"excerpt":{"rendered":"<p>Debrief du 13e Grand Prix de la saison \u00e0 Aragon dans votre nouvel \u00e9pisode d\u2019Acc\u00e8s Paddock gr\u00e2ce nos reporters sur les Grands Prix Michel Turco et Alexis Delisse. Avec une large page consacr\u00e9e \u00e0 la victoire de Marc Marquez en Espagne ! On revient \u00e9galement sur le gros week-end de Pedro Acosta et Marco Bezzecchi [&hellip;]<\/p>\n","protected":false},"author":1,"featured_media":0,"comment_status":"open","ping_status":"","sticky":false,"template":"","format":"standard","meta":{"footnotes":""},"categories":[1],"tags":[226,240],"class_list":["post-2120572","post","type-post","status-publish","format-standard","hentry","category-uncategorized","tag-crawlmanager","tag-moto-station-com"],"_links":{"self":[{"href":"https:\/\/analyse.optim.biz\/index.php?rest_route=\/wp\/v2\/posts\/2120572","targetHints":{"allow":["GET"]}}],"collection":[{"href":"https:\/\/analyse.optim.biz\/index.php?rest_route=\/wp\/v2\/posts"}],"about":[{"href":"https:\/\/analyse.optim.biz\/index.php?rest_route=\/wp\/v2\/types\/post"}],"author":[{"embeddable":true,"href":"https:\/\/analyse.optim.biz\/index.php?rest_route=\/wp\/v2\/users\/1"}],"replies":[{"embeddable":true,"href":"https:\/\/analyse.optim.biz\/index.php?rest_route=%2Fwp%2Fv2%2Fcomments&post=2120572"}],"version-history":[{"count":0,"href":"https:\/\/analyse.optim.biz\/index.php?rest_route=\/wp\/v2\/posts\/2120572\/revisions"}],"wp:attachment":[{"href":"https:\/\/analyse.optim.biz\/index.php?rest_route=%2Fwp%2Fv2%2Fmedia&parent=2120572"}],"wp:term":[{"taxonomy":"category","embeddable":true,"href":"https:\/\/analyse.optim.biz\/index.php?rest_route=%2Fwp%2Fv2%2Fcategories&post=2120572"},{"taxonomy":"post_tag","embeddable":true,"href":"https:\/\/analyse.optim.biz\/index.php?rest_route=%2Fwp%2Fv2%2Ftags&post=2120572"}],"curies":[{"name":"wp","href":"https:\/\/api.w.org\/{rel}","templated":true}]}}