{"id":2120548,"date":"2026-08-31T13:21:30","date_gmt":"2026-08-31T10:21:30","guid":{"rendered":"https:\/\/analyse.optim.biz\/?p=2120548"},"modified":"2026-08-31T13:21:30","modified_gmt":"2026-08-31T10:21:30","slug":"zeci-de-soferi-lasati-fara-permise-de-conducere-chiar-si-biciclistii-au-avut-probleme-cu-politistii","status":"publish","type":"post","link":"https:\/\/analyse.optim.biz\/?p=2120548","title":{"rendered":"Zeci de \u0219oferi, l\u0103sa\u021bi f\u0103r\u0103 permise de conducere. Chiar \u0219i bicicli\u0219tii au avut \u201eprobleme\u201d cu poli\u021bi\u0219tii"},"content":{"rendered":"<p>[analyse_image type=&#8221;featured&#8221; src=&#8221;https:\/\/www.gazeta-valceana.ro\/wp-content\/uploads\/2025\/09\/IPJ-Politia-bicicleta-femeie.jpg&#8221;]<\/p>\n<article id=\"template-id-91645\" class=\"post-91645 tdb_templates type-tdb_templates status-publish post\">\n<div id=\"tdi_49\" class=\"tdc-zone\">\n<div class=\"tdc_zone tdi_50  wpb_row td-pb-row\">\n<div id=\"tdi_51\" class=\"tdc-row stretch_row_1200 td-stretch-content\">\n<div class=\"vc_row tdi_52  wpb_row td-pb-row\">\n<div class=\"vc_column tdi_54  wpb_column vc_column_container tdc-column td-pb-span8\">\n<div class=\"wpb_wrapper\">\n<div class=\"td_block_wrap tdb_title tdi_55 tdb-single-title td-pb-border-top td_block_template_1\" data-td-block-uid=\"tdi_55\">\n<div class=\"tdb-block-inner td-fix-index\">\n<h1 class=\"tdb-title-text\">Zeci de \u0219oferi, l\u0103sa\u021bi f\u0103r\u0103 permise de conducere. Chiar \u0219i bicicli\u0219tii au avut \u201eprobleme\u201d cu poli\u021bi\u0219tii v\u00e2lceni<\/h1>\n<\/div>\n<\/div>\n<div class=\"vc_row_inner tdi_58  vc_row vc_inner wpb_row td-pb-row tdc-row-content-vert-center\">\n<div class=\"vc_column_inner tdi_60  wpb_column vc_column_container tdc-inner-column td-pb-span12\">\n<div class=\"vc_column-inner\">\n<div class=\"wpb_wrapper\">\n<div class=\"td_block_wrap tdb_single_categories tdi_61 td-pb-border-top td_block_template_1 \" data-td-block-uid=\"tdi_61\">\n<div class=\"tdb-category td-fix-index\"><a class=\"tdb-entry-category\" href=\"https:\/\/www.gazeta-valceana.ro\/category\/fapt-divers\/\">Fapt divers<\/a><a class=\"tdb-entry-category\" href=\"https:\/\/www.gazeta-valceana.ro\/category\/i\/\">I<\/a><\/div>\n<\/div>\n<div class=\"td_block_wrap tdb_single_date tdi_62 td-pb-border-top td_block_template_1 tdb-post-meta\" data-td-block-uid=\"tdi_62\">\n<div class=\"tdb-block-inner td-fix-index\"><time class=\"entry-date updated td-module-date\" datetime=\"2026-08-31T15:21:30+02:00\">31 august 2026<\/time><\/div>\n<\/div>\n<\/div>\n<\/div>\n<\/div>\n<\/div>\n<\/div>\n<\/div>\n<\/div>\n<\/div>\n<div id=\"tdi_65\" class=\"tdc-row stretch_row_1200 td-stretch-content\">\n<div class=\"vc_row tdi_66  wpb_row td-pb-row\">\n<div class=\"vc_column tdi_68  wpb_column vc_column_container tdc-column td-pb-span8\">\n<div class=\"wpb_wrapper\">\n<div class=\"td_block_wrap tdb_single_featured_image tdi_69 tdb-content-horiz-left td-pb-border-top td_block_template_1\" data-td-block-uid=\"tdi_69\">\n<div class=\"tdb-block-inner td-fix-index\"><img loading=\"lazy\" decoding=\"async\" width=\"696\" height=\"383\" class=\"entry-thumb\" src=\"https:\/\/www.gazeta-valceana.ro\/wp-content\/uploads\/2025\/09\/IPJ-Politia-bicicleta-femeie-696x383.jpg\" alt title=\"IPJ Politia bicicleta femeie\"><\/div>\n<\/div>\n<div class=\"td_block_wrap tdb_single_post_share tdi_70  td-pb-border-top td_block_template_1\" data-td-block-uid=\"tdi_70\">\n<div id=\"tdi_70\" class=\"td-post-sharing tdb-block td-ps-border td-ps-border-grey td-ps-notext td-ps-icon-color td-ps-text-color td-post-sharing-style16 \">\n<div class=\"td-post-sharing-visible\">\n<div class=\"td-social-sharing-button td-social-sharing-button-js td-social-handler td-social-share-text\">\n<div class=\"td-social-but-text\">Ac\u021biune<\/div>\n<\/div>\n<p><a class=\"td-social-sharing-button td-social-sharing-button-js td-social-network td-social-facebook\" href=\"https:\/\/www.facebook.com\/sharer.php?u=https%3A%2F%2Fwww.gazeta-valceana.ro%2Ffapt-divers%2Fzeci-de-soferi-lasati-fara-permise-de-conducere-chiar-si-biciclistii-au-avut-probleme-cu-politistii-valceni%2F\" title=\"Facebook\"><\/p>\n<div class=\"td-social-but-text\">Facebook<\/div>\n<p><\/a><a class=\"td-social-sharing-button td-social-sharing-button-js td-social-network td-social-twitter\" href=\"https:\/\/twitter.com\/intent\/tweet?text=Zeci+de+%C8%99oferi%2C+l%C4%83sa%C8%9Bi+f%C4%83r%C4%83+permise+de+conducere.+Chiar+%C8%99i+bicicli%C8%99tii+au+avut+%E2%80%9Eprobleme%E2%80%9D+cu+poli%C8%9Bi%C8%99tii+v%C3%A2lceni&amp;url=https%3A%2F%2Fwww.gazeta-valceana.ro%2Ffapt-divers%2Fzeci-de-soferi-lasati-fara-permise-de-conducere-chiar-si-biciclistii-au-avut-probleme-cu-politistii-valceni%2F&amp;via=Gazeta+V%C3%A2lcean%C4%83\" title=\"Twitter\"><\/p>\n<div class=\"td-social-but-text\">Twitter<\/div>\n<p><\/a><a class=\"td-social-sharing-button td-social-sharing-button-js td-social-network td-social-pinterest\" href=\"https:\/\/pinterest.com\/pin\/create\/button\/?url=https:\/\/www.gazeta-valceana.ro\/fapt-divers\/zeci-de-soferi-lasati-fara-permise-de-conducere-chiar-si-biciclistii-au-avut-probleme-cu-politistii-valceni\/&amp;media=https:\/\/www.gazeta-valceana.ro\/wp-content\/uploads\/2025\/09\/IPJ-Politia-bicicleta-femeie.jpg&amp;description=Zeci+de+%C8%99oferi%2C+l%C4%83sa%C8%9Bi+f%C4%83r%C4%83+permise+de+conducere.+Chiar+%C8%99i+bicicli%C8%99tii+au+avut+%E2%80%9Eprobleme%E2%80%9D+cu+poli%C8%9Bi%C8%99tii+v%C3%A2lceni\" title=\"Pinterest\"><\/p>\n<div class=\"td-social-but-text\">Pinterest<\/div>\n<p><\/a><a class=\"td-social-sharing-button td-social-sharing-button-js td-social-network td-social-whatsapp\" href=\"https:\/\/api.whatsapp.com\/send?text=Zeci+de+%C8%99oferi%2C+l%C4%83sa%C8%9Bi+f%C4%83r%C4%83+permise+de+conducere.+Chiar+%C8%99i+bicicli%C8%99tii+au+avut+%E2%80%9Eprobleme%E2%80%9D+cu+poli%C8%9Bi%C8%99tii+v%C3%A2lceni%20%0A%0A%20https:\/\/www.gazeta-valceana.ro\/fapt-divers\/zeci-de-soferi-lasati-fara-permise-de-conducere-chiar-si-biciclistii-au-avut-probleme-cu-politistii-valceni\/\" title=\"WhatsApp\"><\/p>\n<div class=\"td-social-but-text\">WhatsApp<\/div>\n<p><\/a><\/div>\n<\/div>\n<\/div>\n<div class=\"td_block_wrap tdb_single_content tdi_71 td-pb-border-top td_block_template_1 td-post-content tagdiv-type\" data-td-block-uid=\"tdi_71\">\n<div class=\"tdb-block-inner td-fix-index\">\n<p>\u00cen cadrul activit\u0103\u021bilor desf\u0103\u0219urate, zilele trecute, pe principalele artere de circula\u021bie din jude\u021b, poli\u021bi\u0219tii v\u00e2lceni au efectuat peste 500 de test\u0103ri pentru depistarea consumului de alcool \u0219i 11 test\u0103ri pentru depistarea consumului de substan\u021be psihoactive.<\/p>\n<p>Pentru abaterile constatate, oamenii legii au aplicat 572 de sanc\u021biuni contraven\u021bionale, \u00een valoare total\u0103 de peste 160.000 de lei. Dintre acestea, 126 au fost aplicate bicicli\u0219tilor, 107 pentru nerespectarea regimului legal de vitez\u0103, 16 conduc\u0103torilor de trotinete electrice, opt pentru efectuarea unor dep\u0103\u0219iri neregulamentare \u0219i opt motocicli\u0219tilor, celelalte fiind aplicate pentru alte abateri de la normele rutiere.<\/p>\n<p><em>\u201eTotodat\u0103, poli\u021bi\u0219tii au re\u021binut, \u00een vederea suspend\u0103rii exercit\u0103rii dreptului de a conduce, 28 de permise de conducere \u0219i au retras 23 de certificate de \u00eenmatriculare. De asemenea, tot zilele trecute, poli\u021bi\u0219tii au constatat cinci infrac\u021biuni la regimul circula\u021biei pe drumurile publice\u201d<\/em>, au mai informat poli\u021bi\u0219tii v\u00e2lceni.<\/p>\n<\/div>\n<\/div>\n<div class=\"tdb-author-box td_block_wrap tdb_single_author_box tdi_72 tdb-content-vert-top td-pb-border-top td_block_template_1\" data-td-block-uid=\"tdi_72\">\n<div class=\"tdb-block-inner td-fix-index\"><a href=\"https:\/\/www.gazeta-valceana.ro\/author\/redactia\/\" class=\"tdb-author-photo\" title=\"Redactia\"><img decoding=\"async\" alt=\"Redactia\" src=\"https:\/\/secure.gravatar.com\/avatar\/d9699bfd17d7f55fcf6bbdfb0214d48a942c5fd23a1db27f4a803a8d0651670f?s=500&amp;d=mm&amp;r=g\" class=\"avatar avatar-500 photo\" height=\"500\" width=\"500\" loading=\"lazy\"><\/a><\/p>\n<div class=\"tdb-author-info\"><a href=\"https:\/\/www.gazeta-valceana.ro\/author\/redactia\/\" class=\"tdb-author-name\">Redactia<\/a><\/div>\n<\/div>\n<\/div>\n<\/div>\n<\/div>\n<div class=\"vc_column tdi_76  wpb_column vc_column_container tdc-column td-pb-span4 td-is-sticky\">\n<div class=\"wpb_wrapper\" data-sticky-enabled-on=\"W3RydWUsdHJ1ZSx0cnVlLHRydWVd\" data-sticky-offset=\"20\" data-sticky-is-width-auto=\"W2ZhbHNlLGZhbHNlLGZhbHNlLGZhbHNlXQ==\">\n<div class=\"vc_row_inner tdi_81  vc_row vc_inner wpb_row td-pb-row tdc-row-content-vert-center\">\n<div class=\"vc_column_inner tdi_83  wpb_column vc_column_container tdc-inner-column td-pb-span12\">\n<div class=\"vc_column-inner\">\n<div class=\"wpb_wrapper\">\n<div class=\"tdm_block td_block_wrap tdm_block_inline_text tdi_86 tdm-inline-block td-pb-border-top td_block_template_1\" data-td-block-uid=\"tdi_86\">\n<p class=\"tdm-descr\">Ultimele articole<\/p>\n<\/div>\n<\/div>\n<\/div>\n<\/div>\n<\/div>\n<div class=\"td_block_wrap td_flex_block_1 tdi_87 td-pb-border-top td_block_template_1 td_flex_block\" data-td-block-uid=\"tdi_87\">\n<div id=\"tdi_87\" class=\"td_block_inner td-mc1-wrap\">\n<div class=\"td_module_flex td_module_flex_1 td_module_wrap td-animation-stack td-cpt-post\">\n<div class=\"td-module-container td-category-pos-\">\n<div class=\"td-module-meta-info\">\n<h3 class=\"entry-title td-module-title\"><a href=\"https:\/\/www.gazeta-valceana.ro\/fapt-divers\/imagini-valcenii-au-predat-peste-100-kilograme-de-medicamente-expirate-la-centrul-special-amenajat-la-spitalul-judetean-valcea\/\" rel=\"bookmark\" title=\"IMAGINI. V\u00e2lcenii au predat peste 100 kilograme de medicamente expirate la centrul special amenajat, la Spitalul Jude\u021bean V\u00e2lcea\">IMAGINI. V\u00e2lcenii au predat peste 100 kilograme de medicamente expirate la centrul special amenajat, la Spitalul Jude\u021bean V\u00e2lcea<\/a><\/h3>\n<div class=\"td-editor-date\"><span class=\"td-author-date\"><span class=\"td-post-date\"><time class=\"entry-date updated td-module-date\" datetime=\"2026-08-31T16:56:08+02:00\">31 august 2026<\/time><\/span><\/span><\/div>\n<\/div>\n<\/div>\n<\/div>\n<div class=\"td_module_flex td_module_flex_1 td_module_wrap td-animation-stack td-cpt-post\">\n<div class=\"td-module-container td-category-pos-\">\n<div class=\"td-module-meta-info\">\n<h3 class=\"entry-title td-module-title\"><a href=\"https:\/\/www.gazeta-valceana.ro\/fapt-divers\/un-nou-incendiu-in-balcesti-pompierii-din-dragasani-si-maciuca-intervin-cu-mai-multe-autospeciale\/\" rel=\"bookmark\" title=\"Un nou incendiu \u00een B\u0103lce\u0219ti. Pompierii din Dr\u0103g\u0103\u0219ani \u0219i M\u0103ciuca intervin cu mai multe autospeciale\">Un nou incendiu \u00een B\u0103lce\u0219ti. Pompierii din Dr\u0103g\u0103\u0219ani \u0219i M\u0103ciuca intervin cu mai multe autospeciale<\/a><\/h3>\n<div class=\"td-editor-date\"><span class=\"td-author-date\"><span class=\"td-post-date\"><time class=\"entry-date updated td-module-date\" datetime=\"2026-08-31T12:13:18+02:00\">31 august 2026<\/time><\/span><\/span><\/div>\n<\/div>\n<\/div>\n<\/div>\n<div class=\"td_module_flex td_module_flex_1 td_module_wrap td-animation-stack td-cpt-post\">\n<div class=\"td-module-container td-category-pos-\">\n<div class=\"td-module-meta-info\">\n<h3 class=\"entry-title td-module-title\"><a href=\"https:\/\/www.gazeta-valceana.ro\/fapt-divers\/au-venit-rezultatele-de-la-medicina-legala-politistii-prezinta-detalii-despre-soferul-depistat-pe-dn-7-la-golesti\/\" rel=\"bookmark\" title=\"Au venit rezultatele de la Medicina Legal\u0103! POLI\u021aI\u0218TII prezint\u0103 detalii despre \u0219oferul depistat pe DN 7, la Gole\u0219ti\">Au venit rezultatele de la Medicina Legal\u0103! POLI\u021aI\u0218TII prezint\u0103 detalii despre \u0219oferul depistat pe DN 7, la Gole\u0219ti<\/a><\/h3>\n<div class=\"td-editor-date\"><span class=\"td-author-date\"><span class=\"td-post-date\"><time class=\"entry-date updated td-module-date\" datetime=\"2026-08-31T10:42:42+02:00\">31 august 2026<\/time><\/span><\/span><\/div>\n<\/div>\n<\/div>\n<\/div>\n<div class=\"td_module_flex td_module_flex_1 td_module_wrap td-animation-stack td-cpt-post\">\n<div class=\"td-module-container td-category-pos-\">\n<div class=\"td-module-meta-info\">\n<h3 class=\"entry-title td-module-title\"><a href=\"https:\/\/www.gazeta-valceana.ro\/fapt-divers\/ursul-a-venit-iar-pe-langa-casele-valcenilor-ro-alert-pe-telefoanele-mobile\/\" rel=\"bookmark\" title=\"URSUL a venit iar pe l\u00e2ng\u0103 casele v\u00e2lcenilor. RO-ALERT pe telefoanele mobile!\">URSUL a venit iar pe l\u00e2ng\u0103 casele v\u00e2lcenilor. RO-ALERT pe telefoanele mobile!<\/a><\/h3>\n<div class=\"td-editor-date\"><span class=\"td-author-date\"><span class=\"td-post-date\"><time class=\"entry-date updated td-module-date\" datetime=\"2026-08-31T09:55:49+02:00\">31 august 2026<\/time><\/span><\/span><\/div>\n<\/div>\n<\/div>\n<\/div>\n<\/div>\n<\/div>\n<\/div>\n<\/div>\n<\/div>\n<\/div>\n<div id=\"tdi_95\" class=\"tdc-row stretch_row_1200 td-stretch-content\">\n<div class=\"vc_row tdi_96  wpb_row td-pb-row\">\n<div class=\"vc_column tdi_98  wpb_column vc_column_container tdc-column td-pb-span12\">\n<div class=\"wpb_wrapper\">\n<div class=\"td_block_wrap tdb_single_next_prev tdi_99 td-pb-border-top td_block_template_1\" data-td-block-uid=\"tdi_99\">\n<div class=\"tdb-block-inner td-fix-index\">\n<div class=\"tdb-next-post tdb-next-post-bg tdb-post-prev\"><span>Articolul precedent<\/span><\/p>\n<div class=\"td-module-container\">\n<div class=\"next-prev-title\"><a href=\"https:\/\/www.gazeta-valceana.ro\/fapt-divers\/un-nou-incendiu-in-balcesti-pompierii-din-dragasani-si-maciuca-intervin-cu-mai-multe-autospeciale\/\">Un nou incendiu \u00een B\u0103lce\u0219ti. Pompierii din Dr\u0103g\u0103\u0219ani \u0219i M\u0103ciuca intervin cu mai multe autospeciale<\/a><\/div>\n<\/div>\n<\/div>\n<div class=\"tdb-next-post tdb-next-post-bg tdb-post-next\"><span>Articolul urm\u0103tor<\/span><\/p>\n<div class=\"td-module-container\">\n<div class=\"next-prev-title\"><a href=\"https:\/\/www.gazeta-valceana.ro\/fapt-divers\/imagini-valcenii-au-predat-peste-100-kilograme-de-medicamente-expirate-la-centrul-special-amenajat-la-spitalul-judetean-valcea\/\">IMAGINI. V\u00e2lcenii au predat peste 100 kilograme de medicamente expirate la centrul special amenajat, la Spitalul Jude\u021bean V\u00e2lcea<\/a><\/div>\n<\/div>\n<\/div>\n<\/div>\n<\/div>\n<div class=\"vc_row_inner tdi_101  vc_row vc_inner wpb_row td-pb-row tdc-row-content-vert-center\">\n<div class=\"vc_column_inner tdi_103  wpb_column vc_column_container tdc-inner-column td-pb-span12\">\n<div class=\"vc_column-inner\">\n<div class=\"wpb_wrapper\">\n<div class=\"tdm_block td_block_wrap tdm_block_inline_text tdi_106 tdm-inline-block td-pb-border-top td_block_template_1\" data-td-block-uid=\"tdi_106\">\n<p class=\"tdm-descr\">Related articles<\/p>\n<\/div>\n<\/div>\n<\/div>\n<\/div>\n<\/div>\n<div class=\"td_block_wrap tdb_single_related tdi_107 td_with_ajax_pagination td-pb-border-top td_block_template_1 tdb-single-related-posts\" data-td-block-uid=\"tdi_107\">\n<div id=\"tdi_107\" class=\"td_block_inner tdb-block-inner td-fix-index\">\n<div class=\"tdb_module_related td_module_wrap td-animation-stack\">\n<div class=\"td-module-container td-category-pos-\">\n<div class=\"td-module-meta-info\">\n<h3 class=\"entry-title td-module-title\"><a href=\"https:\/\/www.gazeta-valceana.ro\/fapt-divers\/imagini-valcenii-au-predat-peste-100-kilograme-de-medicamente-expirate-la-centrul-special-amenajat-la-spitalul-judetean-valcea\/\" rel=\"bookmark\" title=\"IMAGINI. V\u00e2lcenii au predat peste 100 kilograme de medicamente expirate la centrul special amenajat, la Spitalul Jude\u021bean V\u00e2lcea\">IMAGINI. V\u00e2lcenii au predat peste 100 kilograme de medicamente expirate la centrul special amenajat, la Spitalul Jude\u021bean V\u00e2lcea<\/a><\/h3>\n<div class=\"td-editor-date\"><a href=\"https:\/\/www.gazeta-valceana.ro\/category\/fapt-divers\/\" class=\"td-post-category\">Fapt divers<\/a><span class=\"td-author-date\"><span class=\"td-post-date\"><time class=\"entry-date updated td-module-date\" datetime=\"2026-08-31T16:56:08+02:00\">31 august 2026<\/time><\/span><\/span><\/div>\n<\/div>\n<\/div>\n<\/div>\n<div class=\"tdb_module_related td_module_wrap td-animation-stack\">\n<div class=\"td-module-container td-category-pos-\">\n<div class=\"td-module-meta-info\">\n<h3 class=\"entry-title td-module-title\"><a href=\"https:\/\/www.gazeta-valceana.ro\/fapt-divers\/un-nou-incendiu-in-balcesti-pompierii-din-dragasani-si-maciuca-intervin-cu-mai-multe-autospeciale\/\" rel=\"bookmark\" title=\"Un nou incendiu \u00een B\u0103lce\u0219ti. Pompierii din Dr\u0103g\u0103\u0219ani \u0219i M\u0103ciuca intervin cu mai multe autospeciale\">Un nou incendiu \u00een B\u0103lce\u0219ti. Pompierii din Dr\u0103g\u0103\u0219ani \u0219i M\u0103ciuca intervin cu mai multe autospeciale<\/a><\/h3>\n<div class=\"td-editor-date\"><a href=\"https:\/\/www.gazeta-valceana.ro\/category\/fapt-divers\/\" class=\"td-post-category\">Fapt divers<\/a><span class=\"td-author-date\"><span class=\"td-post-date\"><time class=\"entry-date updated td-module-date\" datetime=\"2026-08-31T12:13:18+02:00\">31 august 2026<\/time><\/span><\/span><\/div>\n<\/div>\n<\/div>\n<\/div>\n<div class=\"tdb_module_related td_module_wrap td-animation-stack\">\n<div class=\"td-module-container td-category-pos-\">\n<div class=\"td-module-meta-info\">\n<h3 class=\"entry-title td-module-title\"><a href=\"https:\/\/www.gazeta-valceana.ro\/fapt-divers\/au-venit-rezultatele-de-la-medicina-legala-politistii-prezinta-detalii-despre-soferul-depistat-pe-dn-7-la-golesti\/\" rel=\"bookmark\" title=\"Au venit rezultatele de la Medicina Legal\u0103! POLI\u021aI\u0218TII prezint\u0103 detalii despre \u0219oferul depistat pe DN 7, la Gole\u0219ti\">Au venit rezultatele de la Medicina Legal\u0103! POLI\u021aI\u0218TII prezint\u0103 detalii despre \u0219oferul depistat pe DN 7, la Gole\u0219ti<\/a><\/h3>\n<div class=\"td-editor-date\"><a href=\"https:\/\/www.gazeta-valceana.ro\/category\/fapt-divers\/\" class=\"td-post-category\">Fapt divers<\/a><span class=\"td-author-date\"><span class=\"td-post-date\"><time class=\"entry-date updated td-module-date\" datetime=\"2026-08-31T10:42:42+02:00\">31 august 2026<\/time><\/span><\/span><\/div>\n<\/div>\n<\/div>\n<\/div>\n<\/div>\n<\/div>\n<\/div>\n<\/div>\n<\/div>\n<\/div>\n<div id=\"tdi_114\" class=\"tdc-row stretch_row_1200 td-stretch-content\">\n<div class=\"vc_row tdi_115  wpb_row td-pb-row\">\n<div class=\"vc_column tdi_120  wpb_column vc_column_container tdc-column td-pb-span4 td-is-sticky\">\n<div class=\"wpb_wrapper\" data-sticky-enabled-on=\"W3RydWUsdHJ1ZSx0cnVlLHRydWVd\" data-sticky-offset=\"20\" data-sticky-is-width-auto=\"W2ZhbHNlLGZhbHNlLGZhbHNlLGZhbHNlXQ==\">\n<div class=\"td_block_wrap td-a-rec td-a-rec-id-custom-spot td-a-rec-img tdi_121 td_block_template_1\">\n<div><a href=\"https:\/\/www.gazeta-valceana.ro\/fapt-divers\/zeci-de-soferi-lasati-fara-permise-de-conducere-chiar-si-biciclistii-au-avut-probleme-cu-politistii-valceni\/\" class=\"td_spot_img_all\"><img loading=\"lazy\" decoding=\"async\" src=\"https:\/\/www.gazeta-valceana.ro\/wp-content\/uploads\/2025\/01\/image-4.jpg\" alt=\"spot_img\" width=\"347\" height=\"277\"><\/a><a href=\"https:\/\/www.gazeta-valceana.ro\/fapt-divers\/zeci-de-soferi-lasati-fara-permise-de-conducere-chiar-si-biciclistii-au-avut-probleme-cu-politistii-valceni\/\" class=\"td_spot_img_mob\"><img loading=\"lazy\" decoding=\"async\" src=\"https:\/\/www.gazeta-valceana.ro\/wp-content\/uploads\/2025\/01\/image-4.jpg\" alt=\"spot_img\" width=\"347\" height=\"247\"><\/a><\/div>\n<\/div>\n<div class=\"td_block_wrap td-a-rec td-a-rec-id-custom-spot td-a-rec-img tdi_122 td_block_template_1\">\n<div><a href=\"https:\/\/www.gazeta-valceana.ro\/fapt-divers\/zeci-de-soferi-lasati-fara-permise-de-conducere-chiar-si-biciclistii-au-avut-probleme-cu-politistii-valceni\/\" class=\"td_spot_img_all\"><img loading=\"lazy\" decoding=\"async\" src=\"https:\/\/www.gazeta-valceana.ro\/wp-content\/uploads\/2025\/01\/image-5.jpg\" alt=\"spot_img\" width=\"347\" height=\"277\"><\/a><a href=\"https:\/\/www.gazeta-valceana.ro\/fapt-divers\/zeci-de-soferi-lasati-fara-permise-de-conducere-chiar-si-biciclistii-au-avut-probleme-cu-politistii-valceni\/\" class=\"td_spot_img_mob\"><img loading=\"lazy\" decoding=\"async\" src=\"https:\/\/www.gazeta-valceana.ro\/wp-content\/uploads\/2025\/01\/image-5.jpg\" alt=\"spot_img\" width=\"347\" height=\"247\"><\/a><\/div>\n<\/div>\n<div class=\"td_block_wrap td-a-rec td-a-rec-id-custom-spot td-a-rec-img tdi_123 td_block_template_1\">\n<div><a href=\"https:\/\/www.gazeta-valceana.ro\/fapt-divers\/zeci-de-soferi-lasati-fara-permise-de-conducere-chiar-si-biciclistii-au-avut-probleme-cu-politistii-valceni\/\" class=\"td_spot_img_all\"><img loading=\"lazy\" decoding=\"async\" src=\"https:\/\/www.gazeta-valceana.ro\/wp-content\/uploads\/2025\/01\/image-3.jpeg\" alt=\"spot_img\" width=\"347\" height=\"277\"><\/a><a href=\"https:\/\/www.gazeta-valceana.ro\/fapt-divers\/zeci-de-soferi-lasati-fara-permise-de-conducere-chiar-si-biciclistii-au-avut-probleme-cu-politistii-valceni\/\" class=\"td_spot_img_mob\"><img loading=\"lazy\" decoding=\"async\" src=\"https:\/\/www.gazeta-valceana.ro\/wp-content\/uploads\/2025\/01\/image-3.jpeg\" alt=\"spot_img\" width=\"347\" height=\"247\"><\/a><\/div>\n<\/div>\n<\/div>\n<\/div>\n<\/div>\n<\/div>\n<\/div>\n<\/div>\n<p><span class=\"td-page-meta\"><\/span><span class=\"td-page-meta\"><span class=\"td-page-meta\"><\/span><\/span><span class=\"td-page-meta\"><\/span><\/article>\n<\/p>\n<div class=\"td_block_wrap tdb_single_content tdi_71 td-pb-border-top td_block_template_1 td-post-content tagdiv-type\" data-td-block-uid=\"tdi_71\">\n<div class=\"tdb-block-inner td-fix-index\">\n<p>\u00cen cadrul activit\u0103\u021bilor desf\u0103\u0219urate, zilele trecute, pe principalele artere de circula\u021bie din jude\u021b, poli\u021bi\u0219tii v\u00e2lceni au efectuat peste 500 de test\u0103ri pentru depistarea consumului de alcool \u0219i 11 test\u0103ri pentru depistarea consumului de substan\u021be psihoactive.<\/p>\n<p>Pentru abaterile constatate, oamenii legii au aplicat 572 de sanc\u021biuni contraven\u021bionale, \u00een valoare total\u0103 de peste 160.000 de lei. Dintre acestea, 126 au fost aplicate bicicli\u0219tilor, 107 pentru nerespectarea regimului legal de vitez\u0103, 16 conduc\u0103torilor de trotinete electrice, opt pentru efectuarea unor dep\u0103\u0219iri neregulamentare \u0219i opt motocicli\u0219tilor, celelalte fiind aplicate pentru alte abateri de la normele rutiere.<\/p>\n<p><em>\u201eTotodat\u0103, poli\u021bi\u0219tii au re\u021binut, \u00een vederea suspend\u0103rii exercit\u0103rii dreptului de a conduce, 28 de permise de conducere \u0219i au retras 23 de certificate de \u00eenmatriculare. De asemenea, tot zilele trecute, poli\u021bi\u0219tii au constatat cinci infrac\u021biuni la regimul circula\u021biei pe drumurile publice\u201d<\/em>, au mai informat poli\u021bi\u0219tii v\u00e2lceni.<\/p>\n<\/div>\n<\/div>\n<p>\u00cen cadrul activit\u0103\u021bilor desf\u0103\u0219urate, zilele trecute, pe principalele artere de circula\u021bie din jude\u021b, poli\u021bi\u0219tii v\u00e2lceni au efectuat peste 500 de test\u0103ri pentru depistarea consumului de alcool \u0219i 11 test\u0103ri pentru depistarea consumului de substan\u021be psihoactive.<\/p>\n<p>Pentru abaterile constatate, oamenii legii au aplicat 572 de sanc\u021biuni contraven\u021bionale, \u00een valoare total\u0103 de peste 160.000 de lei. Dintre acestea, 126 au fost aplicate bicicli\u0219tilor, 107 pentru nerespectarea regimului legal de vitez\u0103, 16 conduc\u0103torilor de trotinete electrice, opt pentru efectuarea unor dep\u0103\u0219iri neregulamentare \u0219i opt motocicli\u0219tilor, celelalte fiind aplicate pentru alte abateri de la normele rutiere.<\/p>\n<p><em>\u201eTotodat\u0103, poli\u021bi\u0219tii au re\u021binut, \u00een vederea suspend\u0103rii exercit\u0103rii dreptului de a conduce, 28 de permise de conducere \u0219i au retras 23 de certificate de \u00eenmatriculare. De asemenea, tot zilele trecute, poli\u021bi\u0219tii au constatat cinci infrac\u021biuni la regimul circula\u021biei pe drumurile publice\u201d<\/em>, au mai informat poli\u021bi\u0219tii v\u00e2lceni.<\/p>\n<p>[analyse_source url=&#8221;https:\/\/www.gazeta-valceana.ro\/fapt-divers\/zeci-de-soferi-lasati-fara-permise-de-conducere-chiar-si-biciclistii-au-avut-probleme-cu-politistii-valceni\/&#8221;]<\/p>\n","protected":false},"excerpt":{"rendered":"<p>[analyse_image type=&#8221;featured&#8221; src=&#8221;https:\/\/www.gazeta-valceana.ro\/wp-content\/uploads\/2025\/09\/IPJ-Politia-bicicleta-femeie.jpg&#8221;] Zeci de \u0219oferi, l\u0103sa\u021bi f\u0103r\u0103 permise de conducere. Chiar \u0219i bicicli\u0219tii au avut \u201eprobleme\u201d cu poli\u021bi\u0219tii v\u00e2lceni Fapt diversI 31 august 2026 Ac\u021biune Facebook Twitter Pinterest WhatsApp \u00cen cadrul activit\u0103\u021bilor desf\u0103\u0219urate, zilele trecute, pe principalele artere de circula\u021bie din jude\u021b, poli\u021bi\u0219tii v\u00e2lceni au efectuat peste 500 de test\u0103ri pentru depistarea consumului de [&hellip;]<\/p>\n","protected":false},"author":1,"featured_media":0,"comment_status":"open","ping_status":"","sticky":false,"template":"","format":"standard","meta":{"footnotes":""},"categories":[89],"tags":[226,214],"class_list":["post-2120548","post","type-post","status-publish","format-standard","hentry","category-romania","tag-crawlmanager","tag-gazetavalceana-ro"],"_links":{"self":[{"href":"https:\/\/analyse.optim.biz\/index.php?rest_route=\/wp\/v2\/posts\/2120548","targetHints":{"allow":["GET"]}}],"collection":[{"href":"https:\/\/analyse.optim.biz\/index.php?rest_route=\/wp\/v2\/posts"}],"about":[{"href":"https:\/\/analyse.optim.biz\/index.php?rest_route=\/wp\/v2\/types\/post"}],"author":[{"embeddable":true,"href":"https:\/\/analyse.optim.biz\/index.php?rest_route=\/wp\/v2\/users\/1"}],"replies":[{"embeddable":true,"href":"https:\/\/analyse.optim.biz\/index.php?rest_route=%2Fwp%2Fv2%2Fcomments&post=2120548"}],"version-history":[{"count":0,"href":"https:\/\/analyse.optim.biz\/index.php?rest_route=\/wp\/v2\/posts\/2120548\/revisions"}],"wp:attachment":[{"href":"https:\/\/analyse.optim.biz\/index.php?rest_route=%2Fwp%2Fv2%2Fmedia&parent=2120548"}],"wp:term":[{"taxonomy":"category","embeddable":true,"href":"https:\/\/analyse.optim.biz\/index.php?rest_route=%2Fwp%2Fv2%2Fcategories&post=2120548"},{"taxonomy":"post_tag","embeddable":true,"href":"https:\/\/analyse.optim.biz\/index.php?rest_route=%2Fwp%2Fv2%2Ftags&post=2120548"}],"curies":[{"name":"wp","href":"https:\/\/api.w.org\/{rel}","templated":true}]}}