{"id":2120546,"date":"2026-08-31T12:45:16","date_gmt":"2026-08-31T09:45:16","guid":{"rendered":"https:\/\/analyse.optim.biz\/?p=2120546"},"modified":"2026-08-31T12:45:16","modified_gmt":"2026-08-31T09:45:16","slug":"se-opreste-apa-in-cateva-zone-din-vaslui-si-muntenii-de-jos","status":"publish","type":"post","link":"https:\/\/analyse.optim.biz\/?p=2120546","title":{"rendered":"Se opre\u0219te apa \u00een c\u00e2teva zone din Vaslui \u0219i Muntenii de Jos"},"content":{"rendered":"<p>[analyse_image type=&#8221;featured&#8221; src=&#8221;&#8221;]<\/p>\n<div class=\"tdb-block-inner td-fix-index\"><a class=\"tdb-logo-a\" href=\"https:\/\/www.monitoruldevaslui.ro\/\"><span class=\"tdb-logo-img-wrap\"><img decoding=\"async\" class=\"tdb-logo-img td-retina-data\" data-retina=\"https:\/\/www.monitoruldevaslui.ro\/wp-content\/uploads\/2025\/07\/Monitorul-logo-motto-2.png\" src=\"https:\/\/www.monitoruldevaslui.ro\/wp-content\/uploads\/2025\/07\/Monitorul-logo-motto-2.png\" alt=\"Logo\" title><\/span><span class=\"tdb-logo-text-wrap\"><span class=\"tdb-logo-text-title\">News<\/span><span class=\"tdb-logo-text-tagline\">Hub<\/span><\/span><\/a><\/div>\n<div class=\"tdb-block-inner td-fix-index\"><a class=\"tdb-logo-a\" href=\"https:\/\/www.monitoruldevaslui.ro\/\"><span class=\"tdb-logo-img-wrap\"><img decoding=\"async\" class=\"tdb-logo-img td-retina-data\" data-retina=\"https:\/\/www.monitoruldevaslui.ro\/wp-content\/uploads\/2025\/07\/Monitorul-logo-motto-2.png\" src=\"https:\/\/www.monitoruldevaslui.ro\/wp-content\/uploads\/2025\/07\/Monitorul-logo-motto-2.png\" alt=\"Logo\" title><\/span><\/a><\/div>\n<div class=\"tdb-block-inner td-fix-index\">\n<div class=\"tdb-weather-deg-wrap\" data-block-uid=\"tdb_header_weather_uid\"><span class=\"tdb-weather-deg\">31.8<\/span><span class=\"tdb-weather-unit\">C<\/span><\/div>\n<div class=\"tdb-weather-city\">Vaslui<\/div>\n<\/div>\n<div class=\"td-post-content tagdiv-type\">\n<p class=\"wp-block-paragraph\"><strong>AQUAVAS S.A. informeaz\u0103 utilizatorii c\u0103, mar\u021bi, 01\u00a0septembrie 2026, \u00eentre orele\u00a009:00\u00a0\u0219i 13:00, furnizarea apei potabile va fi \u00eentrerupt\u0103 temporar \u00een anumite zone din municipiul Vaslui \u0219i localitatea Muntenii de Jos.<\/strong><\/p>\n<div class=\"wp-block-image\">\n<figure class=\"aligncenter size-large is-resized\"><img loading=\"lazy\" decoding=\"async\" width=\"1024\" height=\"683\" src=\"https:\/\/www.monitoruldevaslui.ro\/wp-content\/uploads\/2022\/02\/robinet-apa-inchis-1024x683.jpeg\" alt class=\"wp-image-83410\"><\/figure>\n<\/div>\n<p class=\"wp-block-paragraph\">Zonele afectate sunt:<\/p>\n<p class=\"wp-block-paragraph\">Intersec\u021bia str\u0103zii \u0218tefan cel Mare cu strada Decebal \u2013 zona ICIL;<\/p>\n<p class=\"wp-block-paragraph\">Strada Stefan cel Mare (c\u0103tre Muntenii de Jos \u2013 zona Dedeman \u0219i Lidl);<\/p>\n<p class=\"wp-block-paragraph\">Localitatea Muntenii de Jos;<\/p>\n<p class=\"wp-block-paragraph\">\u00centreruperea este necesar\u0103 pentru executarea unor lucr\u0103ri de modernizare a re\u021belei de alimentare cu ap\u0103 potabil\u0103.<\/p>\n<p class=\"wp-block-paragraph\">Echipele AQUAVAS S.A. vor interveni pentru realizarea lucr\u0103rilor programate, astfel \u00eenc\u00e2t furnizarea apei s\u0103 fie reluat\u0103 \u00een cel mai scurt timp posibil.<\/p>\n<p class=\"wp-block-paragraph\">\u201eAQUAVAS S.A. \u00ee\u0219i cere scuze pentru disconfortul creat \u0219i le mul\u021bume\u0219te utilizatorilor pentru \u00een\u021belegere\u201d, transmite societatea.\u00a0<\/p>\n<\/div>\n<p>[analyse_source url=&#8221;https:\/\/www.monitoruldevaslui.ro\/2026\/08\/opreste-apa-zone-vaslui-munteni\/#new_tab&#8221;]<\/p>\n","protected":false},"excerpt":{"rendered":"<p>[analyse_image type=&#8221;featured&#8221; src=&#8221;&#8221;] NewsHub 31.8C Vaslui AQUAVAS S.A. informeaz\u0103 utilizatorii c\u0103, mar\u021bi, 01\u00a0septembrie 2026, \u00eentre orele\u00a009:00\u00a0\u0219i 13:00, furnizarea apei potabile va fi \u00eentrerupt\u0103 temporar \u00een anumite zone din municipiul Vaslui \u0219i localitatea Muntenii de Jos. Zonele afectate sunt: Intersec\u021bia str\u0103zii \u0218tefan cel Mare cu strada Decebal \u2013 zona ICIL; Strada Stefan cel Mare (c\u0103tre Muntenii [&hellip;]<\/p>\n","protected":false},"author":1,"featured_media":0,"comment_status":"open","ping_status":"","sticky":false,"template":"","format":"standard","meta":{"footnotes":""},"categories":[89],"tags":[226,217],"class_list":["post-2120546","post","type-post","status-publish","format-standard","hentry","category-romania","tag-crawlmanager","tag-vaslui-robo-stiri-ro"],"_links":{"self":[{"href":"https:\/\/analyse.optim.biz\/index.php?rest_route=\/wp\/v2\/posts\/2120546","targetHints":{"allow":["GET"]}}],"collection":[{"href":"https:\/\/analyse.optim.biz\/index.php?rest_route=\/wp\/v2\/posts"}],"about":[{"href":"https:\/\/analyse.optim.biz\/index.php?rest_route=\/wp\/v2\/types\/post"}],"author":[{"embeddable":true,"href":"https:\/\/analyse.optim.biz\/index.php?rest_route=\/wp\/v2\/users\/1"}],"replies":[{"embeddable":true,"href":"https:\/\/analyse.optim.biz\/index.php?rest_route=%2Fwp%2Fv2%2Fcomments&post=2120546"}],"version-history":[{"count":0,"href":"https:\/\/analyse.optim.biz\/index.php?rest_route=\/wp\/v2\/posts\/2120546\/revisions"}],"wp:attachment":[{"href":"https:\/\/analyse.optim.biz\/index.php?rest_route=%2Fwp%2Fv2%2Fmedia&parent=2120546"}],"wp:term":[{"taxonomy":"category","embeddable":true,"href":"https:\/\/analyse.optim.biz\/index.php?rest_route=%2Fwp%2Fv2%2Fcategories&post=2120546"},{"taxonomy":"post_tag","embeddable":true,"href":"https:\/\/analyse.optim.biz\/index.php?rest_route=%2Fwp%2Fv2%2Ftags&post=2120546"}],"curies":[{"name":"wp","href":"https:\/\/api.w.org\/{rel}","templated":true}]}}