{"id":2120542,"date":"2026-08-31T12:23:22","date_gmt":"2026-08-31T09:23:22","guid":{"rendered":"https:\/\/analyse.optim.biz\/?p=2120542"},"modified":"2026-08-31T12:23:22","modified_gmt":"2026-08-31T09:23:22","slug":"comunicat-de-presa-finalizarea-proiectului-cresterea-eficientei-energetice-pentru-cladire-sediu-primarie","status":"publish","type":"post","link":"https:\/\/analyse.optim.biz\/?p=2120542","title":{"rendered":"Comunicat de pres\u0103 FINALIZAREA PROIECTULUI \u201eCre\u0219terea eficien\u021bei energetice pentru cl\u0103dire \u201eSEDIU PRIM\u0102RIE,"},"content":{"rendered":"<p>[analyse_image type=&#8221;featured&#8221; src=&#8221;https:\/\/ziaruldelta.ro\/wp-content\/uploads\/2026\/08\/COMUNICAT-FRECATEI-NR.1-AP.31.08.2026-ON-LINE-copy.gif&#8221;]<\/p>\n<article id=\"post-38227\" class=\"module single-post-module post-38227 post type-post status-publish format-standard hentry category-anunturi-comunicate et-doesnt-have-format-content et_post_format-et-post-format-standard\">\n<div class=\"post-header\">\n<h1 class=\"entry-title\">Comunicat de pres\u0103 FINALIZAREA PROIECTULUI  \u201eCre\u0219terea eficien\u021bei energetice pentru cl\u0103dire \u201eSEDIU PRIM\u0102RIE,  \u00een sat Frec\u0103\u021bei, comuna Frec\u0103\u021bei, jude\u021bul Tulcea\u201c<\/h1>\n<div class=\"post-meta vcard\">\n<p>Posted by <a href=\"https:\/\/ziaruldelta.ro\/author\/ziarul-delta\/\" class=\"url fn\" title=\"Posts by Ziarul Delta\" rel=\"author\">Ziarul Delta<\/a> | <span class=\"updated\">Aug 31, 2026<\/span> | <a href=\"https:\/\/ziaruldelta.ro\/category\/anunturi-comunicate\/\" rel=\"tag\">Anunturi &#8211; Comunicate<\/a> | <\/p>\n<\/div>\n<\/div>\n<div class=\"post-wrap\">\n<div class=\"post-content entry-content\">\n<p><img decoding=\"async\" loading=\"lazy\" class=\"aligncenter wp-image-38228\" src=\"https:\/\/ziaruldelta.ro\/wp-content\/uploads\/2026\/08\/COMUNICAT-FRECATEI-NR.1-AP.31.08.2026-ON-LINE-copy-471x610.gif\" alt width=\"1000\" height=\"1294\"><\/p>\n<\/div>\n<\/div>\n<div class=\"post-footer\">\n<div class=\"social-icons ed-social-share-icons\">\n<p class=\"share-title\">Share:<\/p>\n<\/div>\n<div class=\"rating-stars\">\n<p id=\"rate-title\" class=\"rate-title\">Rate:<\/p>\n<\/div>\n<\/div>\n<\/article>\n<div class=\"post-content entry-content\">\n<p><img decoding=\"async\" loading=\"lazy\" class=\"aligncenter wp-image-38228\" src=\"https:\/\/ziaruldelta.ro\/wp-content\/uploads\/2026\/08\/COMUNICAT-FRECATEI-NR.1-AP.31.08.2026-ON-LINE-copy-471x610.gif\" alt width=\"1000\" height=\"1294\"><\/p>\n<\/div>\n<div class=\"post-content entry-content\">\n<p><img decoding=\"async\" loading=\"lazy\" class=\"aligncenter wp-image-38228\" src=\"https:\/\/ziaruldelta.ro\/wp-content\/uploads\/2026\/08\/COMUNICAT-FRECATEI-NR.1-AP.31.08.2026-ON-LINE-copy-471x610.gif\" alt width=\"1000\" height=\"1294\"><\/p>\n<\/div>\n<p>[analyse_source url=&#8221;https:\/\/ziaruldelta.ro\/2026\/08\/31\/comunicat-de-presa-finalizarea-proiectului-cresterea-eficientei-energetice-pentru-cladire-sediu-primarie-in-sat-frecatei-comuna-frecatei-judetul-tulcea\/&#8221;]<\/p>\n","protected":false},"excerpt":{"rendered":"<p>[analyse_image type=&#8221;featured&#8221; src=&#8221;https:\/\/ziaruldelta.ro\/wp-content\/uploads\/2026\/08\/COMUNICAT-FRECATEI-NR.1-AP.31.08.2026-ON-LINE-copy.gif&#8221;] Comunicat de pres\u0103 FINALIZAREA PROIECTULUI \u201eCre\u0219terea eficien\u021bei energetice pentru cl\u0103dire \u201eSEDIU PRIM\u0102RIE, \u00een sat Frec\u0103\u021bei, comuna Frec\u0103\u021bei, jude\u021bul Tulcea\u201c Posted by Ziarul Delta | Aug 31, 2026 | Anunturi &#8211; Comunicate | Share: Rate: [analyse_source url=&#8221;https:\/\/ziaruldelta.ro\/2026\/08\/31\/comunicat-de-presa-finalizarea-proiectului-cresterea-eficientei-energetice-pentru-cladire-sediu-primarie-in-sat-frecatei-comuna-frecatei-judetul-tulcea\/&#8221;]<\/p>\n","protected":false},"author":1,"featured_media":0,"comment_status":"open","ping_status":"","sticky":false,"template":"","format":"standard","meta":{"footnotes":""},"categories":[89],"tags":[226,206],"class_list":["post-2120542","post","type-post","status-publish","format-standard","hentry","category-romania","tag-crawlmanager","tag-ziaruldelta-ro"],"_links":{"self":[{"href":"https:\/\/analyse.optim.biz\/index.php?rest_route=\/wp\/v2\/posts\/2120542","targetHints":{"allow":["GET"]}}],"collection":[{"href":"https:\/\/analyse.optim.biz\/index.php?rest_route=\/wp\/v2\/posts"}],"about":[{"href":"https:\/\/analyse.optim.biz\/index.php?rest_route=\/wp\/v2\/types\/post"}],"author":[{"embeddable":true,"href":"https:\/\/analyse.optim.biz\/index.php?rest_route=\/wp\/v2\/users\/1"}],"replies":[{"embeddable":true,"href":"https:\/\/analyse.optim.biz\/index.php?rest_route=%2Fwp%2Fv2%2Fcomments&post=2120542"}],"version-history":[{"count":0,"href":"https:\/\/analyse.optim.biz\/index.php?rest_route=\/wp\/v2\/posts\/2120542\/revisions"}],"wp:attachment":[{"href":"https:\/\/analyse.optim.biz\/index.php?rest_route=%2Fwp%2Fv2%2Fmedia&parent=2120542"}],"wp:term":[{"taxonomy":"category","embeddable":true,"href":"https:\/\/analyse.optim.biz\/index.php?rest_route=%2Fwp%2Fv2%2Fcategories&post=2120542"},{"taxonomy":"post_tag","embeddable":true,"href":"https:\/\/analyse.optim.biz\/index.php?rest_route=%2Fwp%2Fv2%2Ftags&post=2120542"}],"curies":[{"name":"wp","href":"https:\/\/api.w.org\/{rel}","templated":true}]}}