{"id":2120528,"date":"2026-08-31T17:09:15","date_gmt":"2026-08-31T14:09:15","guid":{"rendered":"https:\/\/analyse.optim.biz\/?p=2120528"},"modified":"2026-08-31T17:09:15","modified_gmt":"2026-08-31T14:09:15","slug":"vesti-de-la-stpt-liniile-15-16-e3-si-m3-au-revenit-pe-calea-martirilor-iar-alte-patru-linii-isi-reiau-traseele-obisnuite-de-la-1-septembrie","status":"publish","type":"post","link":"https:\/\/analyse.optim.biz\/?p=2120528","title":{"rendered":"Ve\u0219ti de la STPT: Liniile 15, 16, E3 \u0219i M3 au revenit pe Calea Martirilor, iar alte patru linii \u00ee\u0219i reiau traseele obi\u0219nuite de la 1 septembrie"},"content":{"rendered":"<p>[analyse_image type=&#8221;featured&#8221; src=&#8221;https:\/\/www.pressalert.ro\/wp-content\/uploads\/2026\/08\/autobuz-electric-stpt.jpghttps:\/\/www.pressalert.ro\/wp-content\/uploads\/2026\/08\/autobuz-electric-stpt.jpg&#8221;]<\/p>\n<article id=\"post-589983\" class=\"post-589983 post type-post status-publish format-standard has-post-thumbnail hentry category-editori category-stiri category-stiri-locale category-timis-stiri-locale tag-autobuze-aleea-padurea-verde-timisoara tag-linii-stpt-calea-martirilor tag-reluare-trasee-stpt-15-16-e3-m3 tag-stpt-timisoara-trasee-normale tag-timisoara tag-transport-public tag-transport-public-timisoara-septembrie-2026\">\n<div class=\"td-post-header td-pb-padding-side\">\n<div class=\"entry-crumbs\"><span><a title class=\"entry-crumb\" href=\"https:\/\/www.pressalert.ro\/\"><span>Acas\u0103<\/span><\/a><\/span><span><a title=\"Vede\u021bi toate articolele \u00een Recomand\u0103rile editorilor\" class=\"entry-crumb\" href=\"https:\/\/www.pressalert.ro\/category\/editori\/\"><span>Recomand\u0103rile editorilor<\/span><\/a><\/span><span class=\"td-bred-no-url-last\">Ve\u0219ti de la STPT: Liniile 15, 16, E3 \u0219i M3 au revenit&#8230;<\/span><\/div>\n<ul class=\"td-category\">\n<li class=\"entry-category\"><a href=\"https:\/\/www.pressalert.ro\/category\/editori\/\">Recomand\u0103rile editorilor<\/a><\/li>\n<li class=\"entry-category\"><a href=\"https:\/\/www.pressalert.ro\/category\/stiri\/\">\u015etiri<\/a><\/li>\n<li class=\"entry-category\"><a href=\"https:\/\/www.pressalert.ro\/category\/stiri\/stiri-locale\/\">\u0218tiri locale<\/a><\/li>\n<li class=\"entry-category\"><a href=\"https:\/\/www.pressalert.ro\/category\/stiri\/stiri-locale\/timis-stiri-locale\/\">\u0218tiri Timi\u0219<\/a><\/li>\n<\/ul>\n<header>\n<h1 class=\"entry-title\">Ve\u0219ti de la STPT: Liniile 15, 16, E3 \u0219i M3 au revenit pe Calea Martirilor, iar alte patru linii \u00ee\u0219i reiau traseele obi\u0219nuite de la 1 septembrie<\/h1>\n<div class=\"meta-info\">\n<div class=\"td-post-author-name\">\n<div class=\"td-author-by\">De<\/div>\n<p><a href=\"https:\/\/www.pressalert.ro\/author\/valis\/\">Vali Silaghi<\/a><\/p>\n<div class=\"td-author-line\"> &#8211; <\/div>\n<\/div>\n<p><span class=\"td-post-date\"><time class=\"entry-date updated td-module-date\" datetime=\"2026-08-31T17:09:15+00:00\">aug. 31, 2026<\/time><\/span><\/p>\n<div class=\"td-post-comments\"><a href=\"https:\/\/www.pressalert.ro\/2026\/08\/vesti-de-la-stpt-liniile-15-16-e3-si-m3-au-revenit-pe-calea-martirilor-iar-alte-patru-linii-isi-reiau-traseele-obisnuite-de-la-1-septembrie\/#respond\">0<\/a><\/div>\n<\/div>\n<\/header>\n<\/div>\n<div class=\"td-post-sharing td-post-sharing-top td-pb-padding-side\"><span class=\"td-post-share-title\">DISTRIBUI\u021aI<\/span><\/p>\n<div class=\"td-default-sharing \"><a class=\"td-social-sharing-buttons td-social-facebook\" href=\"https:\/\/www.facebook.com\/sharer.php?u=https%3A%2F%2Fwww.pressalert.ro%2F2026%2F08%2Fvesti-de-la-stpt-liniile-15-16-e3-si-m3-au-revenit-pe-calea-martirilor-iar-alte-patru-linii-isi-reiau-traseele-obisnuite-de-la-1-septembrie%2F\"><\/p>\n<div class=\"td-social-but-text\">Facebook<\/div>\n<p><\/a><a class=\"td-social-sharing-buttons td-social-twitter\" href=\"https:\/\/twitter.com\/intent\/tweet?text=Ve%C8%99ti+de+la+STPT%3A+Liniile+15%2C+16%2C+E3+%C8%99i+M3+au+revenit+pe+Calea+Martirilor%2C+iar+alte+patru+linii+%C3%AE%C8%99i+reiau+traseele+obi%C8%99nuite+de+la+1+septembrie&amp;url=https%3A%2F%2Fwww.pressalert.ro%2F2026%2F08%2Fvesti-de-la-stpt-liniile-15-16-e3-si-m3-au-revenit-pe-calea-martirilor-iar-alte-patru-linii-isi-reiau-traseele-obisnuite-de-la-1-septembrie%2F&amp;via=PRESSALERT.ro\"><\/p>\n<div class=\"td-social-but-text\">Twitter<\/div>\n<p><\/a><\/div>\n<\/div>\n<div class=\"td-post-content td-pb-padding-side\">\n<figure class=\"wp-block-image size-large\"><img loading=\"lazy\" decoding=\"async\" width=\"1110\" height=\"768\" src=\"https:\/\/www.pressalert.ro\/wp-content\/uploads\/2026\/08\/autobuz-electric-stpt-1110x768.jpg\" alt class=\"wp-image-589984\"><\/figure>\n<p><strong>Societatea de Transport Public Timi\u0219oara (STPT) anun\u021b\u0103 c\u0103 mijloacele de transport \u00een comun de pe opt linii revin la traseele lor obi\u0219nuite, dup\u0103 finalizarea mai multor lucr\u0103ri de infrastructur\u0103.<\/strong> Pentru patru dintre linii, reluarea circula\u021biei normale s-a f\u0103cut mai devreme dec\u00e2t fusese stabilit ini\u021bial.<\/p>\n<p>Reluarea circula\u021biei normale vine ca urmare a \u00eencheierii \u0219antierelor de pe Calea Martirilor \u0219i de la trecerea la nivel cu calea ferat\u0103 din zona Aleea P\u0103durea Verde.<\/p>\n<h3 class=\"wp-block-heading\">Liniile 15, 16, E3 \u0219i M3 circul\u0103 deja pe traseele normale<\/h3>\n<p>\u00cencep\u00e2nd de luni, 31 august 2026, liniile de troleibuz \u0219i autobuz 15, 16, Express 3 \u0219i M3 au revenit la traseele lor obi\u0219nuite.<\/p>\n<p> Decizia vine odat\u0103 cu finalizarea anticipat\u0103 a lucr\u0103rilor de reabilitare desf\u0103\u0219urate pe Calea Martirilor.<\/p>\n<p>Mijloacele de transport care deservesc aceste linii nu mai parcurg variantele de ocolire temporare \u0219i opresc din nou \u00een toate sta\u021biile aferente traseelor standard.<\/p>\n<h3 class=\"wp-block-heading\">Modific\u0103ri de la 1 septembrie pentru liniile E4, E4b, M35 \u0219i L46<\/h3>\n<p>De asemenea, reprezentan\u021bii STPT informeaz\u0103 c\u0103 de mar\u021bi, 1 septembrie 2026, alte patru linii vor reveni la traseele de baz\u0103. Este vorba despre liniile Express 4, Express 4b, M35 \u0219i L46.<\/p>\n<p>Reluarea traseelor obi\u0219nuite este posibil\u0103 odat\u0103 cu redeschiderea traficului rutier la trecerea la nivel cu calea ferat\u0103 de pe Aleea P\u0103durea Verde. Autobuzele celor patru linii renun\u021b\u0103 la traseele deviate \u0219i vor efectua din nou opriri \u00een sta\u021biile obi\u0219nuite.<\/p>\n<\/div>\n<footer>\n<div class=\"td-post-source-tags td-pb-padding-side\">\n<ul class=\"td-tags td-post-small-box clearfix\">\n<li><span>ETICHETE<\/span><\/li>\n<li><a href=\"https:\/\/www.pressalert.ro\/tag\/autobuze-aleea-padurea-verde-timisoara\/\">autobuze aleea padurea verde timisoara<\/a><\/li>\n<li><a href=\"https:\/\/www.pressalert.ro\/tag\/linii-stpt-calea-martirilor\/\">linii stpt calea martirilor<\/a><\/li>\n<li><a href=\"https:\/\/www.pressalert.ro\/tag\/reluare-trasee-stpt-15-16-e3-m3\/\">reluare trasee stpt 15 16 e3 m3<\/a><\/li>\n<li><a href=\"https:\/\/www.pressalert.ro\/tag\/stpt-timisoara-trasee-normale\/\">stpt timisoara trasee normale<\/a><\/li>\n<li><a href=\"https:\/\/www.pressalert.ro\/tag\/timisoara\/\">Timisoara<\/a><\/li>\n<li><a href=\"https:\/\/www.pressalert.ro\/tag\/transport-public\/\">transport public<\/a><\/li>\n<li><a href=\"https:\/\/www.pressalert.ro\/tag\/transport-public-timisoara-septembrie-2026\/\">transport public timisoara septembrie 2026<\/a><\/li>\n<\/ul>\n<\/div>\n<div class=\"td-post-sharing td-post-sharing-bottom td-pb-padding-side\"><span class=\"td-post-share-title\">DISTRIBUI\u021aI<\/span><\/p>\n<div class=\"td-default-sharing \"><a class=\"td-social-sharing-buttons td-social-facebook\" href=\"https:\/\/www.facebook.com\/sharer.php?u=https%3A%2F%2Fwww.pressalert.ro%2F2026%2F08%2Fvesti-de-la-stpt-liniile-15-16-e3-si-m3-au-revenit-pe-calea-martirilor-iar-alte-patru-linii-isi-reiau-traseele-obisnuite-de-la-1-septembrie%2F\"><\/p>\n<div class=\"td-social-but-text\">Facebook<\/div>\n<p><\/a><a class=\"td-social-sharing-buttons td-social-twitter\" href=\"https:\/\/twitter.com\/intent\/tweet?text=Ve%C8%99ti+de+la+STPT%3A+Liniile+15%2C+16%2C+E3+%C8%99i+M3+au+revenit+pe+Calea+Martirilor%2C+iar+alte+patru+linii+%C3%AE%C8%99i+reiau+traseele+obi%C8%99nuite+de+la+1+septembrie&amp;url=https%3A%2F%2Fwww.pressalert.ro%2F2026%2F08%2Fvesti-de-la-stpt-liniile-15-16-e3-si-m3-au-revenit-pe-calea-martirilor-iar-alte-patru-linii-isi-reiau-traseele-obisnuite-de-la-1-septembrie%2F&amp;via=PRESSALERT.ro\"><\/p>\n<div class=\"td-social-but-text\">Twitter<\/div>\n<p><\/a><\/div>\n<\/div>\n<div class=\"td-block-row td-post-next-prev\">\n<div class=\"td-block-span6 td-post-prev-post\">\n<div class=\"td-post-next-prev-content\"><span>Articolul precedent<\/span><a href=\"https:\/\/www.pressalert.ro\/2026\/08\/incep-lucrarile-de-consolidare-pe-centura-orasului-caransebes-cu-restrictii-de-trafic-si-semafoare-timp-de-18-luni-cat-costa-santierul\/\">\u00cencep lucr\u0103rile de consolidare pe centura ora\u0219ului Caransebe\u0219, cu restric\u021bii de trafic \u0219i semafoare timp de 18 luni. C\u00e2t cost\u0103 \u0219antierul<\/a><\/div>\n<\/div>\n<\/div>\n<div class=\"author-box-wrap\"><a href=\"https:\/\/www.pressalert.ro\/author\/valis\/\"><img loading=\"lazy\" decoding=\"async\" alt src=\"https:\/\/secure.gravatar.com\/avatar\/4dd4bf03f54bb1d1013d2062934e6b9b?s=96&amp;d=mm&amp;r=g\" class=\"avatar avatar-96 photo\" height=\"96\" width=\"96\"><\/a><\/p>\n<div class=\"desc\">\n<div class=\"td-author-name vcard author\"><span class=\"fn\"><a href=\"https:\/\/www.pressalert.ro\/author\/valis\/\">Vali Silaghi<\/a><\/span><\/div>\n<div class=\"td-author-url\"><a href=\"https:\/\/www.pressalert.ro\">http:\/\/www.pressalert.ro<\/a><\/div>\n<\/div>\n<\/div>\n<p><span><\/span><span><span><\/span><\/span><span><\/span><\/footer>\n<\/article>\n<div class=\"td-post-content td-pb-padding-side\">\n<figure class=\"wp-block-image size-large\"><img loading=\"lazy\" decoding=\"async\" width=\"1110\" height=\"768\" src=\"https:\/\/www.pressalert.ro\/wp-content\/uploads\/2026\/08\/autobuz-electric-stpt-1110x768.jpg\" alt class=\"wp-image-589984\"><\/figure>\n<p><strong>Societatea de Transport Public Timi\u0219oara (STPT) anun\u021b\u0103 c\u0103 mijloacele de transport \u00een comun de pe opt linii revin la traseele lor obi\u0219nuite, dup\u0103 finalizarea mai multor lucr\u0103ri de infrastructur\u0103.<\/strong> Pentru patru dintre linii, reluarea circula\u021biei normale s-a f\u0103cut mai devreme dec\u00e2t fusese stabilit ini\u021bial.<\/p>\n<p>Reluarea circula\u021biei normale vine ca urmare a \u00eencheierii \u0219antierelor de pe Calea Martirilor \u0219i de la trecerea la nivel cu calea ferat\u0103 din zona Aleea P\u0103durea Verde.<\/p>\n<h3 class=\"wp-block-heading\">Liniile 15, 16, E3 \u0219i M3 circul\u0103 deja pe traseele normale<\/h3>\n<p>\u00cencep\u00e2nd de luni, 31 august 2026, liniile de troleibuz \u0219i autobuz 15, 16, Express 3 \u0219i M3 au revenit la traseele lor obi\u0219nuite.<\/p>\n<p> Decizia vine odat\u0103 cu finalizarea anticipat\u0103 a lucr\u0103rilor de reabilitare desf\u0103\u0219urate pe Calea Martirilor.<\/p>\n<p>Mijloacele de transport care deservesc aceste linii nu mai parcurg variantele de ocolire temporare \u0219i opresc din nou \u00een toate sta\u021biile aferente traseelor standard.<\/p>\n<h3 class=\"wp-block-heading\">Modific\u0103ri de la 1 septembrie pentru liniile E4, E4b, M35 \u0219i L46<\/h3>\n<p>De asemenea, reprezentan\u021bii STPT informeaz\u0103 c\u0103 de mar\u021bi, 1 septembrie 2026, alte patru linii vor reveni la traseele de baz\u0103. Este vorba despre liniile Express 4, Express 4b, M35 \u0219i L46.<\/p>\n<p>Reluarea traseelor obi\u0219nuite este posibil\u0103 odat\u0103 cu redeschiderea traficului rutier la trecerea la nivel cu calea ferat\u0103 de pe Aleea P\u0103durea Verde. Autobuzele celor patru linii renun\u021b\u0103 la traseele deviate \u0219i vor efectua din nou opriri \u00een sta\u021biile obi\u0219nuite.<\/p>\n<\/div>\n<p>[analyse_source url=&#8221;https:\/\/www.pressalert.ro\/2026\/08\/vesti-de-la-stpt-liniile-15-16-e3-si-m3-au-revenit-pe-calea-martirilor-iar-alte-patru-linii-isi-reiau-traseele-obisnuite-de-la-1-septembrie\/&#8221;]<\/p>\n","protected":false},"excerpt":{"rendered":"<p>[analyse_image type=&#8221;featured&#8221; src=&#8221;https:\/\/www.pressalert.ro\/wp-content\/uploads\/2026\/08\/autobuz-electric-stpt.jpghttps:\/\/www.pressalert.ro\/wp-content\/uploads\/2026\/08\/autobuz-electric-stpt.jpg&#8221;] Acas\u0103Recomand\u0103rile editorilorVe\u0219ti de la STPT: Liniile 15, 16, E3 \u0219i M3 au revenit&#8230; Recomand\u0103rile editorilor \u015etiri \u0218tiri locale \u0218tiri Timi\u0219 Ve\u0219ti de la STPT: Liniile 15, 16, E3 \u0219i M3 au revenit pe Calea Martirilor, iar alte patru linii \u00ee\u0219i reiau traseele obi\u0219nuite de la 1 septembrie De Vali Silaghi &#8211; aug. [&hellip;]<\/p>\n","protected":false},"author":1,"featured_media":0,"comment_status":"open","ping_status":"","sticky":false,"template":"","format":"standard","meta":{"footnotes":""},"categories":[89],"tags":[226,176],"class_list":["post-2120528","post","type-post","status-publish","format-standard","hentry","category-romania","tag-crawlmanager","tag-pressalert-ro"],"_links":{"self":[{"href":"https:\/\/analyse.optim.biz\/index.php?rest_route=\/wp\/v2\/posts\/2120528","targetHints":{"allow":["GET"]}}],"collection":[{"href":"https:\/\/analyse.optim.biz\/index.php?rest_route=\/wp\/v2\/posts"}],"about":[{"href":"https:\/\/analyse.optim.biz\/index.php?rest_route=\/wp\/v2\/types\/post"}],"author":[{"embeddable":true,"href":"https:\/\/analyse.optim.biz\/index.php?rest_route=\/wp\/v2\/users\/1"}],"replies":[{"embeddable":true,"href":"https:\/\/analyse.optim.biz\/index.php?rest_route=%2Fwp%2Fv2%2Fcomments&post=2120528"}],"version-history":[{"count":0,"href":"https:\/\/analyse.optim.biz\/index.php?rest_route=\/wp\/v2\/posts\/2120528\/revisions"}],"wp:attachment":[{"href":"https:\/\/analyse.optim.biz\/index.php?rest_route=%2Fwp%2Fv2%2Fmedia&parent=2120528"}],"wp:term":[{"taxonomy":"category","embeddable":true,"href":"https:\/\/analyse.optim.biz\/index.php?rest_route=%2Fwp%2Fv2%2Fcategories&post=2120528"},{"taxonomy":"post_tag","embeddable":true,"href":"https:\/\/analyse.optim.biz\/index.php?rest_route=%2Fwp%2Fv2%2Ftags&post=2120528"}],"curies":[{"name":"wp","href":"https:\/\/api.w.org\/{rel}","templated":true}]}}