{"id":2120517,"date":"2026-08-31T04:15:08","date_gmt":"2026-08-31T01:15:08","guid":{"rendered":"https:\/\/analyse.optim.biz\/?p=2120517"},"modified":"2026-08-31T04:15:08","modified_gmt":"2026-08-31T01:15:08","slug":"primul-relaxat-al-sucevei-vasile-rimbu-le-arata-pisica-pe-otilia-unuia-si-pe-felix-celuilalt","status":"publish","type":"post","link":"https:\/\/analyse.optim.biz\/?p=2120517","title":{"rendered":"Primul relaxat al Sucevei, Vasile R\u00eembu, le-arat\u0103 pisica: pe Otilia unuia \u0219i pe Felix celuilalt"},"content":{"rendered":"<p>[analyse_image type=&#8221;featured&#8221; src=&#8221;https:\/\/www.radiotop.ro\/img\/media\/2026\/08\/rimbu-pisici.jpg&#8221;]<\/p>\n<div class=\"entry-content no-share\">\n<div class=\"content-inner \">\n<p>Recent, opinia public\u0103 din municipiul Suceava, \u0219i nu numai, a avut ocazia s\u0103 vad\u0103 \u201dtabloul\u201d \u201dPrimar cu dou\u0103 pisici\u201d. \u00cen acesta apar primarul Sucevei, Vasile R\u00eembu, st\u00eend \u00een fotoliul de la birou, o pisic\u0103 a\u0219ezat\u0103 pe birou \u0219i o alta a\u0219ezat\u0103 pe scaunul din fa\u021ba biroului, unde probabil c\u0103 se pun subordona\u021bii care a\u0219teapt\u0103 ordine \u0219i sucevenii veni\u021bi \u00een audien\u021b\u0103 care a\u0219teapt\u0103 solu\u021bii. Chiar primarul a livrat fotografia, spun\u00eend c\u0103 s-au \u00eemplinit doi ani de c\u00eend a adoptat pisicile pe care le-a botezat Felix \u0219i Otilia. Poate c\u0103 dac\u0103 domnul R\u00eembu ar adopta doi c\u00eeini, acesta i-ar boteza George \u0219i C\u0103linescu. Ori s\u00eentem intelectuali, ori nu mai s\u00eentem, nu?<\/p>\n<p>Dac\u0103 te ui\u021bi la post\u0103rile pe care le face aproape zilnic primarul, spui c\u0103 acesta se spete\u0219te muncind. Dac\u0103, \u00eens\u0103, prive\u0219ti fotografia cu el \u0219i cu cele dou\u0103 pisici, spui c\u0103 acesta pare mereu \u00een vacan\u021b\u0103. E relaxat mai ceva ca Felix \u0219i Otilia care lenevesc \u00een biroul \u0219efului unei institu\u021bii publice, \u0219i nu \u00een camera vreunei pi\u021bipoance, care, ca s\u0103 nu se plictiseasc\u0103, \u00ee\u0219i face toat\u0103 ziua genele \u0219i spr\u00eencenele, \u0219i butoneaz\u0103 cu unghiile false telefonul mobil, iar seara iese la plimbare \u021bin\u00eend pe um\u0103r o \u201dpo\u0219etu\u021ba\u201d din care scoate capul un c\u00eeine de talie mic\u0103. Poate c\u0103 primarul se d\u0103 mare iubitor de pisici, \u0219i nu din cele de ras\u0103, ci din cele luate din strad\u0103, pentru a le demonstra sucevenilor c\u0103 are un suflet mare. Tototdat\u0103, relaxarea afi\u0219at\u0103 de primar poate reprezenta \u0219i un mesaj pentru cei care nu c\u0103 nu-l aplaud\u0103, dar \u00ee\u0219i permit, culmea tupeului, s\u0103-l critice pe el, omul care aduce civiliza\u021bia \u00een aceast\u0103 comun\u0103 s\u0103lb\u0103ticit\u0103. \u201dB\u0103i, b\u0103ie\u021bi, pute\u021bi s\u0103 &lt;l\u0103tra\u021bi c\u00eet vre\u021bi&gt;, pentru c\u0103 oricum nu v\u0103 aud. Nu v\u0103d aud pentru c\u0103 torc pisicile\u201d.<\/p>\n<p>Apoi, fotografia publicat\u0103 de primul relaxat al Sucevei se poate interpreta ca un ar\u0103tat al pisicii celor doi fo\u0219ti conduc\u0103tori ai Sucevei, care au \u00eenceput s\u0103 scoat\u0103 capul \u00een lume \u0219i s\u0103 spun\u0103 c\u0103 administra\u021bia R\u00eembu nu face dec\u00eet s\u0103 continue proiectele fostei administra\u021bii. \u201dB\u0103i, b\u0103ie\u021bi, dac\u0103 nu v\u0103 potoli\u021bi, vede\u021bi c\u0103 \u00eencep s\u0103 caut mai bine prin acte\u201d. Astfel, o pisic\u0103 \u00eei este ar\u0103tat\u0103 fostului primar Ion Lungu, iar cealalt\u0103 \u00eei este ar\u0103tat\u0103 fostului viceprimar Lucian Har\u0219ovschi. Acum nu \u0219tiu dac\u0103 Felix este pentru domul Lungu, iar Otilia pentru domnul Har\u0219ovschi sau invers.<\/p>\n<\/div>\n<\/div>\n<div class=\"content-inner \">\n<p>Recent, opinia public\u0103 din municipiul Suceava, \u0219i nu numai, a avut ocazia s\u0103 vad\u0103 \u201dtabloul\u201d \u201dPrimar cu dou\u0103 pisici\u201d. \u00cen acesta apar primarul Sucevei, Vasile R\u00eembu, st\u00eend \u00een fotoliul de la birou, o pisic\u0103 a\u0219ezat\u0103 pe birou \u0219i o alta a\u0219ezat\u0103 pe scaunul din fa\u021ba biroului, unde probabil c\u0103 se pun subordona\u021bii care a\u0219teapt\u0103 ordine \u0219i sucevenii veni\u021bi \u00een audien\u021b\u0103 care a\u0219teapt\u0103 solu\u021bii. Chiar primarul a livrat fotografia, spun\u00eend c\u0103 s-au \u00eemplinit doi ani de c\u00eend a adoptat pisicile pe care le-a botezat Felix \u0219i Otilia. Poate c\u0103 dac\u0103 domnul R\u00eembu ar adopta doi c\u00eeini, acesta i-ar boteza George \u0219i C\u0103linescu. Ori s\u00eentem intelectuali, ori nu mai s\u00eentem, nu?<\/p>\n<p>Dac\u0103 te ui\u021bi la post\u0103rile pe care le face aproape zilnic primarul, spui c\u0103 acesta se spete\u0219te muncind. Dac\u0103, \u00eens\u0103, prive\u0219ti fotografia cu el \u0219i cu cele dou\u0103 pisici, spui c\u0103 acesta pare mereu \u00een vacan\u021b\u0103. E relaxat mai ceva ca Felix \u0219i Otilia care lenevesc \u00een biroul \u0219efului unei institu\u021bii publice, \u0219i nu \u00een camera vreunei pi\u021bipoance, care, ca s\u0103 nu se plictiseasc\u0103, \u00ee\u0219i face toat\u0103 ziua genele \u0219i spr\u00eencenele, \u0219i butoneaz\u0103 cu unghiile false telefonul mobil, iar seara iese la plimbare \u021bin\u00eend pe um\u0103r o \u201dpo\u0219etu\u021ba\u201d din care scoate capul un c\u00eeine de talie mic\u0103. Poate c\u0103 primarul se d\u0103 mare iubitor de pisici, \u0219i nu din cele de ras\u0103, ci din cele luate din strad\u0103, pentru a le demonstra sucevenilor c\u0103 are un suflet mare. Tototdat\u0103, relaxarea afi\u0219at\u0103 de primar poate reprezenta \u0219i un mesaj pentru cei care nu c\u0103 nu-l aplaud\u0103, dar \u00ee\u0219i permit, culmea tupeului, s\u0103-l critice pe el, omul care aduce civiliza\u021bia \u00een aceast\u0103 comun\u0103 s\u0103lb\u0103ticit\u0103. \u201dB\u0103i, b\u0103ie\u021bi, pute\u021bi s\u0103 &lt;l\u0103tra\u021bi c\u00eet vre\u021bi&gt;, pentru c\u0103 oricum nu v\u0103 aud. Nu v\u0103d aud pentru c\u0103 torc pisicile\u201d.<\/p>\n<p>Apoi, fotografia publicat\u0103 de primul relaxat al Sucevei se poate interpreta ca un ar\u0103tat al pisicii celor doi fo\u0219ti conduc\u0103tori ai Sucevei, care au \u00eenceput s\u0103 scoat\u0103 capul \u00een lume \u0219i s\u0103 spun\u0103 c\u0103 administra\u021bia R\u00eembu nu face dec\u00eet s\u0103 continue proiectele fostei administra\u021bii. \u201dB\u0103i, b\u0103ie\u021bi, dac\u0103 nu v\u0103 potoli\u021bi, vede\u021bi c\u0103 \u00eencep s\u0103 caut mai bine prin acte\u201d. Astfel, o pisic\u0103 \u00eei este ar\u0103tat\u0103 fostului primar Ion Lungu, iar cealalt\u0103 \u00eei este ar\u0103tat\u0103 fostului viceprimar Lucian Har\u0219ovschi. Acum nu \u0219tiu dac\u0103 Felix este pentru domul Lungu, iar Otilia pentru domnul Har\u0219ovschi sau invers.<\/p>\n<\/div>\n<p>[analyse_source url=&#8221;https:\/\/www.radiotop.ro\/tableta-zilei\/primul-relaxat-al-sucevei-vasile-rimbu-le-arata-pisica-pe-otilia-unuia-si-pe-felix-celuilalt.html&#8221;]<\/p>\n","protected":false},"excerpt":{"rendered":"<p>[analyse_image type=&#8221;featured&#8221; src=&#8221;https:\/\/www.radiotop.ro\/img\/media\/2026\/08\/rimbu-pisici.jpg&#8221;] Recent, opinia public\u0103 din municipiul Suceava, \u0219i nu numai, a avut ocazia s\u0103 vad\u0103 \u201dtabloul\u201d \u201dPrimar cu dou\u0103 pisici\u201d. \u00cen acesta apar primarul Sucevei, Vasile R\u00eembu, st\u00eend \u00een fotoliul de la birou, o pisic\u0103 a\u0219ezat\u0103 pe birou \u0219i o alta a\u0219ezat\u0103 pe scaunul din fa\u021ba biroului, unde probabil c\u0103 se pun subordona\u021bii [&hellip;]<\/p>\n","protected":false},"author":1,"featured_media":0,"comment_status":"open","ping_status":"","sticky":false,"template":"","format":"standard","meta":{"footnotes":""},"categories":[89],"tags":[226,163],"class_list":["post-2120517","post","type-post","status-publish","format-standard","hentry","category-romania","tag-crawlmanager","tag-radiotop-ro"],"_links":{"self":[{"href":"https:\/\/analyse.optim.biz\/index.php?rest_route=\/wp\/v2\/posts\/2120517","targetHints":{"allow":["GET"]}}],"collection":[{"href":"https:\/\/analyse.optim.biz\/index.php?rest_route=\/wp\/v2\/posts"}],"about":[{"href":"https:\/\/analyse.optim.biz\/index.php?rest_route=\/wp\/v2\/types\/post"}],"author":[{"embeddable":true,"href":"https:\/\/analyse.optim.biz\/index.php?rest_route=\/wp\/v2\/users\/1"}],"replies":[{"embeddable":true,"href":"https:\/\/analyse.optim.biz\/index.php?rest_route=%2Fwp%2Fv2%2Fcomments&post=2120517"}],"version-history":[{"count":0,"href":"https:\/\/analyse.optim.biz\/index.php?rest_route=\/wp\/v2\/posts\/2120517\/revisions"}],"wp:attachment":[{"href":"https:\/\/analyse.optim.biz\/index.php?rest_route=%2Fwp%2Fv2%2Fmedia&parent=2120517"}],"wp:term":[{"taxonomy":"category","embeddable":true,"href":"https:\/\/analyse.optim.biz\/index.php?rest_route=%2Fwp%2Fv2%2Fcategories&post=2120517"},{"taxonomy":"post_tag","embeddable":true,"href":"https:\/\/analyse.optim.biz\/index.php?rest_route=%2Fwp%2Fv2%2Ftags&post=2120517"}],"curies":[{"name":"wp","href":"https:\/\/api.w.org\/{rel}","templated":true}]}}