{"id":2120491,"date":"2026-08-31T00:00:00","date_gmt":"2026-08-30T21:00:00","guid":{"rendered":"https:\/\/analyse.optim.biz\/?p=2120491"},"modified":"2026-08-31T00:00:00","modified_gmt":"2026-08-30T21:00:00","slug":"germania-inflatia-a-revenit-pe-crestere-in-luna-august-alimentata-de-preturile-la-energie","status":"publish","type":"post","link":"https:\/\/analyse.optim.biz\/?p=2120491","title":{"rendered":"Germania: infla\u021bia a revenit pe cre\u0219tere \u00een luna august, alimentat\u0103 de pre\u021burile la energie"},"content":{"rendered":"<p>[analyse_image type=&#8221;featured&#8221; src=&#8221;https:\/\/foto.agerpres.ro\/foto\/detaliu\/7543960&#8243;]<\/p>\n<div class=\"mx-auto pt-3\">\n<p>Impulsionat\u0103 de o cre\u0219tere brusc\u0103 a pre\u021burilor la energie, infla\u021bia \u0219i-a continuat tendin\u021ba ascendent\u0103 \u00een august, \u00een Germania, ceea ce confer\u0103 noi argumente pentru o majorare a dob\u00e2nzii de c\u0103tre Banca Central\u0103 European\u0103 \u00een septembrie, transmite AFP.<\/p>\n<\/div>\n<div class=\"mx-auto pt-3\">\n                                Afisari: 5\n                            <\/div>\n<p>[analyse_source url=&#8221;https:\/\/agerpres.ro\/economic-extern\/2026\/08\/31\/germania-inflatia-a-revenit-pe-crestere-in-luna-august-alimentata-de-preturile-la-energie&#8211;1589362&#8243;]<\/p>\n","protected":false},"excerpt":{"rendered":"<p>[analyse_image type=&#8221;featured&#8221; src=&#8221;https:\/\/foto.agerpres.ro\/foto\/detaliu\/7543960&#8243;] Impulsionat\u0103 de o cre\u0219tere brusc\u0103 a pre\u021burilor la energie, infla\u021bia \u0219i-a continuat tendin\u021ba ascendent\u0103 \u00een august, \u00een Germania, ceea ce confer\u0103 noi argumente pentru o majorare a dob\u00e2nzii de c\u0103tre Banca Central\u0103 European\u0103 \u00een septembrie, transmite AFP. Afisari: 5 [analyse_source url=&#8221;https:\/\/agerpres.ro\/economic-extern\/2026\/08\/31\/germania-inflatia-a-revenit-pe-crestere-in-luna-august-alimentata-de-preturile-la-energie&#8211;1589362&#8243;]<\/p>\n","protected":false},"author":1,"featured_media":0,"comment_status":"open","ping_status":"","sticky":false,"template":"","format":"standard","meta":{"footnotes":""},"categories":[2],"tags":[37,226],"class_list":["post-2120491","post","type-post","status-publish","format-standard","hentry","category-politics","tag-agerpres-ro","tag-crawlmanager"],"_links":{"self":[{"href":"https:\/\/analyse.optim.biz\/index.php?rest_route=\/wp\/v2\/posts\/2120491","targetHints":{"allow":["GET"]}}],"collection":[{"href":"https:\/\/analyse.optim.biz\/index.php?rest_route=\/wp\/v2\/posts"}],"about":[{"href":"https:\/\/analyse.optim.biz\/index.php?rest_route=\/wp\/v2\/types\/post"}],"author":[{"embeddable":true,"href":"https:\/\/analyse.optim.biz\/index.php?rest_route=\/wp\/v2\/users\/1"}],"replies":[{"embeddable":true,"href":"https:\/\/analyse.optim.biz\/index.php?rest_route=%2Fwp%2Fv2%2Fcomments&post=2120491"}],"version-history":[{"count":0,"href":"https:\/\/analyse.optim.biz\/index.php?rest_route=\/wp\/v2\/posts\/2120491\/revisions"}],"wp:attachment":[{"href":"https:\/\/analyse.optim.biz\/index.php?rest_route=%2Fwp%2Fv2%2Fmedia&parent=2120491"}],"wp:term":[{"taxonomy":"category","embeddable":true,"href":"https:\/\/analyse.optim.biz\/index.php?rest_route=%2Fwp%2Fv2%2Fcategories&post=2120491"},{"taxonomy":"post_tag","embeddable":true,"href":"https:\/\/analyse.optim.biz\/index.php?rest_route=%2Fwp%2Fv2%2Ftags&post=2120491"}],"curies":[{"name":"wp","href":"https:\/\/api.w.org\/{rel}","templated":true}]}}