{"id":2120486,"date":"2026-08-31T00:00:00","date_gmt":"2026-08-30T21:00:00","guid":{"rendered":"https:\/\/analyse.optim.biz\/?p=2120486"},"modified":"2026-08-31T00:00:00","modified_gmt":"2026-08-30T21:00:00","slug":"tulcea-caravana-ivan-patzaichin-a-ajuns-la-final-incepe-caravana-delta-salbatica","status":"publish","type":"post","link":"https:\/\/analyse.optim.biz\/?p=2120486","title":{"rendered":"Tulcea: Caravana Ivan Patzaichin a ajuns la final; \u00eencepe caravana &#8216;Delta s\u0103lbatic\u0103&#8217;"},"content":{"rendered":"<p>[analyse_image type=&#8221;featured&#8221; src=&#8221;https:\/\/agerpres.ro\/data\/202608\/20260831165047_497985.jpg&#8221;]<\/p>\n<div class=\"mx-auto pt-3\">\n<p><strong>Caravana Ivan Patzaichin, eveniment care a \u00eenlocuit anul acesta festivalul omonim, se va \u00eencheia luni seara, \u00een satul Mila 23, dar grija pentru natur\u0103 \u0219i comunit\u0103\u021bile locale din Delt\u0103 promovate de cunoscutul campion olimpic sunt promovate \u00een continuare \u00een cadrul caravanei &#8216;Delta s\u0103lbatic\u0103&#8217;, ini\u021biativ\u0103 care promoveaz\u0103 filmul omonim.<\/strong><\/p>\n<p>Caravana Ivan Patzaichin a \u00eenceput la finele s\u0103pt\u0103m\u00e2nii trecute, \u00een municipiul Tulcea, la ansamblul memorial Ivan Patzaichin, iar startul a presupus at\u00e2t discursuri ale autorit\u0103\u021bilor, c\u00e2t \u0219i un scurt moment artistic sus\u021binut de Lucica Buhaev.<\/p>\n<p>\u00a0<\/p>\n<p><img decoding=\"async\" alt id=\"image_modal\" src=\"https:\/\/agerpres.ro\/data\/202608\/20260831164935_638696.jpg\"><\/p>\n<p>&#8216;Pare c\u0103 a fost foarte pu\u021bin\u0103 lume la acest start, dar participan\u021bii sunt deja pe ap\u0103. \u00cen plus, \u0219tim cu to\u021bii c\u0103 tulcenii prefer\u0103 plimbarea pe falez\u0103 sear\u0103, nu diminea\u021ba. Sunt foarte mul\u021bi competitori. A trebuit s\u0103 facem foarte pu\u021bin public acest eveniment pentru c\u0103 locurile au fost ocupate \u00een mare parte cu mult \u00eenainte s\u0103 se anun\u021be \u00eenscrierile&#8217;, a declarat, pentru AGERPRES, pre\u0219edinta de onoare a asocia\u021biei Ivan Patzaichin-Mila 23 (IP-M23), Ivona Potzaichin-Rusu.<\/p>\n<p>\u00cen timpul discursurilor oficiale, autorit\u0103\u021bile l-au evocat pe Ivan Patzaichin, apreciind modul \u00een care s-a implicat \u00een via\u021ba comunit\u0103\u021bilor locale \u0219i recunosc\u00e2nd astfel importan\u021ba unui model.<\/p>\n<p>Participan\u021bii au parcurs p\u00e2n\u0103 luni dup\u0103-amiaz\u0103 \u00een b\u0103rci f\u0103r\u0103 motoare primul traseu dedicat turismului lent din rezerva\u021bie, Tulcea &#8211; Mila 23, denumit &#8216;Delta lui Ivan&#8217;, o ini\u021biativ\u0103 lansat\u0103 \u00een memoria lui Ivan Patzaichin prin care asocia\u021bia IP-M23 \u0219i Administra\u021bia Rezerva\u021biei Biosferei Delta Dun\u0103rii (ARBDD) au \u00eencercat s\u0103 o multiplice ulterior, cu fonduri europene, la nivelul \u00eentregii rezerva\u021bii, demersul neconcretiz\u00e2ndu-se \u00eens\u0103.<\/p>\n<p><img decoding=\"async\" alt id=\"image_modal\" src=\"https:\/\/agerpres.ro\/data\/202608\/20260831164950_608057.jpg\"><\/p>\n<p>Guvernatorul ARBDD, Florin St\u0103nea\u021b\u0103, a declarat c\u0103 ini\u021biativa va fi reluat\u0103 \u00een perioada urm\u0103toare.<\/p>\n<p>&#8216;Din p\u0103cate, proiectul nu s-a mai reu\u0219it a fi implementat, motiv pentru care acum suntem \u00een faza \u00een care scriem \u0219i transpunem aceste idei de proiect \u00eentr-o ini\u021biativ\u0103 care s\u0103 fie finan\u021bat\u0103 ulterior prin fonduri europene&#8217;, a men\u021bionat guvernatorul St\u0103nea\u021b\u0103.<\/p>\n<p>Luni dup\u0103-amiaz\u0103, to\u021bi participan\u021bii la caravana Ivan Patzaichin au ajuns la Mila 23, fiind invita\u021bi la un tur ghidat la Muzeul Ivan Patzaichin care g\u0103zduie\u0219te expozi\u021bia &#8216;Un domn maghiar din New York: Kovi Pal \u0219i osp\u0103\u021bul transilvan&#8217;, organizat\u0103 de Institutul Liszt &#8211; Centrul cultural maghiar Bucure\u0219ti.<\/p>\n<p>&#8216;La Mila 23, satul natal al lui Ivan Patzaichin, particip\u0103m \u0219i anul acesta la festivalul care \u00eei poart\u0103 numele, cu dou\u0103 pove\u0219ti care vin din lumi diferite, dar \u00ee\u0219i g\u0103sesc un loc comun pe malurile Dun\u0103rii. Una este povestea Dun\u0103rii, spus\u0103 prin filmul documentar Trans Duna 2, o c\u0103l\u0103torie de la Por\u021bile de Fier p\u00e2n\u0103 la Constan\u021ba, acompaniat\u0103 live de muzica trompetistului Barab\u00e1s L\u0151rinc \u0219i proiectat\u0103 \u00een prezen\u021ba regizorului Somogyv\u00e1ri Gerg\u0151. Cealalt\u0103 este povestea lui K\u00f6vi P\u00e1l, omul care a dus gastronomia transilv\u0103nean\u0103 p\u00e2n\u0103 la New York. Expozi\u021bia dedicat\u0103 centenarului celui care a pus gastronomia transilvan\u0103 pe harta mondial\u0103 poate fi vizitat\u0103 p\u00e2n\u0103 pe 20 septembrie la Muzeul Ivan Patzaichin&#8217;, se arat\u0103 \u00eentr-o postare pe pagina de Facebook a institutului.<\/p>\n<p><img decoding=\"async\" alt id=\"image_modal\" src=\"https:\/\/agerpres.ro\/data\/202608\/20260831165017_710652.jpg\"><\/p>\n<p>Festivitatea de premiere a participan\u021bilor la Caravana Ivan Patzaichin va avea loc \u00een centrul satului Mila 23, la ora 19:00, \u0219i va fi urmat\u0103 de proiec\u021bia documentarului &#8216;Trans Duna&#8217;, \u00een prezen\u021ba regizorului Somogyv\u00e1ri Gerg\u0151, filmul urm\u00e2nd s\u0103 fie acompaniat live de trompetistul Barab\u00e1s L\u0151rinc.<\/p>\n<p>Proiec\u021bia va fi urmat\u0103 de cea a documentarului &#8216;Delta s\u0103lbatic\u0103&#8217;, regizat de Dan Dinu, acesta explic\u00e2nd motivul pentru care a ales Mila 23 ca prim\u0103 proiec\u021bie \u00een cadrul caravanei &#8216;Delta s\u0103lbatic\u0103&#8217;.<\/p>\n<p>&#8216;Mila 23 a fost punctul \u00een care noi am filmat poate cel mai mult, a fost locul nostru de baz\u0103 \u0219i ne leag\u0103 foarte multe de acel sat spectaculos. \u00cen plus, deja avem prieteni acolo, ne sim\u021bim ca acas\u0103 \u0219i este deja cumva un loc de suflet \u0219i pentru noi&#8217;, a declarat regizorul Dan Dinu.<\/p>\n<p>Filmul &#8216;Delta s\u0103lbatic\u0103&#8217;, cel mai amplu documentar despre RBDD care va intra \u00een cinematografele din Rom\u00e2nia la finele lunii octombrie, va fi prezentat mar\u021bi, la Teatrul &#8216;Jean Bart&#8217; din Tulcea, cu prilejul Zilei RBDD, \u00een cadrul caravanei omonime, proiec\u021bia urm\u00e2nd s\u0103 fie precedat\u0103 de o expozi\u021bie de fotografie semnat\u0103 de regizor, demersul prezent\u00e2nd instantanee din Delt\u0103 surprinse \u00een ultimii 15 ani.<\/p>\n<p>Caravana Delta s\u0103lbatic\u0103 va continua \u00een zilele urm\u0103toare \u00een diferite localit\u0103\u021bi din RBDD \u0219i se va \u00eencheia vineri seara, \u00een satul Sarichioi, unde va \u00eencepe regata &#8216;Nod \u00een papur\u0103&#8217;. AGERPRES\/(A, AS &#8211; redactor: Luisiana B\u00eegea, editor: Anamaria Constantin, editor online: Simona Aru\u015ftei)<\/p>\n<\/div>\n<div class=\"mx-auto pt-3\">\n                                Afisari: 4\n                            <\/div>\n<p>[analyse_source url=&#8221;https:\/\/agerpres.ro\/social\/2026\/08\/31\/tulcea-caravana-ivan-patzaichin-a-ajuns-la-final-incepe-caravana-delta-salbatica&#8211;1589351&#8243;]<\/p>\n","protected":false},"excerpt":{"rendered":"<p>[analyse_image type=&#8221;featured&#8221; src=&#8221;https:\/\/agerpres.ro\/data\/202608\/20260831165047_497985.jpg&#8221;] Caravana Ivan Patzaichin, eveniment care a \u00eenlocuit anul acesta festivalul omonim, se va \u00eencheia luni seara, \u00een satul Mila 23, dar grija pentru natur\u0103 \u0219i comunit\u0103\u021bile locale din Delt\u0103 promovate de cunoscutul campion olimpic sunt promovate \u00een continuare \u00een cadrul caravanei &#8216;Delta s\u0103lbatic\u0103&#8217;, ini\u021biativ\u0103 care promoveaz\u0103 filmul omonim. Caravana Ivan Patzaichin a [&hellip;]<\/p>\n","protected":false},"author":1,"featured_media":0,"comment_status":"open","ping_status":"","sticky":false,"template":"","format":"standard","meta":{"footnotes":""},"categories":[2],"tags":[37,226],"class_list":["post-2120486","post","type-post","status-publish","format-standard","hentry","category-politics","tag-agerpres-ro","tag-crawlmanager"],"_links":{"self":[{"href":"https:\/\/analyse.optim.biz\/index.php?rest_route=\/wp\/v2\/posts\/2120486","targetHints":{"allow":["GET"]}}],"collection":[{"href":"https:\/\/analyse.optim.biz\/index.php?rest_route=\/wp\/v2\/posts"}],"about":[{"href":"https:\/\/analyse.optim.biz\/index.php?rest_route=\/wp\/v2\/types\/post"}],"author":[{"embeddable":true,"href":"https:\/\/analyse.optim.biz\/index.php?rest_route=\/wp\/v2\/users\/1"}],"replies":[{"embeddable":true,"href":"https:\/\/analyse.optim.biz\/index.php?rest_route=%2Fwp%2Fv2%2Fcomments&post=2120486"}],"version-history":[{"count":0,"href":"https:\/\/analyse.optim.biz\/index.php?rest_route=\/wp\/v2\/posts\/2120486\/revisions"}],"wp:attachment":[{"href":"https:\/\/analyse.optim.biz\/index.php?rest_route=%2Fwp%2Fv2%2Fmedia&parent=2120486"}],"wp:term":[{"taxonomy":"category","embeddable":true,"href":"https:\/\/analyse.optim.biz\/index.php?rest_route=%2Fwp%2Fv2%2Fcategories&post=2120486"},{"taxonomy":"post_tag","embeddable":true,"href":"https:\/\/analyse.optim.biz\/index.php?rest_route=%2Fwp%2Fv2%2Ftags&post=2120486"}],"curies":[{"name":"wp","href":"https:\/\/api.w.org\/{rel}","templated":true}]}}