{"id":2120479,"date":"2026-08-31T14:11:24","date_gmt":"2026-08-31T11:11:24","guid":{"rendered":"https:\/\/analyse.optim.biz\/?p=2120479"},"modified":"2026-08-31T14:11:24","modified_gmt":"2026-08-31T11:11:24","slug":"claxoane-chiote-si-bucurie-s-a-deschis-inca-un-sector-din-autostrada-moldovei-a7-soferii-merg-pe-autostrada-din-capitala-pana-la-bacau","status":"publish","type":"post","link":"https:\/\/analyse.optim.biz\/?p=2120479","title":{"rendered":"Claxoane, chiote \u0219i bucurie: s-a deschis \u00eenc\u0103 un sector din Autostrada Moldovei A7! \u0218oferii merg pe autostrad\u0103 din Capital\u0103 p\u00e2n\u0103 la Bac\u0103u"},"content":{"rendered":"<p>[analyse_image type=&#8221;featured&#8221; src=&#8221;https:\/\/sansanews.ro\/wp-content\/uploads\/2026\/08\/a7.jpghttps:\/\/sansanews.ro\/wp-content\/uploads\/2026\/08\/a7.jpg&#8221;]<\/p>\n<div class=\"entry-content herald-entry-content\">\n<div class=\"herald-ad herald-ad-above-single\"><a href=\"https:\/\/buzau.21k.ro\/\"><img loading=\"lazy\" decoding=\"async\" src=\"https:\/\/sansanews.ro\/wp-content\/uploads\/2026\/08\/300x300-k21.gif\" alt width=\"300\" height=\"300\" class=\"aligncenter size-full wp-image-124436\"><\/a><\/div>\n<p>Moment a\u0219teptat de mult timp de to\u021bi \u0219oferii care str\u0103bat drumurile Moldovei!<br \/>\nCu claxoane prelungite, chiote de bucurie \u0219i avarii aprinse, primii conduc\u0103tori<br \/>\nauto au intrat ast\u0103zi pe noul sector al Autostr\u0103zii A7, pe traseul Adjud \u2013<br \/>\nBac\u0103u. Imaginile transmise live de la fa\u021ba locului au surprins entuziasmul<br \/>\ncelor care au l\u0103sat \u00een urm\u0103 co\u0219marul aglomera\u021biei \u0219i al pericolelor de pe<br \/>\nDN2-E85 pentru a rula pe cei 47,1 kilometri proasp\u0103t da\u021bi \u00een trafic.<\/p>\n<p>Odat\u0103 cu deschiderea loturilor Adjud \u2013 R\u0103c\u0103ciuni \u0219i<br \/>\nR\u0103c\u0103ciuni \u2013 Bac\u0103u, Autostrada Moldovei A7 mai bifeaz\u0103 o etap\u0103 esen\u021bial\u0103, f\u0103c\u00e2nd<br \/>\nleg\u0103tura direct\u0103 \u00eentre nodul Adjud \u0219i centura Bac\u0103ului. Astfel, de ast\u0103zi se<br \/>\npoate circula ne\u00eentrerupt pe drum de mare vitez\u0103 de la Bucure\u0219ti p\u00e2n\u0103 la \u00a0Bac\u0103u.<\/p>\n<iframe loading=\"lazy\" title src=\"https:\/\/www.youtube.com\/embed\/y2rJjHOaxE4\" width=\"315\" height=\"576\" frameborder allowfullscreen=\"allowfullscreen\"><\/iframe>\n<blockquote class=\"wp-block-quote\">\n<p>\u201e\u0218oferii pot circula de ast\u0103zi pe 241,62 km din totalul celor 319 km ai Autostr\u0103zii Moldovei A7 p\u00e2n\u0103 la nodul rutier al Variantei Ocolitoare Bac\u0103u care face leg\u0103tura cu DN2F, spre Vaslui. Acum re\u021beaua rutier\u0103 administrat\u0103 de CNAIR \u00eensumeaz\u0103 1.477,34 km de drum de mare vitez\u0103\u201d, au transmis reprezentan\u021bii CNAIR.<\/p>\n<\/blockquote>\n<figure class=\"wp-block-embed-youtube wp-block-embed is-type-video is-provider-youtube wp-embed-aspect-16-9 wp-has-aspect-ratio\">\n<div class=\"wp-block-embed__wrapper\">\n<iframe loading=\"lazy\" title=\"deschidere trafic Adjud   Bacau   sursa CNAIR\" width=\"1320\" height=\"743\" src=\"https:\/\/www.youtube.com\/embed\/4M_RFguM9mA?feature=oembed\" frameborder allow=\"accelerometer; autoplay; clipboard-write; encrypted-media; gyroscope; picture-in-picture; web-share\" referrerpolicy=\"strict-origin-when-cross-origin\" allowfullscreen><\/iframe>\n<\/div>\n<\/figure>\n<p>Secretarul de stat \u00een Ministerul Transporturilor, Irinel Ionel Scrio\u0219teanu,<br \/>\na subliniat c\u0103 acest sector deschis ast\u0103zi marcheaz\u0103 dep\u0103\u0219irea pragului de<br \/>\njum\u0103tate din marea ax\u0103 strategic\u0103 nord-sud a \u021b\u0103rii:<\/p>\n<blockquote class=\"wp-block-quote\">\n<p>\u201eAxa strategic\u0103 nord-sud a Rom\u00e2niei la nivel de autostrad\u0103 a trecut ast\u0103zi de jum\u0103tate \u00een trafic. Tocmai am dat \u00een trafic un nou sector din Autostrada Moldovei A7, cuprins \u00eentre Adjud \u0219i Bac\u0103u, pe o lungime de 47 km. M\u0103 bucur s\u0103 v\u0103d c\u0103 acest proiect pe care l-am deblocat \u00een 2020 devine zi de zi realitate, iar ast\u0103zi circul\u0103m doar la nivel de autostrad\u0103 \u00eentre Bucure\u0219ti \u0219i Bac\u0103u pe o lungime de 286 km.\u201d<\/p>\n<\/blockquote>\n<p>Oficialul a adresat mul\u021bumiri speciale constructorului<br \/>\nrom\u00e2n UMB, care a mobilizat aproximativ 5.000 de oameni \u0219i peste 1.000 de<br \/>\nutilaje pe \u0219antier pentru finalizarea la timp a acestor lucr\u0103ri.<\/p>\n<p>\u00cen prezent, \u0219antierele r\u0103m\u00e2n active pe ultimele trei<br \/>\nloturi ale A7 dintre Bac\u0103u \u0219i Pa\u0219cani. <\/p>\n<div class=\"meta-tags\"><span>Etichete<\/span><a href=\"https:\/\/sansanews.ro\/tag\/a7-adjud-bacau\/\" rel=\"tag\">a7 adjud bacau<\/a><a href=\"https:\/\/sansanews.ro\/tag\/autostrada-moldovei\/\" rel=\"tag\">autostrada moldovei<\/a><a href=\"https:\/\/sansanews.ro\/tag\/cnair\/\" rel=\"tag\">cnair<\/a><\/div>\n<div class=\"herald-share-content\">\n<div class=\"meks_ess rectangle no-labels outline\"><a class=\"meks_ess-item socicon-facebook\" data-url=\"http:\/\/www.facebook.com\/sharer\/sharer.php?u=https%3A%2F%2Fsansanews.ro%2Fclaxoane-chiote-si-bucurie-s-a-deschis-inca-un-sector-din-autostrada-moldovei-a7-soferii-merg-pe-autostrada-din-capitala-pana-la-bacau%2F&amp;t=Claxoane%2C%20chiote%20%C8%99i%20bucurie%3A%20s-a%20deschis%20%C3%AEnc%C4%83%20un%20sector%20din%20Autostrada%20Moldovei%20A7%21%20%C8%98oferii%20merg%20pe%20autostrad%C4%83%20din%20Capital%C4%83%20p%C3%A2n%C4%83%20la%20Bac%C4%83u\"><span>Facebook<\/span><\/a><a href=\"https:\/\/api.whatsapp.com\/send?text=Claxoane%2C%20chiote%20%C8%99i%20bucurie%3A%20s-a%20deschis%20%C3%AEnc%C4%83%20un%20sector%20din%20Autostrada%20Moldovei%20A7%21%20%C8%98oferii%20merg%20pe%20autostrad%C4%83%20din%20Capital%C4%83%20p%C3%A2n%C4%83%20la%20Bac%C4%83u%20https%3A%2F%2Fsansanews.ro%2Fclaxoane-chiote-si-bucurie-s-a-deschis-inca-un-sector-din-autostrada-moldovei-a7-soferii-merg-pe-autostrada-din-capitala-pana-la-bacau%2F\" class=\"meks_ess-item socicon-whatsapp prevent-share-popup\"><span>WhatsApp<\/span><\/a><a class=\"meks_ess-item socicon-twitter\" data-url=\"http:\/\/twitter.com\/intent\/tweet?url=https%3A%2F%2Fsansanews.ro%2Fclaxoane-chiote-si-bucurie-s-a-deschis-inca-un-sector-din-autostrada-moldovei-a7-soferii-merg-pe-autostrada-din-capitala-pana-la-bacau%2F&amp;text=Claxoane%2C%20chiote%20%C8%99i%20bucurie%3A%20s-a%20deschis%20%C3%AEnc%C4%83%20un%20sector%20din%20Autostrada%20Moldovei%20A7%21%20%C8%98oferii%20merg%20pe%20autostrad%C4%83%20din%20Capital%C4%83%20p%C3%A2n%C4%83%20la%20Bac%C4%83u\"><span>Twitter<\/span><\/a><a class=\"meks_ess-item socicon-pinterest\" data-url=\"http:\/\/pinterest.com\/pin\/create\/button\/?url=https%3A%2F%2Fsansanews.ro%2Fclaxoane-chiote-si-bucurie-s-a-deschis-inca-un-sector-din-autostrada-moldovei-a7-soferii-merg-pe-autostrada-din-capitala-pana-la-bacau%2F&amp;media=https%3A%2F%2Fsansanews.ro%2Fwp-content%2Fuploads%2F2026%2F08%2Fa7.jpg&amp;description=Claxoane%2C%20chiote%20%C8%99i%20bucurie%3A%20s-a%20deschis%20%C3%AEnc%C4%83%20un%20sector%20din%20Autostrada%20Moldovei%20A7%21%20%C8%98oferii%20merg%20pe%20autostrad%C4%83%20din%20Capital%C4%83%20p%C3%A2n%C4%83%20la%20Bac%C4%83u\"><span>Pinterest<\/span><\/a><\/div>\n<\/div>\n<\/div>\n<div class=\"entry-content herald-entry-content\">\n<div class=\"herald-ad herald-ad-above-single\"><a href=\"https:\/\/buzau.21k.ro\/\"><img loading=\"lazy\" decoding=\"async\" src=\"https:\/\/sansanews.ro\/wp-content\/uploads\/2026\/08\/300x300-k21.gif\" alt width=\"300\" height=\"300\" class=\"aligncenter size-full wp-image-124436\"><\/a><\/div>\n<p>Moment a\u0219teptat de mult timp de to\u021bi \u0219oferii care str\u0103bat drumurile Moldovei!<br \/>\nCu claxoane prelungite, chiote de bucurie \u0219i avarii aprinse, primii conduc\u0103tori<br \/>\nauto au intrat ast\u0103zi pe noul sector al Autostr\u0103zii A7, pe traseul Adjud \u2013<br \/>\nBac\u0103u. Imaginile transmise live de la fa\u021ba locului au surprins entuziasmul<br \/>\ncelor care au l\u0103sat \u00een urm\u0103 co\u0219marul aglomera\u021biei \u0219i al pericolelor de pe<br \/>\nDN2-E85 pentru a rula pe cei 47,1 kilometri proasp\u0103t da\u021bi \u00een trafic.<\/p>\n<p>Odat\u0103 cu deschiderea loturilor Adjud \u2013 R\u0103c\u0103ciuni \u0219i<br \/>\nR\u0103c\u0103ciuni \u2013 Bac\u0103u, Autostrada Moldovei A7 mai bifeaz\u0103 o etap\u0103 esen\u021bial\u0103, f\u0103c\u00e2nd<br \/>\nleg\u0103tura direct\u0103 \u00eentre nodul Adjud \u0219i centura Bac\u0103ului. Astfel, de ast\u0103zi se<br \/>\npoate circula ne\u00eentrerupt pe drum de mare vitez\u0103 de la Bucure\u0219ti p\u00e2n\u0103 la \u00a0Bac\u0103u.<\/p>\n<iframe loading=\"lazy\" title src=\"https:\/\/www.youtube.com\/embed\/y2rJjHOaxE4\" width=\"315\" height=\"576\" frameborder allowfullscreen=\"allowfullscreen\"><\/iframe>\n<blockquote class=\"wp-block-quote\">\n<p>\u201e\u0218oferii pot circula de ast\u0103zi pe 241,62 km din totalul celor 319 km ai Autostr\u0103zii Moldovei A7 p\u00e2n\u0103 la nodul rutier al Variantei Ocolitoare Bac\u0103u care face leg\u0103tura cu DN2F, spre Vaslui. Acum re\u021beaua rutier\u0103 administrat\u0103 de CNAIR \u00eensumeaz\u0103 1.477,34 km de drum de mare vitez\u0103\u201d, au transmis reprezentan\u021bii CNAIR.<\/p>\n<\/blockquote>\n<figure class=\"wp-block-embed-youtube wp-block-embed is-type-video is-provider-youtube wp-embed-aspect-16-9 wp-has-aspect-ratio\">\n<div class=\"wp-block-embed__wrapper\">\n<iframe loading=\"lazy\" title=\"deschidere trafic Adjud   Bacau   sursa CNAIR\" width=\"1320\" height=\"743\" src=\"https:\/\/www.youtube.com\/embed\/4M_RFguM9mA?feature=oembed\" frameborder allow=\"accelerometer; autoplay; clipboard-write; encrypted-media; gyroscope; picture-in-picture; web-share\" referrerpolicy=\"strict-origin-when-cross-origin\" allowfullscreen><\/iframe>\n<\/div>\n<\/figure>\n<p>Secretarul de stat \u00een Ministerul Transporturilor, Irinel Ionel Scrio\u0219teanu,<br \/>\na subliniat c\u0103 acest sector deschis ast\u0103zi marcheaz\u0103 dep\u0103\u0219irea pragului de<br \/>\njum\u0103tate din marea ax\u0103 strategic\u0103 nord-sud a \u021b\u0103rii:<\/p>\n<blockquote class=\"wp-block-quote\">\n<p>\u201eAxa strategic\u0103 nord-sud a Rom\u00e2niei la nivel de autostrad\u0103 a trecut ast\u0103zi de jum\u0103tate \u00een trafic. Tocmai am dat \u00een trafic un nou sector din Autostrada Moldovei A7, cuprins \u00eentre Adjud \u0219i Bac\u0103u, pe o lungime de 47 km. M\u0103 bucur s\u0103 v\u0103d c\u0103 acest proiect pe care l-am deblocat \u00een 2020 devine zi de zi realitate, iar ast\u0103zi circul\u0103m doar la nivel de autostrad\u0103 \u00eentre Bucure\u0219ti \u0219i Bac\u0103u pe o lungime de 286 km.\u201d<\/p>\n<\/blockquote>\n<p>Oficialul a adresat mul\u021bumiri speciale constructorului<br \/>\nrom\u00e2n UMB, care a mobilizat aproximativ 5.000 de oameni \u0219i peste 1.000 de<br \/>\nutilaje pe \u0219antier pentru finalizarea la timp a acestor lucr\u0103ri.<\/p>\n<p>\u00cen prezent, \u0219antierele r\u0103m\u00e2n active pe ultimele trei<br \/>\nloturi ale A7 dintre Bac\u0103u \u0219i Pa\u0219cani. <\/p>\n<div class=\"meta-tags\"><span>Etichete<\/span><a href=\"https:\/\/sansanews.ro\/tag\/a7-adjud-bacau\/\" rel=\"tag\">a7 adjud bacau<\/a><a href=\"https:\/\/sansanews.ro\/tag\/autostrada-moldovei\/\" rel=\"tag\">autostrada moldovei<\/a><a href=\"https:\/\/sansanews.ro\/tag\/cnair\/\" rel=\"tag\">cnair<\/a><\/div>\n<div class=\"herald-share-content\">\n<div class=\"meks_ess rectangle no-labels outline\"><a class=\"meks_ess-item socicon-facebook\" data-url=\"http:\/\/www.facebook.com\/sharer\/sharer.php?u=https%3A%2F%2Fsansanews.ro%2Fclaxoane-chiote-si-bucurie-s-a-deschis-inca-un-sector-din-autostrada-moldovei-a7-soferii-merg-pe-autostrada-din-capitala-pana-la-bacau%2F&amp;t=Claxoane%2C%20chiote%20%C8%99i%20bucurie%3A%20s-a%20deschis%20%C3%AEnc%C4%83%20un%20sector%20din%20Autostrada%20Moldovei%20A7%21%20%C8%98oferii%20merg%20pe%20autostrad%C4%83%20din%20Capital%C4%83%20p%C3%A2n%C4%83%20la%20Bac%C4%83u\"><span>Facebook<\/span><\/a><a href=\"https:\/\/api.whatsapp.com\/send?text=Claxoane%2C%20chiote%20%C8%99i%20bucurie%3A%20s-a%20deschis%20%C3%AEnc%C4%83%20un%20sector%20din%20Autostrada%20Moldovei%20A7%21%20%C8%98oferii%20merg%20pe%20autostrad%C4%83%20din%20Capital%C4%83%20p%C3%A2n%C4%83%20la%20Bac%C4%83u%20https%3A%2F%2Fsansanews.ro%2Fclaxoane-chiote-si-bucurie-s-a-deschis-inca-un-sector-din-autostrada-moldovei-a7-soferii-merg-pe-autostrada-din-capitala-pana-la-bacau%2F\" class=\"meks_ess-item socicon-whatsapp prevent-share-popup\"><span>WhatsApp<\/span><\/a><a class=\"meks_ess-item socicon-twitter\" data-url=\"http:\/\/twitter.com\/intent\/tweet?url=https%3A%2F%2Fsansanews.ro%2Fclaxoane-chiote-si-bucurie-s-a-deschis-inca-un-sector-din-autostrada-moldovei-a7-soferii-merg-pe-autostrada-din-capitala-pana-la-bacau%2F&amp;text=Claxoane%2C%20chiote%20%C8%99i%20bucurie%3A%20s-a%20deschis%20%C3%AEnc%C4%83%20un%20sector%20din%20Autostrada%20Moldovei%20A7%21%20%C8%98oferii%20merg%20pe%20autostrad%C4%83%20din%20Capital%C4%83%20p%C3%A2n%C4%83%20la%20Bac%C4%83u\"><span>Twitter<\/span><\/a><a class=\"meks_ess-item socicon-pinterest\" data-url=\"http:\/\/pinterest.com\/pin\/create\/button\/?url=https%3A%2F%2Fsansanews.ro%2Fclaxoane-chiote-si-bucurie-s-a-deschis-inca-un-sector-din-autostrada-moldovei-a7-soferii-merg-pe-autostrada-din-capitala-pana-la-bacau%2F&amp;media=https%3A%2F%2Fsansanews.ro%2Fwp-content%2Fuploads%2F2026%2F08%2Fa7.jpg&amp;description=Claxoane%2C%20chiote%20%C8%99i%20bucurie%3A%20s-a%20deschis%20%C3%AEnc%C4%83%20un%20sector%20din%20Autostrada%20Moldovei%20A7%21%20%C8%98oferii%20merg%20pe%20autostrad%C4%83%20din%20Capital%C4%83%20p%C3%A2n%C4%83%20la%20Bac%C4%83u\"><span>Pinterest<\/span><\/a><\/div>\n<\/div>\n<\/div>\n<p>[analyse_source url=&#8221;https:\/\/sansanews.ro\/claxoane-chiote-si-bucurie-s-a-deschis-inca-un-sector-din-autostrada-moldovei-a7-soferii-merg-pe-autostrada-din-capitala-pana-la-bacau\/&#8221;]<\/p>\n","protected":false},"excerpt":{"rendered":"<p>[analyse_image type=&#8221;featured&#8221; src=&#8221;https:\/\/sansanews.ro\/wp-content\/uploads\/2026\/08\/a7.jpghttps:\/\/sansanews.ro\/wp-content\/uploads\/2026\/08\/a7.jpg&#8221;] Moment a\u0219teptat de mult timp de to\u021bi \u0219oferii care str\u0103bat drumurile Moldovei! Cu claxoane prelungite, chiote de bucurie \u0219i avarii aprinse, primii conduc\u0103tori auto au intrat ast\u0103zi pe noul sector al Autostr\u0103zii A7, pe traseul Adjud \u2013 Bac\u0103u. Imaginile transmise live de la fa\u021ba locului au surprins entuziasmul celor care au l\u0103sat [&hellip;]<\/p>\n","protected":false},"author":1,"featured_media":0,"comment_status":"open","ping_status":"","sticky":false,"template":"","format":"standard","meta":{"footnotes":""},"categories":[2],"tags":[226,51],"class_list":["post-2120479","post","type-post","status-publish","format-standard","hentry","category-politics","tag-crawlmanager","tag-sansanews-ro"],"_links":{"self":[{"href":"https:\/\/analyse.optim.biz\/index.php?rest_route=\/wp\/v2\/posts\/2120479","targetHints":{"allow":["GET"]}}],"collection":[{"href":"https:\/\/analyse.optim.biz\/index.php?rest_route=\/wp\/v2\/posts"}],"about":[{"href":"https:\/\/analyse.optim.biz\/index.php?rest_route=\/wp\/v2\/types\/post"}],"author":[{"embeddable":true,"href":"https:\/\/analyse.optim.biz\/index.php?rest_route=\/wp\/v2\/users\/1"}],"replies":[{"embeddable":true,"href":"https:\/\/analyse.optim.biz\/index.php?rest_route=%2Fwp%2Fv2%2Fcomments&post=2120479"}],"version-history":[{"count":0,"href":"https:\/\/analyse.optim.biz\/index.php?rest_route=\/wp\/v2\/posts\/2120479\/revisions"}],"wp:attachment":[{"href":"https:\/\/analyse.optim.biz\/index.php?rest_route=%2Fwp%2Fv2%2Fmedia&parent=2120479"}],"wp:term":[{"taxonomy":"category","embeddable":true,"href":"https:\/\/analyse.optim.biz\/index.php?rest_route=%2Fwp%2Fv2%2Fcategories&post=2120479"},{"taxonomy":"post_tag","embeddable":true,"href":"https:\/\/analyse.optim.biz\/index.php?rest_route=%2Fwp%2Fv2%2Ftags&post=2120479"}],"curies":[{"name":"wp","href":"https:\/\/api.w.org\/{rel}","templated":true}]}}