{"id":2120476,"date":"2026-08-31T00:00:00","date_gmt":"2026-08-30T21:00:00","guid":{"rendered":"https:\/\/analyse.optim.biz\/?p=2120476"},"modified":"2026-08-31T00:00:00","modified_gmt":"2026-08-30T21:00:00","slug":"siegfried-muresan-prioritatile-prezentate-de-grindeanu-o-agenda-populista-nu-credem-ca-psd-va-face-in-viitor-ce-nu-a-facut-in-trecut","status":"publish","type":"post","link":"https:\/\/analyse.optim.biz\/?p=2120476","title":{"rendered":"Siegfried Mure\u0219an: Priorit\u0103\u021bile prezentate de Grindeanu &#8211; o agend\u0103 populist\u0103; Nu credem c\u0103 PSD va face \u00een viitor ce nu a f\u0103cut \u00een trecut"},"content":{"rendered":"<p>[analyse_image type=&#8221;featured&#8221; src=&#8221;https:\/\/agerpres.ro\/data\/202608\/20260831161000_431173.jpg&#8221;]<\/p>\n<div class=\"mx-auto pt-3\">\n<p><strong>Europarlamentarul PNL Siegfried Mure\u0219an a declarat, luni, c\u0103 priorit\u0103\u021bile prezentate de liderul PSD, Sorin Grindeanu, pentru urm\u0103torii doi ani reprezint\u0103 o &#8216;agend\u0103 populist\u0103&#8217;. Liberalul sus\u021bine c\u0103 social-democra\u021bii nu mai au credibilitate s\u0103 fac\u0103 promisiuni \u00een domenii precum agricultura, pia\u021ba muncii, s\u0103n\u0103tatea \u0219i ap\u0103rarea, \u00eentruc\u00e2t PSD a de\u021binut ministerele de resort cea mai mare parte a ultimilor zece ani.<\/strong><\/p>\n<p>&#8216;Sorin Grindeanu a prezentat acum o agend\u0103 populist\u0103 de &#8217;10 priorit\u0103\u021bi ale Rom\u00e2niei&#8217;, care acoper\u0103 domenii foarte cunoscute PSD, de la agricultur\u0103 \u0219i pia\u021ba muncii, la s\u0103n\u0103tate \u0219i ap\u0103rare. S\u0103 amintim PSD c\u0103, \u00een ultimii 10 ani, a de\u021binut Ministerul Agriculturii peste 70% din timp, a de\u021binut Ministerul Muncii peste 70% din timp, a de\u021binut Ministerul S\u0103n\u0103t\u0103\u021bii peste 70% din timp, a de\u021binut Ministerul Ap\u0103r\u0103rii aproape 65% din timp&#8217;, a scris Mure\u0219an pe <a href=\"https:\/\/www.facebook.com\/SiegfriedMEP\/posts\/pfbid037gRurgwFkA9T92WbxrVRK3uL6YkQWbNz19wHxt878iUARip14Wt4EsMivRDUpn2Ml\" target=\"_blank\">Facebook<\/a>.<\/p>\n<p>Potrivit liberalului, &#8216;PSD nu mai are credibilitate s\u0103 promit\u0103 nimic \u00een niciunul dintre aceste domenii&#8217;.<\/p>\n<p>&#8216;Toate problemele pe care le avem \u00een aceste domenii sunt, \u00een primul r\u00e2nd, din vina mini\u0219trilor PSD. Nu mai credem c\u0103 PSD va face \u00een viitor ce nu a f\u0103cut \u00een trecut&#8217;, a ad\u0103ugat Siegfried Mure\u0219an.<\/p>\n<p>Pre\u0219edintele PSD, Sorin Grindeanu, a anun\u021bat, luni, c\u0103 Partidul Social Democrat propune forma\u021biunilor politice care doresc s\u0103 contribuie la formarea unei majorit\u0103\u021bi parlamentare un acord politic cu 10 priorit\u0103\u021bi pentru urm\u0103torii doi ani.<\/p>\n<p>Potrivit acestuia, priorit\u0103\u021bile propuse de PSD pentru &#8216;construc\u021bia Rom\u00e2niei&#8217; sunt: dezvoltarea energiei \u0219i valorificarea resurselor naturale; ap\u0103rarea rom\u00e2nilor prin modernizarea industriei na\u021bionale; reindustrializarea \u0219i finan\u021barea produc\u021biei rom\u00e2ne\u0219ti; \u00eembun\u0103t\u0103\u021birea colect\u0103rii veniturilor \u00eenaintea introducerii unor noi taxe; munca pl\u0103tit\u0103 pe m\u0103sura productivit\u0103\u021bii; \u00eembun\u0103t\u0103\u021birea sistemelor de educa\u021bie \u0219i s\u0103n\u0103tate; hran\u0103 rom\u00e2neasc\u0103, iriga\u021bii \u0219i dezvoltare rural\u0103; investi\u021bii strategice urm\u0103rite transparent; ap\u0103rarea interesului na\u021bional ap\u0103rat \u00een UE \u0219i NATO.<\/p>\n<p>El a men\u021bionat c\u0103 fiecare euro din programul SAFE trebuie s\u0103 se reflecte \u00een capacitatea industrial\u0103 a \u021b\u0103rii. AGERPRES\/(AS &#8211; redactor: Alina Nov\u0103ceanu, editor: Mihai Simionescu, editor online: Simona Aru\u015ftei)<\/p>\n<\/div>\n<div class=\"mx-auto pt-3\">\n                                Afisari: 185\n                            <\/div>\n<p>[analyse_source url=&#8221;https:\/\/agerpres.ro\/politic\/2026\/08\/31\/siegfried-muresan-prioritatile-prezentate-de-grindeanu&#8212;o-agenda-populista-nu-credem-ca-psd-va-face&#8211;1589327&#8243;]<\/p>\n","protected":false},"excerpt":{"rendered":"<p>[analyse_image type=&#8221;featured&#8221; src=&#8221;https:\/\/agerpres.ro\/data\/202608\/20260831161000_431173.jpg&#8221;] Europarlamentarul PNL Siegfried Mure\u0219an a declarat, luni, c\u0103 priorit\u0103\u021bile prezentate de liderul PSD, Sorin Grindeanu, pentru urm\u0103torii doi ani reprezint\u0103 o &#8216;agend\u0103 populist\u0103&#8217;. Liberalul sus\u021bine c\u0103 social-democra\u021bii nu mai au credibilitate s\u0103 fac\u0103 promisiuni \u00een domenii precum agricultura, pia\u021ba muncii, s\u0103n\u0103tatea \u0219i ap\u0103rarea, \u00eentruc\u00e2t PSD a de\u021binut ministerele de resort cea mai [&hellip;]<\/p>\n","protected":false},"author":1,"featured_media":0,"comment_status":"open","ping_status":"","sticky":false,"template":"","format":"standard","meta":{"footnotes":""},"categories":[2],"tags":[37,226],"class_list":["post-2120476","post","type-post","status-publish","format-standard","hentry","category-politics","tag-agerpres-ro","tag-crawlmanager"],"_links":{"self":[{"href":"https:\/\/analyse.optim.biz\/index.php?rest_route=\/wp\/v2\/posts\/2120476","targetHints":{"allow":["GET"]}}],"collection":[{"href":"https:\/\/analyse.optim.biz\/index.php?rest_route=\/wp\/v2\/posts"}],"about":[{"href":"https:\/\/analyse.optim.biz\/index.php?rest_route=\/wp\/v2\/types\/post"}],"author":[{"embeddable":true,"href":"https:\/\/analyse.optim.biz\/index.php?rest_route=\/wp\/v2\/users\/1"}],"replies":[{"embeddable":true,"href":"https:\/\/analyse.optim.biz\/index.php?rest_route=%2Fwp%2Fv2%2Fcomments&post=2120476"}],"version-history":[{"count":0,"href":"https:\/\/analyse.optim.biz\/index.php?rest_route=\/wp\/v2\/posts\/2120476\/revisions"}],"wp:attachment":[{"href":"https:\/\/analyse.optim.biz\/index.php?rest_route=%2Fwp%2Fv2%2Fmedia&parent=2120476"}],"wp:term":[{"taxonomy":"category","embeddable":true,"href":"https:\/\/analyse.optim.biz\/index.php?rest_route=%2Fwp%2Fv2%2Fcategories&post=2120476"},{"taxonomy":"post_tag","embeddable":true,"href":"https:\/\/analyse.optim.biz\/index.php?rest_route=%2Fwp%2Fv2%2Ftags&post=2120476"}],"curies":[{"name":"wp","href":"https:\/\/api.w.org\/{rel}","templated":true}]}}