{"id":2120475,"date":"2026-08-31T00:00:00","date_gmt":"2026-08-30T21:00:00","guid":{"rendered":"https:\/\/analyse.optim.biz\/?p=2120475"},"modified":"2026-08-31T00:00:00","modified_gmt":"2026-08-30T21:00:00","slug":"canotaj-adriana-adam-pentru-mine-acest-cm-a-fost-fantastic-iar-anul-a-fost-unul-exceptional","status":"publish","type":"post","link":"https:\/\/analyse.optim.biz\/?p=2120475","title":{"rendered":"Canotaj: Adriana Adam &#8211; Pentru mine, acest CM a fost fantastic, iar anul a fost unul excep\u021bional"},"content":{"rendered":"<p>[analyse_image type=&#8221;featured&#8221; src=&#8221;https:\/\/foto.agerpres.ro\/foto\/detaliu\/19602157&#8243;]<\/p>\n<div class=\"mx-auto pt-3\">\n<p>Canotoarea rom\u00e2n\u0103 Adriana Adam a declarat, luni, la Snagov, dup\u0103 cele trei medalii de aur cucerite la Campionatele Mondiale de la Amsterdam, c\u0103 aceast\u0103 edi\u021bie a competi\u021biei a fost una &#8216;fantastic\u0103&#8217;, iar sezonul a reprezentat un &#8216;an excep\u021bional&#8217;, subliniind c\u0103 performan\u021bele au fost ob\u021binute dup\u0103 curse extrem de solicitante.<\/p>\n<p>&#8216;Este foarte greu, ce s\u0103 spun&#8230; Am tras \u0219ase curse, toate la prag de maximal, dar, cu ajutorul echipei din spate, am putut face fa\u021b\u0103 \u0219i ne bucur\u0103m tare mult pentru aceste reu\u0219ite. Pentru mine, acest campionat a fost unul fantastic, pot s\u0103 spun a\u0219a, extrem de fantastic. Pentru c\u0103 am f\u0103cut \u0219i barc\u0103 cu Simona Radi\u0219, care este un exemplu \u0219i m\u0103 bucur tare mult c\u0103 am reu\u0219it s\u0103 fiu l\u00e2ng\u0103 ea \u0219i s\u0103 mai \u00eenv\u0103\u021b anumite lucruri de la ea, pentru c\u0103 ai ce s\u0103 \u00eenve\u021bi. Avem \u0219i un Campionat European, unde am b\u0103tut recordul \u0219i acolo, avem un record european, dou\u0103 medalii de aur. \u0218i acum, trei medalii de aur la Campionatul Mondial \u0219i cu un record mondial la barca de 8+1. A fost un an excep\u021bional pentru noi \u0219i ne bucur\u0103m tare mult pentru aceste reu\u0219ite. \u0218i ne dorim de acum s\u0103 fim foarte, foarte s\u0103n\u0103toase, pentru c\u0103 treaba asta ne ajut\u0103 s\u0103 ne putem antrena \u00een continuare, care este obiectivul principal&#8217;, a declarat Adam.<\/p>\n<p>Canotoarea rom\u00e2n\u0103 a vorbit \u0219i despre condi\u021biile meteorologice \u0219i diferen\u021bele dintre culoarele de concurs de la Amsterdam.<\/p>\n<p>&#8216;Partea de clim\u0103 ne-a pus un pic piedic\u0103, dar am \u00eencercat s\u0103 fim prezente acolo, s\u0103 spunem c\u0103 condi\u021biile sunt acelea\u0219i pentru toat\u0103 lumea \u0219i s\u0103 tragem de noi, pentru c\u0103 suntem \u00eenv\u0103\u021bate s\u0103 trecem peste orice obstacol. Noi am avut culoare din serii destul de OK, ne-am f\u0103cut cursele foarte bine, ca acas\u0103, iar treaba asta ne-a dus din serii \u00een semifinal\u0103, iar semifinala ne-am c\u00e2\u0219tigat-o \u0219i obligatoriu aveam \u0219i un culoar favorabil \u00een final\u0103&#8217;, a spus sportiva.<\/p>\n<p>Adriana Adam a m\u0103rturisit c\u0103 atmosfera creat\u0103 de spectatorii prezen\u021bi la Amsterdam a reprezentat unul dintre momentele care i-au r\u0103mas \u00een memorie dup\u0103 Campionatele Mondiale.<\/p>\n<p>&#8216;Momentul care m-a uimit, s\u0103 spun a\u0219a, a fost tribuna care a fost at\u00e2t de mare, aproape asem\u0103n\u0103toare ca la Jocurile Olimpice. Efectiv, de la ultimul 500, chiar ultimul 750, \u00eencepea tribuna, care era un sentiment de m\u00e2ndrie \u0219i mai ales c\u0103 am v\u0103zut at\u00e2tea steaguri, steagul Rom\u00e2niei prezent acolo \u0219i rom\u00e2nii care strigau \u0219i ne \u00eencurajau at\u00e2t de mult. Pentru noi a contat tare, tare mult \u0219i treaba asta ne-a dat \u00eenc\u0103 un boost de energie de care aveam nevoie&#8217;, a afirmat ea.<\/p>\n<p>Sportiva a precizat c\u0103 urmeaz\u0103 participarea la Campionatele Na\u021bionale, dup\u0103 care canotorii rom\u00e2ni vor intra \u00een vacan\u021b\u0103: &#8216;Urmeaz\u0103 Campionatele Na\u021bionale. Particip\u0103m \u0219i la na\u021bionale. Mai avem trei curse \u0219i aici de tras. Pe Snagov, concur\u0103m la Campionatul Na\u021bional pentru CSA Steaua. O s\u0103 trag dublu rame cu Simona, dublu v\u00e2sle cu Simona \u0219i opt mixt la Steaua. De m\u00e2ine chiar \u00eencepem, de m\u00e2ine \u0219i poim\u00e2ine. \u0218i apoi intr\u0103m \u00een vacan\u021ba mult dorit\u0103 \u0219i a\u0219teptat\u0103 de noi cu toat\u0103 inima.&#8217;<\/p>\n<p>Canotoarea Ancu\u021ba Bodnar a vorbit despre titlul mondial cucerit \u00een proba de 8+1 feminin \u0219i despre recordul mondial stabilit de echipajul Rom\u00e2niei.<\/p>\n<p>&#8216;Ne bucur\u0103m foarte mult c\u0103 ne-am \u00eentors \u00eenving\u0103toare de la acest Campionat Mondial \u0219i ne bucur\u0103m \u0219i mai mult c\u0103 am reu\u0219it s\u0103 dobor\u00e2m recordul mondial. V\u0103 spun sincer c\u0103 nu a fost u\u0219or, dar am luptat \u0219i am plecat foarte hot\u0103r\u00e2t\u0103 de la \u00eenceput, pentru c\u0103 \u0219tiam c\u0103 trebuie s\u0103 fie al nostru&#8217;, a afirmat Bodnar.<\/p>\n<p>Canotorul Ciprian Tudos\u0103 a descris concursul din proba de 8+1 mixt \u0219i a subliniat importan\u021ba faptului c\u0103 Rom\u00e2nia \u0219i-a ap\u0103rat titlul mondial.<\/p>\n<p>&#8216;A fost un concurs foarte puternic, din p\u0103cate cu foarte multe diferen\u021be, ceea ce pe noi ne afecteaz\u0103 \u00een mod direct. Dar \u00eencerc\u0103m de fiecare dat\u0103 s\u0103 ne facem cursele noastre, pentru c\u0103 \u0103sta este obiectivul principal p\u00e2n\u0103 la Jocurile Olimpice, s\u0103 \u00eencerc\u0103m s\u0103 ne autodep\u0103\u0219im, s\u0103 vedem care este nivelul nostru la momentul respectiv. Ne bucur\u0103m foarte mult de acest rezultat minunat \u00een proba de 8+1 mixt. Am reu\u0219it s\u0103 ne ap\u0103r\u0103m titlul de campioni mondiali \u0219i acum ne vom bucura \u00een continuare de vacan\u021ba pe care am a\u0219teptat-o tot anul&#8217;, a declarat Tudos\u0103.<\/p>\n<p>Rom\u00e2nia a ocupat locul al patrulea \u00een clasamentul pe medalii la CM 2026, cu trei de aur, devansat\u0103 de Olanda (4-3-3), Germania (3-2-0) \u0219i de Statele Unite (3-0-6).<\/p>\n<p>Cele trei medalii de aur au fost cucerite de b\u0103rcile de dublu rame feminin (Adriana Adam \u0219i Simona Radi\u0219), 8+1 feminin (Cristina Drug\u0103, Geanina Juncanariu, Ancu\u021ba Bodnar, Maria Lehaci, Magdalena Rusu, Amalia Chelaru, Adriana Adam, Simona Radi\u0219 \u0219i Victoria Petreanu) \u0219i 8+1 mixt (Cristina Drug\u0103, Amalia Chelaru, Adriana Adam, Florin Lehaci, Cosmin Iulian Ple\u0219escu, Ciprian Tudos\u0103, \u0218tefan Berariu, Simona Radi\u0219 \u0219i Victoria Petreanu).<\/p>\n<p>Adriana Adam \u0219i Simona Radi\u0219 au \u00eencheiat cu trei medalii de aur Mondialele de la Amsterdam, dup\u0103 cele ob\u021binute la opt plus unu feminin \u0219i dublu rame feminin, o premier\u0103 la o edi\u021bie de Campionatelor Mondiale.<\/p>\n<p>La edi\u021bia de anul trecut a Campionatelor Mondiale, la Shanghai, Rom\u00e2nia a cucerit \u0219ase medalii, dintre care dou\u0103 de aur \u0219i patru de argint.<br \/>\nAGERPRES\/ (A, AS &#8211; redactor: Adrian \u021aone, editor: Mircea Lazaroniu)<\/p>\n<p>\u00a0<\/p>\n<p>Cite\u015fte \u015fi:<\/p>\n<p>\u00a0<\/p>\n<p><a href=\"https:\/\/agerpres.ro\/sport\/2026\/08\/31\/foto-canotaj-dorin-alupei---daca-s-ar-incheia-astazi-calificarile-pentru-jo-am-avea-35-de-sportivi-c--1589291\" target=\"_blank\">FOTO Canotaj: Dorin Alupei &#8211; Dac\u0103 s-ar \u00eencheia ast\u0103zi calific\u0103rile pentru JO, am avea 35 de sportivi califica\u021bi<\/a><\/p>\n<p>\u00a0<\/p>\n<p><a href=\"https:\/\/agerpres.ro\/sport\/2026\/08\/31\/foto-canotaj-elisabeta-lipa---sportivii-nostri-s-au-batut-si-cu-vremea-la-campionatele-mondiale-nu-d--1589283\" target=\"_blank\">FOTO Canotaj: Elisabeta Lip\u0103 &#8211; Sportivii no\u0219tri s-au b\u0103tut \u0219i cu vremea la Campionatele Mondiale, nu doar cu adversarii<\/a><\/p>\n<\/div>\n<div class=\"mx-auto pt-3\">\n                                Afisari: 137\n                            <\/div>\n<p>[analyse_source url=&#8221;https:\/\/agerpres.ro\/sport\/2026\/08\/31\/canotaj-adriana-adam&#8212;pentru-mine-acest-cm-a-fost-fantastic-iar-anul-a-fost-unul-exceptional&#8211;1589333&#8243;]<\/p>\n","protected":false},"excerpt":{"rendered":"<p>[analyse_image type=&#8221;featured&#8221; src=&#8221;https:\/\/foto.agerpres.ro\/foto\/detaliu\/19602157&#8243;] Canotoarea rom\u00e2n\u0103 Adriana Adam a declarat, luni, la Snagov, dup\u0103 cele trei medalii de aur cucerite la Campionatele Mondiale de la Amsterdam, c\u0103 aceast\u0103 edi\u021bie a competi\u021biei a fost una &#8216;fantastic\u0103&#8217;, iar sezonul a reprezentat un &#8216;an excep\u021bional&#8217;, subliniind c\u0103 performan\u021bele au fost ob\u021binute dup\u0103 curse extrem de solicitante. &#8216;Este foarte greu, [&hellip;]<\/p>\n","protected":false},"author":1,"featured_media":0,"comment_status":"open","ping_status":"","sticky":false,"template":"","format":"standard","meta":{"footnotes":""},"categories":[2],"tags":[37,226],"class_list":["post-2120475","post","type-post","status-publish","format-standard","hentry","category-politics","tag-agerpres-ro","tag-crawlmanager"],"_links":{"self":[{"href":"https:\/\/analyse.optim.biz\/index.php?rest_route=\/wp\/v2\/posts\/2120475","targetHints":{"allow":["GET"]}}],"collection":[{"href":"https:\/\/analyse.optim.biz\/index.php?rest_route=\/wp\/v2\/posts"}],"about":[{"href":"https:\/\/analyse.optim.biz\/index.php?rest_route=\/wp\/v2\/types\/post"}],"author":[{"embeddable":true,"href":"https:\/\/analyse.optim.biz\/index.php?rest_route=\/wp\/v2\/users\/1"}],"replies":[{"embeddable":true,"href":"https:\/\/analyse.optim.biz\/index.php?rest_route=%2Fwp%2Fv2%2Fcomments&post=2120475"}],"version-history":[{"count":0,"href":"https:\/\/analyse.optim.biz\/index.php?rest_route=\/wp\/v2\/posts\/2120475\/revisions"}],"wp:attachment":[{"href":"https:\/\/analyse.optim.biz\/index.php?rest_route=%2Fwp%2Fv2%2Fmedia&parent=2120475"}],"wp:term":[{"taxonomy":"category","embeddable":true,"href":"https:\/\/analyse.optim.biz\/index.php?rest_route=%2Fwp%2Fv2%2Fcategories&post=2120475"},{"taxonomy":"post_tag","embeddable":true,"href":"https:\/\/analyse.optim.biz\/index.php?rest_route=%2Fwp%2Fv2%2Ftags&post=2120475"}],"curies":[{"name":"wp","href":"https:\/\/api.w.org\/{rel}","templated":true}]}}