{"id":2120473,"date":"2026-08-31T00:00:00","date_gmt":"2026-08-30T21:00:00","guid":{"rendered":"https:\/\/analyse.optim.biz\/?p=2120473"},"modified":"2026-08-31T00:00:00","modified_gmt":"2026-08-30T21:00:00","slug":"grindeanu-psd-merge-la-cotroceni-cu-propunerea-de-prim-ministru-de-la-psd","status":"publish","type":"post","link":"https:\/\/analyse.optim.biz\/?p=2120473","title":{"rendered":"Grindeanu: PSD merge la Cotroceni cu propunerea de prim-ministru de la PSD"},"content":{"rendered":"<p>[analyse_image type=&#8221;featured&#8221; src=&#8221;https:\/\/foto.agerpres.ro\/foto\/detaliu\/19559874&#8243;]<\/p>\n<div class=\"mx-auto pt-3\">\n<p><strong>Pre\u0219edintele PSD, Sorin Grindeanu, a declarat, luni, la Sinaia, c\u0103 social-democra\u021bii vor merge la consult\u0103rile de la Palatul Cotroceni pentru formarea unui nou Guvern cu propria propunere de premier \u0219i a precizat c\u0103 \u00ee\u0219i asum\u0103 aceast\u0103 func\u021bie.<\/strong><\/p>\n<p>Grindeanu a fost \u00eentrebat dac\u0103 PSD ar fi dispus s\u0103 renun\u021be la func\u021bia de prim-ministru \u00een cazul \u00een care nu se va putea face un guvern minoritar PSD.<\/p>\n<p>&#8216;PSD merge la Cotroceni cu propunerea de prim-ministru de la PSD. Propunerea PSD pentru func\u021bia de prim-ministru este luat\u0103 de acum trei luni. Nu s-a schimbat nimic. Noi nu ne schimb\u0103m deciziile dup\u0103 cum bate v\u00e2ntul. Evident c\u0103 \u00eemi asum func\u021bia de prim-ministru, \u00eens\u0103 v\u0103 reamintesc c\u0103 pre\u0219edintele e cel care face desemnarea. \u00cen func\u021bie de asta vor exista discu\u021biile politice necesare. Este clar, \u00een schimb, c\u0103 este nevoie de o desemnare c\u00e2t mai repede. Ceea ce am stabilit noi ast\u0103zi este cadrul politic \u00een care PSD va sus\u021bine viitorul guvern. Iar variantele sunt &#8211; fie guvern minoritar PSD, fie un guvern \u00een jurul PSD. Spre deosebire de al\u021bii care confund\u0103 guvernul cu o prim\u0103rie, eu \u0219tiu ce \u00eenseamn\u0103 s\u0103 fii premier. (&#8230;) PSD nu \u0219i-a schimbat deciziile politice. Nu toate depind doar de noi. Ceea ce am f\u0103cut noi azi, am setat cadrul de negociere \u0219i de discu\u021bie cu ceilal\u021bi actori politici&#8217;, a spus Grindeanu la Sinaia, dup\u0103 \u0219edin\u021ba Consiliului Politic Na\u021bional al partidului.<\/p>\n<p>Pre\u0219edintele PSD a mai afirmat c\u0103 desemnarea unui premier ar trebui f\u0103cut\u0103 c\u00e2t mai cur\u00e2nd, astfel \u00eenc\u00e2t Rom\u00e2nia s\u0103 intre rapid &#8216;\u00eentr-un calendar normal&#8217;.<\/p>\n<p>&#8216;Au fost aceste luni de var\u0103 \u00een care era destul de greu s\u0103 votezi un nou guvern. De m\u00e2ine se intr\u0103 \u00een sesiunea parlamentar\u0103 ordinar\u0103. Eu cred c\u0103 lucrurile trebuie s\u0103 intre rapid \u00eentr-un calendar normal. (&#8230;) Eu mi-a\u0219 dori s\u0103 avem un guvern cu puteri depline p\u00e2n\u0103 \u00een 15 septembrie&#8217;, a afirmat pre\u0219edintele PSD. AGERPRES\/(A &#8211; redactor: Dana Piciu, editor: Mihai Simionescu, editor online: Simona Aru\u015ftei)<\/p>\n<\/div>\n<div class=\"mx-auto pt-3\">\n                                Afisari: 327\n                            <\/div>\n<p>[analyse_source url=&#8221;https:\/\/agerpres.ro\/politic\/2026\/08\/31\/grindeanu-psd-merge-la-cotroceni-cu-propunerea-de-prim-ministru-de-la-psd&#8211;1589316&#8243;]<\/p>\n","protected":false},"excerpt":{"rendered":"<p>[analyse_image type=&#8221;featured&#8221; src=&#8221;https:\/\/foto.agerpres.ro\/foto\/detaliu\/19559874&#8243;] Pre\u0219edintele PSD, Sorin Grindeanu, a declarat, luni, la Sinaia, c\u0103 social-democra\u021bii vor merge la consult\u0103rile de la Palatul Cotroceni pentru formarea unui nou Guvern cu propria propunere de premier \u0219i a precizat c\u0103 \u00ee\u0219i asum\u0103 aceast\u0103 func\u021bie. Grindeanu a fost \u00eentrebat dac\u0103 PSD ar fi dispus s\u0103 renun\u021be la func\u021bia de prim-ministru [&hellip;]<\/p>\n","protected":false},"author":1,"featured_media":0,"comment_status":"open","ping_status":"","sticky":false,"template":"","format":"standard","meta":{"footnotes":""},"categories":[2],"tags":[37],"class_list":["post-2120473","post","type-post","status-publish","format-standard","hentry","category-politics","tag-agerpres-ro"],"_links":{"self":[{"href":"https:\/\/analyse.optim.biz\/index.php?rest_route=\/wp\/v2\/posts\/2120473","targetHints":{"allow":["GET"]}}],"collection":[{"href":"https:\/\/analyse.optim.biz\/index.php?rest_route=\/wp\/v2\/posts"}],"about":[{"href":"https:\/\/analyse.optim.biz\/index.php?rest_route=\/wp\/v2\/types\/post"}],"author":[{"embeddable":true,"href":"https:\/\/analyse.optim.biz\/index.php?rest_route=\/wp\/v2\/users\/1"}],"replies":[{"embeddable":true,"href":"https:\/\/analyse.optim.biz\/index.php?rest_route=%2Fwp%2Fv2%2Fcomments&post=2120473"}],"version-history":[{"count":0,"href":"https:\/\/analyse.optim.biz\/index.php?rest_route=\/wp\/v2\/posts\/2120473\/revisions"}],"wp:attachment":[{"href":"https:\/\/analyse.optim.biz\/index.php?rest_route=%2Fwp%2Fv2%2Fmedia&parent=2120473"}],"wp:term":[{"taxonomy":"category","embeddable":true,"href":"https:\/\/analyse.optim.biz\/index.php?rest_route=%2Fwp%2Fv2%2Fcategories&post=2120473"},{"taxonomy":"post_tag","embeddable":true,"href":"https:\/\/analyse.optim.biz\/index.php?rest_route=%2Fwp%2Fv2%2Ftags&post=2120473"}],"curies":[{"name":"wp","href":"https:\/\/api.w.org\/{rel}","templated":true}]}}