{"id":2120470,"date":"2026-08-31T00:00:00","date_gmt":"2026-08-30T21:00:00","guid":{"rendered":"https:\/\/analyse.optim.biz\/?p=2120470"},"modified":"2026-08-31T00:00:00","modified_gmt":"2026-08-30T21:00:00","slug":"reforma-administrativ-teritoriala-si-a-serviciilor-secrete-printre-prioritatile-usr-pentru-urmatoarea-sesiune-parlamentara","status":"publish","type":"post","link":"https:\/\/analyse.optim.biz\/?p=2120470","title":{"rendered":"Reforma administrativ-teritorial\u0103 \u0219i a serviciilor secrete, printre priorit\u0103\u021bile USR pentru urm\u0103toarea sesiune parlamentar\u0103"},"content":{"rendered":"<p>[analyse_image type=&#8221;featured&#8221; src=&#8221;https:\/\/agerpres.ro\/data\/202608\/20260831155506_195696.jpg&#8221;]<\/p>\n<div class=\"mx-auto pt-3\">\n<p><strong>Reforma administrativ-teritorial\u0103 \u0219i reforma serviciilor secrete se num\u0103r\u0103 printre priorit\u0103\u021bile legislative ale USR pentru urm\u0103toarea sesiune parlamentar\u0103.<\/strong><\/p>\n<p>La acestea se adaug\u0103 eliminarea supraimpozit\u0103rii contractelor cu norm\u0103 par\u021bial\u0103, protec\u021bia minorilor \u00een mediul online \u0219i reforma electoral\u0103, reiese dintr-un comunicat transmis, luni, de USR.<\/p>\n<p>\u00cen ce prive\u0219te reforma administrativ-teritorial\u0103, USR argumenteaz\u0103 c\u0103 statul trebuie s\u0103 \u00eenceap\u0103 o reorganizare prin comasarea localit\u0103\u021bilor prea mici pentru a se sus\u021bine, dar \u0219i o comasare a jude\u021belor. De asemenea, digitalizarea accesului la servicii publice ar contribui la reducerea cheltuielilor cu propria func\u021bionare.<\/p>\n<p>&#8216;Rapoartele de activitate ale serviciilor secrete trebuie discutate \u00een Parlament pentru a exista un control civil real, nu doar de form\u0103; limitarea la maximum 2 mandate a c\u00e2te 4 ani pentru to\u021bi \u0219efii serviciilor secrete, al\u0103turi de interdic\u021bia angaja\u021bilor serviciilor secrete de a lucra \u00een consultan\u021b\u0103 dup\u0103 \u00eencetarea activit\u0103\u021bii&#8217;, sunt alte obiective sus\u021binute de USR.<\/p>\n<p>Parlamentarii partidului apreciaz\u0103 de asemenea c\u0103 supraimpozitarea contractelor de munc\u0103 ale oamenilor cu cele mai mici venituri trebuie s\u0103 \u00eenceteze imediat.<\/p>\n<p>\u00cen ce prive\u0219te protec\u021bia minorilor \u00een mediul online, USR pledeaz\u0103 pentru mai &#8216;pu\u021bin timp \u00een fa\u021ba ecranelor&#8217;, mai mult timp pentru &#8216;socializarea real\u0103&#8217;, precum \u0219i o protec\u021bie sporit\u0103 fa\u021b\u0103 de &#8216;pr\u0103d\u0103torii&#8217; online.<\/p>\n<p>\u00cen domeniul electoral, USR vizeaz\u0103 alegerea primarilor \u0219i a pre\u0219edin\u021bilor de consilii jude\u021bene \u00een dou\u0103 tururi, dar \u0219i reducerea num\u0103rului de parlamentari.<\/p>\n<p>&#8216;\u00cen plus, USR va insista pentru modificarea Legii ANI \u00een conformitate cu legisla\u021bia european\u0103 care nu permite sanc\u021biuni retroactive. Ne dorim ca 770 de milioane de euro s\u0103 nu fie pierdu\u021bi pentru o r\u0103zbunare politic\u0103 a PSD ce \u00eencalc\u0103 limitele statului de drept \u0219i libertatea timi\u0219orenilor de a alege. \u0218i, nu, tot nu vom vota un guvern PSD sau care s\u0103 con\u021bin\u0103 suroga\u021bi PSD&#8217;, se arat\u0103 \u00een comunicatul USR. AGERPRES\/(AS &#8211; autor: Irinela Vi\u0219an, editor: Florin Marin, editor online: Simona Aru\u015ftei)<\/p>\n<\/div>\n<div class=\"mx-auto pt-3\">\n                                Afisari: 211\n                            <\/div>\n<p>[analyse_source url=&#8221;https:\/\/agerpres.ro\/politic\/2026\/08\/31\/reforma-administrativ-teritoriala-si-a-serviciilor-secrete-printre-prioritatile-usr-pentru-urmatoare&#8211;1589315&#8243;]<\/p>\n","protected":false},"excerpt":{"rendered":"<p>[analyse_image type=&#8221;featured&#8221; src=&#8221;https:\/\/agerpres.ro\/data\/202608\/20260831155506_195696.jpg&#8221;] Reforma administrativ-teritorial\u0103 \u0219i reforma serviciilor secrete se num\u0103r\u0103 printre priorit\u0103\u021bile legislative ale USR pentru urm\u0103toarea sesiune parlamentar\u0103. La acestea se adaug\u0103 eliminarea supraimpozit\u0103rii contractelor cu norm\u0103 par\u021bial\u0103, protec\u021bia minorilor \u00een mediul online \u0219i reforma electoral\u0103, reiese dintr-un comunicat transmis, luni, de USR. \u00cen ce prive\u0219te reforma administrativ-teritorial\u0103, USR argumenteaz\u0103 c\u0103 statul trebuie [&hellip;]<\/p>\n","protected":false},"author":1,"featured_media":0,"comment_status":"open","ping_status":"","sticky":false,"template":"","format":"standard","meta":{"footnotes":""},"categories":[2],"tags":[37,226],"class_list":["post-2120470","post","type-post","status-publish","format-standard","hentry","category-politics","tag-agerpres-ro","tag-crawlmanager"],"_links":{"self":[{"href":"https:\/\/analyse.optim.biz\/index.php?rest_route=\/wp\/v2\/posts\/2120470","targetHints":{"allow":["GET"]}}],"collection":[{"href":"https:\/\/analyse.optim.biz\/index.php?rest_route=\/wp\/v2\/posts"}],"about":[{"href":"https:\/\/analyse.optim.biz\/index.php?rest_route=\/wp\/v2\/types\/post"}],"author":[{"embeddable":true,"href":"https:\/\/analyse.optim.biz\/index.php?rest_route=\/wp\/v2\/users\/1"}],"replies":[{"embeddable":true,"href":"https:\/\/analyse.optim.biz\/index.php?rest_route=%2Fwp%2Fv2%2Fcomments&post=2120470"}],"version-history":[{"count":0,"href":"https:\/\/analyse.optim.biz\/index.php?rest_route=\/wp\/v2\/posts\/2120470\/revisions"}],"wp:attachment":[{"href":"https:\/\/analyse.optim.biz\/index.php?rest_route=%2Fwp%2Fv2%2Fmedia&parent=2120470"}],"wp:term":[{"taxonomy":"category","embeddable":true,"href":"https:\/\/analyse.optim.biz\/index.php?rest_route=%2Fwp%2Fv2%2Fcategories&post=2120470"},{"taxonomy":"post_tag","embeddable":true,"href":"https:\/\/analyse.optim.biz\/index.php?rest_route=%2Fwp%2Fv2%2Ftags&post=2120470"}],"curies":[{"name":"wp","href":"https:\/\/api.w.org\/{rel}","templated":true}]}}