{"id":2120460,"date":"2026-08-31T00:00:00","date_gmt":"2026-08-30T21:00:00","guid":{"rendered":"https:\/\/analyse.optim.biz\/?p=2120460"},"modified":"2026-08-31T00:00:00","modified_gmt":"2026-08-30T21:00:00","slug":"finlanda-un-tribunal-i-a-redus-condamnarea-unui-neonazist-rus-acuzat-de-crime-de-razboi","status":"publish","type":"post","link":"https:\/\/analyse.optim.biz\/?p=2120460","title":{"rendered":"Finlanda: Un tribunal i-a redus condamnarea unui neonazist rus acuzat de crime de r\u0103zboi"},"content":{"rendered":"<p>[analyse_image type=&#8221;featured&#8221; src=&#8221;https:\/\/agerpres.ro\/data\/202608\/20260831162355_269715.jpg&#8221;]<\/p>\n<div class=\"mx-auto pt-3\">\n<p><strong>Un tribunal finlandez a redus luni la 12,5 ani de \u00eenchisoare pedeapsa dictat\u0103 contra liderului unei grup\u0103ri paramilitare neonaziste ruse, condamnat \u00een prim\u0103 instan\u021b\u0103 \u00een 2025 la \u00eenchisoare pe via\u021b\u0103 pentru crime de r\u0103zboi comise \u00een Ucraina \u00een 2014, transmite AFP.<\/strong><\/p>\n<p>Curtea de Apel din Helsinki l-a g\u0103sit vinovat pe Vojislav Torden, fost lider al grup\u0103rii paramilitare neonaziste Rusich, de &#8221;trei crime de r\u0103zboi&#8221; comise \u00een estul Ucrainei.<\/p>\n<p>Ea a redus sentin\u021ba pronun\u021bat\u0103 \u00een martie anul trecut de Tribunalul districtual Helsinki, ce \u00eel g\u0103sise vinovat pe Torden pentru patru crime de r\u0103zboi \u0219i \u00eel condamnase la \u00eenchisoare pe via\u021b\u0103.<\/p>\n<p>Faptele se refer\u0103 la o ambuscad\u0103 organizat\u0103 pe 5 septembrie 2014 dup\u0103 debutul conflictului armat \u00een regiunea separatist\u0103 prorus\u0103 Lugansk din estul Ucrainei. Ambuscada a fost organizat\u0103 contra unui convoi al for\u021belor ucrainene de c\u0103tre Rusich \u0219i alte grup\u0103ri care au utilizat drapelul ucrainean \u00een mod \u00een\u0219el\u0103tor, ceea ce constituie o crim\u0103 de r\u0103zboi.<\/p>\n<p>Dou\u0103zeci \u0219i doi de solda\u021bi ucraineni au fost uci\u0219i \u0219i patru r\u0103ni\u021bi \u00een aceast\u0103 ambuscad\u0103.<\/p>\n<p>\u00cen timpul procesului \u00een prim\u0103 instan\u021b\u0103, Torden a fost g\u0103sit vinovat de autorizarea oamenilor din subordine s\u0103 mutileze un soldat ucrainean, decedat din cauza r\u0103nilor. Acest cap\u0103t de acuzare a fost respins de Curtea de Apel, care l-a g\u0103sit \u00eens\u0103 vinovat de realizarea unor fotografii umilitoare ale unui soldat mort \u0219i de difuzarea lor pe social media.<\/p>\n<p>Decizia Cur\u021bii de Apel poate fi contestat\u0103 la Curtea Suprem\u0103.<\/p>\n<p>Vojislav Torden este de\u021binut \u00een Finlanda din iulie 2023, c\u00e2nd a fost arestat pe aeroportul din Helsinki. Finlanda aplic\u0103 principiul competen\u021bei universale pentru acest tip de infrac\u021biune, ceea ce \u00eenseamn\u0103 c\u0103 ea poate \u00eencepe urm\u0103rirea penal\u0103 pentru anumite infrac\u021biuni grave indiferent de locul unde au fost comise acestea. AGERPRES\/(AS &#8211; redactor: Tudor Martalogu, editor online: Gabriela Badea)\u00a0<\/p>\n<\/div>\n<div class=\"mx-auto pt-3\">\n                                Afisari: 30\n                            <\/div>\n<p>[analyse_source url=&#8221;https:\/\/agerpres.ro\/politic-extern\/2026\/08\/31\/finlanda-un-tribunal-i-a-redus-condamnarea-unui-neonazist-rus-acuzat-de-crime-de-razboi&#8211;1589337&#8243;]<\/p>\n","protected":false},"excerpt":{"rendered":"<p>[analyse_image type=&#8221;featured&#8221; src=&#8221;https:\/\/agerpres.ro\/data\/202608\/20260831162355_269715.jpg&#8221;] Un tribunal finlandez a redus luni la 12,5 ani de \u00eenchisoare pedeapsa dictat\u0103 contra liderului unei grup\u0103ri paramilitare neonaziste ruse, condamnat \u00een prim\u0103 instan\u021b\u0103 \u00een 2025 la \u00eenchisoare pe via\u021b\u0103 pentru crime de r\u0103zboi comise \u00een Ucraina \u00een 2014, transmite AFP. Curtea de Apel din Helsinki l-a g\u0103sit vinovat pe Vojislav Torden, [&hellip;]<\/p>\n","protected":false},"author":1,"featured_media":0,"comment_status":"open","ping_status":"","sticky":false,"template":"","format":"standard","meta":{"footnotes":""},"categories":[2],"tags":[37,226],"class_list":["post-2120460","post","type-post","status-publish","format-standard","hentry","category-politics","tag-agerpres-ro","tag-crawlmanager"],"_links":{"self":[{"href":"https:\/\/analyse.optim.biz\/index.php?rest_route=\/wp\/v2\/posts\/2120460","targetHints":{"allow":["GET"]}}],"collection":[{"href":"https:\/\/analyse.optim.biz\/index.php?rest_route=\/wp\/v2\/posts"}],"about":[{"href":"https:\/\/analyse.optim.biz\/index.php?rest_route=\/wp\/v2\/types\/post"}],"author":[{"embeddable":true,"href":"https:\/\/analyse.optim.biz\/index.php?rest_route=\/wp\/v2\/users\/1"}],"replies":[{"embeddable":true,"href":"https:\/\/analyse.optim.biz\/index.php?rest_route=%2Fwp%2Fv2%2Fcomments&post=2120460"}],"version-history":[{"count":0,"href":"https:\/\/analyse.optim.biz\/index.php?rest_route=\/wp\/v2\/posts\/2120460\/revisions"}],"wp:attachment":[{"href":"https:\/\/analyse.optim.biz\/index.php?rest_route=%2Fwp%2Fv2%2Fmedia&parent=2120460"}],"wp:term":[{"taxonomy":"category","embeddable":true,"href":"https:\/\/analyse.optim.biz\/index.php?rest_route=%2Fwp%2Fv2%2Fcategories&post=2120460"},{"taxonomy":"post_tag","embeddable":true,"href":"https:\/\/analyse.optim.biz\/index.php?rest_route=%2Fwp%2Fv2%2Ftags&post=2120460"}],"curies":[{"name":"wp","href":"https:\/\/api.w.org\/{rel}","templated":true}]}}