{"id":2120456,"date":"2026-08-31T00:00:00","date_gmt":"2026-08-30T21:00:00","guid":{"rendered":"https:\/\/analyse.optim.biz\/?p=2120456"},"modified":"2026-08-31T00:00:00","modified_gmt":"2026-08-30T21:00:00","slug":"presedintele-iranului-sustine-ca-reluarea-ostilitatilor-cu-sua-nu-este-in-interesul-tarii-sale","status":"publish","type":"post","link":"https:\/\/analyse.optim.biz\/?p=2120456","title":{"rendered":"Pre\u0219edintele Iranului sus\u021bine c\u0103 reluarea ostilit\u0103\u021bilor cu SUA nu este \u00een interesul \u021b\u0103rii sale"},"content":{"rendered":"<p>[analyse_image type=&#8221;featured&#8221; src=&#8221;https:\/\/agerpres.ro\/data\/202608\/20260831160834_260843.jpg&#8221;]<\/p>\n<div class=\"mx-auto pt-3\">\n<p><strong>Pre\u0219edintele iranian Masoud Pezeshkian a declarat luni c\u0103 o continuare a r\u0103zboiului \u00eempotriva SUA nu este \u00een interesul \u021b\u0103rii sale, \u00een contextul \u00een care ostilit\u0103\u021bile s-au reluat \u00eentre cele dou\u0103 \u021b\u0103ri dup\u0103 o lun\u0103 de acalmie, relateaz\u0103 AFP.<\/strong><\/p>\n<p>&#8221;Continu\u0103m s\u0103 facem eforturi s\u0103 g\u0103sim un drum de acord \u0219i de \u00een\u021belegere \u0219i noi credem c\u0103 a continua r\u0103zboiul nu este nici \u00een interesul nostru, nici \u00een interesul regiunii&#8221;, a explicat pre\u0219edintele iranian cu prilejul unei \u00eent\u00e2lniri cu prim-ministrul indian Narendra Modi \u00eenainte de summitul Organiza\u021biei pentru Cooperare de la Shanghai (OCS) din K\u00e2rg\u00e2zstan.<\/p>\n<p>&#8221;Credem c\u0103 solu\u021bia la problemele existente rezid\u0103 \u00een dialog \u0219i \u00een\u021belegere \u0219i trebuie mobilizate toate capacit\u0103\u021bile pentru a evita extinderea insecurit\u0103\u021bii \u0219i a conflictului&#8221;, a ad\u0103ugat el, potrivit unui comunicat al pre\u0219edin\u021biei ucrainene.<\/p>\n<p>Declara\u021biile sale au intervenit dup\u0103 loviturile americane asupra insulei iraniene Larak, care s-au soldat cu doi mor\u021bi \u0219i mai mul\u021bi r\u0103ni\u021bi, potrivit agen\u021biei oficiale iraniene IRNA. Iranul a anun\u021bat la r\u00e2ndul s\u0103u luni c\u0103 a atacat cu drone \u021binte americane din Emiratelor Arabe Unite \u0219i Iordania \u00een &#8221;legitim\u0103 ap\u0103rare&#8221;.<\/p>\n<p>Conflictul dintre SUA \u0219i Iran a intrat \u00een cea de a \u0219aptea lun\u0103 \u0219i eforturile diplomatice pentru a-i pune cap\u0103t bat pasul pe loc.<\/p>\n<p>Aceste ultime s\u0103pt\u0103m\u00e2ni au fost marcate de o acalmie \u00een Orientul Mijlociu, chiar dac\u0103 s-au \u00eenregistrat tiruri sporadice, \u00een special \u00een \u0219i \u00een jurul Str\u00e2mtorii Ormuz.<\/p>\n<p>Zeci de lideri, \u00eentre care liderul chinez Xi Jinping, cel rus Vladimir Putin, premierul indian Narendra Modi \u0219i omologul s\u0103u pakistanez Shehbaz Sharif urmeaz\u0103 s\u0103 participe luni \u0219i mar\u021bi la summitul OCS, care se desf\u0103\u0219oar\u0103 \u00een acest an \u00een capitala k\u00e2rg\u00e2z\u0103 Bi\u0219kek. AGERPRES\/(AS &#8211; redactor: Florin \u0218tefan, editor online: Gabriela Badea)\u00a0<\/p>\n<\/div>\n<div class=\"mx-auto pt-3\">\n                                Afisari: 231\n                            <\/div>\n<p>[analyse_source url=&#8221;https:\/\/agerpres.ro\/politic-extern\/2026\/08\/31\/presedintele-iranului-sustine-ca-reluarea-ostilitatilor-cu-sua-nu-este-in-interesul-tarii-sale&#8211;1589326&#8243;]<\/p>\n","protected":false},"excerpt":{"rendered":"<p>[analyse_image type=&#8221;featured&#8221; src=&#8221;https:\/\/agerpres.ro\/data\/202608\/20260831160834_260843.jpg&#8221;] Pre\u0219edintele iranian Masoud Pezeshkian a declarat luni c\u0103 o continuare a r\u0103zboiului \u00eempotriva SUA nu este \u00een interesul \u021b\u0103rii sale, \u00een contextul \u00een care ostilit\u0103\u021bile s-au reluat \u00eentre cele dou\u0103 \u021b\u0103ri dup\u0103 o lun\u0103 de acalmie, relateaz\u0103 AFP. &#8221;Continu\u0103m s\u0103 facem eforturi s\u0103 g\u0103sim un drum de acord \u0219i de \u00een\u021belegere \u0219i [&hellip;]<\/p>\n","protected":false},"author":1,"featured_media":0,"comment_status":"open","ping_status":"","sticky":false,"template":"","format":"standard","meta":{"footnotes":""},"categories":[2],"tags":[37],"class_list":["post-2120456","post","type-post","status-publish","format-standard","hentry","category-politics","tag-agerpres-ro"],"_links":{"self":[{"href":"https:\/\/analyse.optim.biz\/index.php?rest_route=\/wp\/v2\/posts\/2120456","targetHints":{"allow":["GET"]}}],"collection":[{"href":"https:\/\/analyse.optim.biz\/index.php?rest_route=\/wp\/v2\/posts"}],"about":[{"href":"https:\/\/analyse.optim.biz\/index.php?rest_route=\/wp\/v2\/types\/post"}],"author":[{"embeddable":true,"href":"https:\/\/analyse.optim.biz\/index.php?rest_route=\/wp\/v2\/users\/1"}],"replies":[{"embeddable":true,"href":"https:\/\/analyse.optim.biz\/index.php?rest_route=%2Fwp%2Fv2%2Fcomments&post=2120456"}],"version-history":[{"count":0,"href":"https:\/\/analyse.optim.biz\/index.php?rest_route=\/wp\/v2\/posts\/2120456\/revisions"}],"wp:attachment":[{"href":"https:\/\/analyse.optim.biz\/index.php?rest_route=%2Fwp%2Fv2%2Fmedia&parent=2120456"}],"wp:term":[{"taxonomy":"category","embeddable":true,"href":"https:\/\/analyse.optim.biz\/index.php?rest_route=%2Fwp%2Fv2%2Fcategories&post=2120456"},{"taxonomy":"post_tag","embeddable":true,"href":"https:\/\/analyse.optim.biz\/index.php?rest_route=%2Fwp%2Fv2%2Ftags&post=2120456"}],"curies":[{"name":"wp","href":"https:\/\/api.w.org\/{rel}","templated":true}]}}