{"id":2120454,"date":"2026-08-31T00:00:00","date_gmt":"2026-08-30T21:00:00","guid":{"rendered":"https:\/\/analyse.optim.biz\/?p=2120454"},"modified":"2026-08-31T00:00:00","modified_gmt":"2026-08-30T21:00:00","slug":"incident-armat-la-o-petrecere-rave-in-elvetia-politia-a-arestat-un-suspect-in-varsta-de-43-de-ani","status":"publish","type":"post","link":"https:\/\/analyse.optim.biz\/?p=2120454","title":{"rendered":"Incident armat la o petrecere rave \u00een Elve\u021bia: Poli\u021bia a arestat un suspect \u00een v\u00e2rst\u0103 de 43 de ani"},"content":{"rendered":"<p>[analyse_image type=&#8221;featured&#8221; src=&#8221;https:\/\/agerpres.ro\/data\/202608\/20260831150344_664061.jpg&#8221;]<\/p>\n<div class=\"mx-auto pt-3\">\n<p><strong>Un elve\u021bian \u00een v\u00e2rst\u0103 de 43 de ani a fost arestat luni \u00een cadrul anchetei privind <a href=\"https:\/\/agerpres.ro\/2026\/08\/30\/elvetia-focuri-de-arma-la-o-petrecere-rave-din-aarau-mai-multe-victime-politie--1588984\" target=\"_blank\">incidentul armat<\/a> soldat cu <a href=\"https:\/\/agerpres.ro\/social-extern\/2026\/08\/30\/focuri-de-arma-la-o-petrecere-rave-in-elvetia-un-mort-si-cinci-raniti-atacatorii-sunt-inca-in-libert--1588997\" target=\"_blank\">moartea unei femei \u0219i r\u0103nirea altor cinci persoane<\/a> \u00een noaptea de s\u00e2mb\u0103t\u0103 spre duminic\u0103, \u00een marja unei petreceri rave din ora\u0219ul elve\u021bian Aarau, \u00een apropiere de Zurich, transmit AFP, Reuters \u0219i dpa.<\/strong><\/p>\n<p>&#8221;\u00cen cadrul c\u0103ut\u0103rilor efectuate (dup\u0103 tragedie), un elve\u021bian \u00een v\u00e2rst\u0103 de 43 de ani a fost capturat cu pu\u021bin timp \u00eenainte de ora 01:00, luni 31 august 2026&#8221;, a anun\u021bat \u00eentr-un comunicat poli\u021bia cantonului Argovia, care a precizat c\u0103 &#8221;privilegiaz\u0103 teza conform c\u0103reia autorul a ac\u021bionat solitar&#8221;.<\/p>\n<p>Poli\u021bia nu a precizat \u00eens\u0103 locul arest\u0103rii.<\/p>\n<p>O femeie \u00een v\u00e2rst\u0103 de 22 de ani a fost ucis\u0103 \u0219i alte cinci persoane au fost r\u0103nite, unele grav, \u00eentr-un atac armat \u00een cursul nop\u021bii de s\u00e2mb\u0103t\u0103 spre duminic\u0103 \u00een marja unei petreceri rave din Aarau, a anun\u021bat duminic\u0103 poli\u021bia local\u0103. Patru b\u0103rba\u021bi \u0219i o femeie, cu v\u00e2rste cuprinse \u00eentre 24 \u0219i 31 de ani, au fost spitaliza\u021bi, unii cu r\u0103ni grave.<\/p>\n<p>Un martor \u00een v\u00e2rst\u0103 de 34 de ani, care a cerut s\u0103 r\u0103m\u00e2n\u0103 anonim, a declarat pentru Reuters c\u0103 a auzit \u00eempu\u0219c\u0103turi la scurt timp dup\u0103 ce muzica s-a oprit duminic\u0103 diminea\u021ba, la ora 02:30, pe care ini\u021bial le-a confundat cu artificii. Imagini difuzate de agen\u021bia de pres\u0103 britanic\u0103 arat\u0103 ofi\u021beri \u00eenarma\u021bi patrul\u00e2nd zona, convoaie de poli\u021bie deplas\u00e2ndu-se pe str\u0103zi \u0219i vehicule blindate parcate \u00een apropierea locului crimei.<\/p>\n<p>Elve\u021bia are una dintre cele mai mari rate de de\u021binere de arme din Europa, de\u0219i incidentele armate sunt rare, \u0219i a aprobat reguli mai stricte de control al armelor \u00een 2019. AGERPRES\/(AS &#8211; redactor: Tudor Martalogu, editor online: Gabriela Badea)\u00a0<\/p>\n<\/div>\n<div class=\"mx-auto pt-3\">\n                                Afisari: 179\n                            <\/div>\n<p>[analyse_source url=&#8221;https:\/\/agerpres.ro\/politic-extern\/2026\/08\/31\/incident-armat-la-o-petrecere-rave-in-elvetia-politia-a-arestat-un-suspect-in-varsta-de-43-de-ani&#8211;1589299&#8243;]<\/p>\n","protected":false},"excerpt":{"rendered":"<p>[analyse_image type=&#8221;featured&#8221; src=&#8221;https:\/\/agerpres.ro\/data\/202608\/20260831150344_664061.jpg&#8221;] Un elve\u021bian \u00een v\u00e2rst\u0103 de 43 de ani a fost arestat luni \u00een cadrul anchetei privind incidentul armat soldat cu moartea unei femei \u0219i r\u0103nirea altor cinci persoane \u00een noaptea de s\u00e2mb\u0103t\u0103 spre duminic\u0103, \u00een marja unei petreceri rave din ora\u0219ul elve\u021bian Aarau, \u00een apropiere de Zurich, transmit AFP, Reuters \u0219i dpa. [&hellip;]<\/p>\n","protected":false},"author":1,"featured_media":0,"comment_status":"open","ping_status":"","sticky":false,"template":"","format":"standard","meta":{"footnotes":""},"categories":[2],"tags":[37,226],"class_list":["post-2120454","post","type-post","status-publish","format-standard","hentry","category-politics","tag-agerpres-ro","tag-crawlmanager"],"_links":{"self":[{"href":"https:\/\/analyse.optim.biz\/index.php?rest_route=\/wp\/v2\/posts\/2120454","targetHints":{"allow":["GET"]}}],"collection":[{"href":"https:\/\/analyse.optim.biz\/index.php?rest_route=\/wp\/v2\/posts"}],"about":[{"href":"https:\/\/analyse.optim.biz\/index.php?rest_route=\/wp\/v2\/types\/post"}],"author":[{"embeddable":true,"href":"https:\/\/analyse.optim.biz\/index.php?rest_route=\/wp\/v2\/users\/1"}],"replies":[{"embeddable":true,"href":"https:\/\/analyse.optim.biz\/index.php?rest_route=%2Fwp%2Fv2%2Fcomments&post=2120454"}],"version-history":[{"count":0,"href":"https:\/\/analyse.optim.biz\/index.php?rest_route=\/wp\/v2\/posts\/2120454\/revisions"}],"wp:attachment":[{"href":"https:\/\/analyse.optim.biz\/index.php?rest_route=%2Fwp%2Fv2%2Fmedia&parent=2120454"}],"wp:term":[{"taxonomy":"category","embeddable":true,"href":"https:\/\/analyse.optim.biz\/index.php?rest_route=%2Fwp%2Fv2%2Fcategories&post=2120454"},{"taxonomy":"post_tag","embeddable":true,"href":"https:\/\/analyse.optim.biz\/index.php?rest_route=%2Fwp%2Fv2%2Ftags&post=2120454"}],"curies":[{"name":"wp","href":"https:\/\/api.w.org\/{rel}","templated":true}]}}