{"id":2120452,"date":"2026-08-31T00:00:00","date_gmt":"2026-08-30T21:00:00","guid":{"rendered":"https:\/\/analyse.optim.biz\/?p=2120452"},"modified":"2026-08-31T00:00:00","modified_gmt":"2026-08-30T21:00:00","slug":"emisarul-special-american-spera-ca-belarus-sa-elibereze-cateva-sute-de-detinuti-politici-in-septembrie","status":"publish","type":"post","link":"https:\/\/analyse.optim.biz\/?p=2120452","title":{"rendered":"Emisarul special american sper\u0103 ca Belarus s\u0103 elibereze c\u00e2teva sute de de\u021binu\u021bi politici \u00een septembrie"},"content":{"rendered":"<p>[analyse_image type=&#8221;featured&#8221; src=&#8221;https:\/\/agerpres.ro\/data\/202608\/20260831144044_796683.jpg&#8221;]<\/p>\n<div class=\"mx-auto pt-3\">\n<p><strong>Emisarul special american John Coale \u0219i-a exprimat \u00eencrederea c\u0103 \u00een luna septembrie vor fi pu\u0219i \u00een libertate c\u00e2teva sute de de\u021binu\u021bi politici \u00een Belarus \u0219i a anun\u021bat c\u0103 se va deplasa la Minsk \u00een vederea \u00eencheierii unui acord \u00een aceast\u0103 privin\u021b\u0103, transmite luni Reuters.<\/strong><\/p>\n<p>John Coale, care a declarat c\u0103 demersurile sale diplomatice au convins deja autorit\u0103\u021bile de la Minsk s\u0103 elibereze p\u00e2n\u0103 la 800 de de\u021binu\u021bi \u00een schimbul relax\u0103rii unor sanc\u021biuni impuse Belarusului de c\u0103tre SUA, a f\u0103cut aceste comentarii pentru serviciul \u00een limba rus\u0103 al postului de radio Vocea Americii.<\/p>\n<p>&#8221;\u00cen termen de c\u00e2teva s\u0103pt\u0103m\u00e2ni inten\u021bionez s\u0103 merg din nou \u00een Belarus \u0219i sper s\u0103 ob\u021bin eliberarea a chiar mai mul\u021bi de\u021binu\u021bi politici. Cred c\u0103 voi reu\u0219i&#8221;, a declarat Coale pentru postul de radio citat, ad\u0103ug\u00e2nd c\u0103 se a\u0219teapt\u0103 ca punerea \u00een libertate s\u0103 se ob\u021bin\u0103 la jum\u0103tatea lunii septembrie.<\/p>\n<p>&#8221;Am reu\u0219it s\u0103 ob\u021binem eliberarea a cinci sute de oameni \u0219i apoi alte peste dou\u0103 sute au fost pu\u0219i \u00een libertate. A\u0219adar, num\u0103rul real este \u00een jur de 700-800 de oameni. Sper s\u0103 aduc \u00een cur\u00e2nd acel num\u0103r la 1.000&#8221;, a spus oficialitatea american\u0103.<\/p>\n<p>Lidera opozi\u021biei belaruse Svetlana Tihanovskaia, ce tr\u0103ie\u0219te \u00een exil \u00een Lituania, a declarat pentru Reuters \u00een luna iunie c\u0103 administra\u021bia Trump a informat-o \u00een leg\u0103tur\u0103 cu o \u00eent\u00e2rziere \u00een eforturile americane de a-l convinge pe pre\u0219edintele belarus Aleksandr Luka\u0219enko de a pune \u00een libertate mai mul\u021bi de\u021binu\u021bi politici, dar a precizat c\u0103 ea nu poate dezv\u0103lui motivul.<\/p>\n<p>\u00cen v\u00e2rst\u0103 de 79 de ani, John Coale a fost desemnat de c\u0103tre pre\u0219edintele Donald Trump anul trecut s\u0103 conduc\u0103 discu\u021biile cu Luka\u0219enko. AGERPRES\/(AS &#8211; redactor: Tudor Martalogu, editor online: Gabriela Badea)\u00a0<\/p>\n<\/div>\n<div class=\"mx-auto pt-3\">\n                                Afisari: 544\n                            <\/div>\n<p>[analyse_source url=&#8221;https:\/\/agerpres.ro\/politic-extern\/2026\/08\/31\/emisarul-special-american-spera-ca-belarus-sa-elibereze-cateva-sute-de-detinuti-politici-in-septembr&#8211;1589286&#8243;]<\/p>\n","protected":false},"excerpt":{"rendered":"<p>[analyse_image type=&#8221;featured&#8221; src=&#8221;https:\/\/agerpres.ro\/data\/202608\/20260831144044_796683.jpg&#8221;] Emisarul special american John Coale \u0219i-a exprimat \u00eencrederea c\u0103 \u00een luna septembrie vor fi pu\u0219i \u00een libertate c\u00e2teva sute de de\u021binu\u021bi politici \u00een Belarus \u0219i a anun\u021bat c\u0103 se va deplasa la Minsk \u00een vederea \u00eencheierii unui acord \u00een aceast\u0103 privin\u021b\u0103, transmite luni Reuters. John Coale, care a declarat c\u0103 demersurile sale [&hellip;]<\/p>\n","protected":false},"author":1,"featured_media":0,"comment_status":"open","ping_status":"","sticky":false,"template":"","format":"standard","meta":{"footnotes":""},"categories":[2],"tags":[37,226],"class_list":["post-2120452","post","type-post","status-publish","format-standard","hentry","category-politics","tag-agerpres-ro","tag-crawlmanager"],"_links":{"self":[{"href":"https:\/\/analyse.optim.biz\/index.php?rest_route=\/wp\/v2\/posts\/2120452","targetHints":{"allow":["GET"]}}],"collection":[{"href":"https:\/\/analyse.optim.biz\/index.php?rest_route=\/wp\/v2\/posts"}],"about":[{"href":"https:\/\/analyse.optim.biz\/index.php?rest_route=\/wp\/v2\/types\/post"}],"author":[{"embeddable":true,"href":"https:\/\/analyse.optim.biz\/index.php?rest_route=\/wp\/v2\/users\/1"}],"replies":[{"embeddable":true,"href":"https:\/\/analyse.optim.biz\/index.php?rest_route=%2Fwp%2Fv2%2Fcomments&post=2120452"}],"version-history":[{"count":0,"href":"https:\/\/analyse.optim.biz\/index.php?rest_route=\/wp\/v2\/posts\/2120452\/revisions"}],"wp:attachment":[{"href":"https:\/\/analyse.optim.biz\/index.php?rest_route=%2Fwp%2Fv2%2Fmedia&parent=2120452"}],"wp:term":[{"taxonomy":"category","embeddable":true,"href":"https:\/\/analyse.optim.biz\/index.php?rest_route=%2Fwp%2Fv2%2Fcategories&post=2120452"},{"taxonomy":"post_tag","embeddable":true,"href":"https:\/\/analyse.optim.biz\/index.php?rest_route=%2Fwp%2Fv2%2Ftags&post=2120452"}],"curies":[{"name":"wp","href":"https:\/\/api.w.org\/{rel}","templated":true}]}}