{"id":2120451,"date":"2026-08-31T00:00:00","date_gmt":"2026-08-30T21:00:00","guid":{"rendered":"https:\/\/analyse.optim.biz\/?p=2120451"},"modified":"2026-08-31T00:00:00","modified_gmt":"2026-08-30T21:00:00","slug":"a-decedat-jean-francois-leroy-fondatorul-festivalului-de-fotojurnalism-visa-pour-limage","status":"publish","type":"post","link":"https:\/\/analyse.optim.biz\/?p=2120451","title":{"rendered":"A decedat Jean-Fran\u00e7ois Leroy, fondatorul festivalului de fotojurnalism &#8221;Visa pour l&#8217;image&#8221;"},"content":{"rendered":"<p>[analyse_image type=&#8221;featured&#8221; src=&#8221;https:\/\/agerpres.ro\/data\/202608\/20260831142117_915989.jpg&#8221;]<\/p>\n<div class=\"mx-auto pt-3\">\n<p><strong>Jean-Fran\u00e7ois Leroy, fondatorul festivalului de fotojurnalism &#8221;Visa pour l&#8217;image&#8221;, organizat din 1989 la Perpignan, \u00een sud-vestul Fran\u021bei, a decedat luni diminea\u021b\u0103 \u00een urma cancerului, chiar \u00een timpul celei de-a 38-a edi\u021bii a acestui eveniment interna\u021bional, transmite AFP care citeaz\u0103 informa\u021bii primite de la familia sa \u0219i de la organizatori.<\/strong><\/p>\n<p>&#8221;Toat\u0103 echipa festivalului &#8216;Visa pour l&#8217;image&#8217; &#8211; Perpignan \u0219i \u00eentreaga familie a lui Jean-Francois Leroy v\u0103 anun\u021b\u0103 cu triste\u021be decesul, \u00een aceast\u0103 diminea\u021b\u0103 de luni, 31 august, al fondatorului \u0219i directorului istoric al festivalului interna\u021bional de fotojurnalism&#8221;, au scris reprezentan\u021bii evenimentului pe contul de <a href=\"https:\/\/www.instagram.com\/p\/Dcsq7PRupKE\/?hl=en\" target=\"_blank\">Instagram<\/a>.<\/p>\n<p>&#8221;El a \u00eenso\u021bit \u0219i a promovat fotojurnali\u0219ti din \u00eentreaga lume&#8221;, au precizat reprezentan\u021bii pe re\u021beaua social\u0103 X.<\/p>\n<p>Pentru prima dat\u0103 \u00een 38 de ani, acest fost fotograf \u00een v\u00e2rst\u0103 de 69 de ani a lipsit de la deschiderea de s\u00e2mb\u0103t\u0103 a singurului festival interna\u021bional dedicat fotografiei de pres\u0103, care expune \u00een fiecare an la Perpignan lucr\u0103rile celor mai mari fotojurnali\u0219ti.<\/p>\n<p>Jean-Fran\u00e7ois Leroy a decedat luni diminea\u021b\u0103 \u00een urma cancerului, \u00eenconjurat de cei dragi, la domiciliul s\u0103u din Paris, potrivit echipei festivalului.<\/p>\n<p>\u00cen pofida bolii, el a participat &#8221;de la A la Z la preg\u0103tirea&#8221; celei de-a 38-a edi\u021bii a festivalului, a precizat pentru AFP Delphine Lelu, directoarea general\u0103 a &#8221;Visa pour l&#8217;image&#8221;.<\/p>\n<p>&#8221;El este sufletul acestui festival, pe care l-a sus\u021binut cu toat\u0103 for\u021ba \u00eenc\u0103 de la prima edi\u021bie, \u00een 1989. Ne las\u0103 o mo\u0219tenire deosebit\u0103. \u0218i-a dorit \u00eentotdeauna ca Perpignan s\u0103 fie un far pentru fotojurnali\u0219ti, iar noi vom face tot posibilul ca festivalul s\u0103 continue s\u0103 str\u0103luceasc\u0103&#8221;, a ad\u0103ugat Delphine Lelu. AGERPRES\/(AS &#8211; redactor: Dana Purgaru, editor online: Gabriela Badea)\u00a0<\/p>\n<p><strong>* Sursa foto: <\/strong>Edgar Sapi\u00f1a Manchado \/ EFE<strong>\u00a0<\/strong><a href=\"https:\/\/en.ara.cat\/culture\/the-soul-of-the-visa-pour-l-image-festival-jean-francois-leroy-dies-at-69-years-old_25_5836309.html\" target=\"_blank\">en.ara.cat<\/a><\/p>\n<\/div>\n<div class=\"mx-auto pt-3\">\n                                Afisari: 150\n                            <\/div>\n<p>[analyse_source url=&#8221;https:\/\/agerpres.ro\/cultura\/2026\/08\/31\/a-decedat-jean-fran-ois-leroy-fondatorul-festivalului-de-fotojurnalism-visa-pour-l-image&#8211;1589272&#8243;]<\/p>\n","protected":false},"excerpt":{"rendered":"<p>[analyse_image type=&#8221;featured&#8221; src=&#8221;https:\/\/agerpres.ro\/data\/202608\/20260831142117_915989.jpg&#8221;] Jean-Fran\u00e7ois Leroy, fondatorul festivalului de fotojurnalism &#8221;Visa pour l&#8217;image&#8221;, organizat din 1989 la Perpignan, \u00een sud-vestul Fran\u021bei, a decedat luni diminea\u021b\u0103 \u00een urma cancerului, chiar \u00een timpul celei de-a 38-a edi\u021bii a acestui eveniment interna\u021bional, transmite AFP care citeaz\u0103 informa\u021bii primite de la familia sa \u0219i de la organizatori. &#8221;Toat\u0103 echipa festivalului [&hellip;]<\/p>\n","protected":false},"author":1,"featured_media":0,"comment_status":"open","ping_status":"","sticky":false,"template":"","format":"standard","meta":{"footnotes":""},"categories":[2],"tags":[37,226],"class_list":["post-2120451","post","type-post","status-publish","format-standard","hentry","category-politics","tag-agerpres-ro","tag-crawlmanager"],"_links":{"self":[{"href":"https:\/\/analyse.optim.biz\/index.php?rest_route=\/wp\/v2\/posts\/2120451","targetHints":{"allow":["GET"]}}],"collection":[{"href":"https:\/\/analyse.optim.biz\/index.php?rest_route=\/wp\/v2\/posts"}],"about":[{"href":"https:\/\/analyse.optim.biz\/index.php?rest_route=\/wp\/v2\/types\/post"}],"author":[{"embeddable":true,"href":"https:\/\/analyse.optim.biz\/index.php?rest_route=\/wp\/v2\/users\/1"}],"replies":[{"embeddable":true,"href":"https:\/\/analyse.optim.biz\/index.php?rest_route=%2Fwp%2Fv2%2Fcomments&post=2120451"}],"version-history":[{"count":0,"href":"https:\/\/analyse.optim.biz\/index.php?rest_route=\/wp\/v2\/posts\/2120451\/revisions"}],"wp:attachment":[{"href":"https:\/\/analyse.optim.biz\/index.php?rest_route=%2Fwp%2Fv2%2Fmedia&parent=2120451"}],"wp:term":[{"taxonomy":"category","embeddable":true,"href":"https:\/\/analyse.optim.biz\/index.php?rest_route=%2Fwp%2Fv2%2Fcategories&post=2120451"},{"taxonomy":"post_tag","embeddable":true,"href":"https:\/\/analyse.optim.biz\/index.php?rest_route=%2Fwp%2Fv2%2Ftags&post=2120451"}],"curies":[{"name":"wp","href":"https:\/\/api.w.org\/{rel}","templated":true}]}}