{"id":2120443,"date":"2026-08-31T00:00:00","date_gmt":"2026-08-30T21:00:00","guid":{"rendered":"https:\/\/analyse.optim.biz\/?p=2120443"},"modified":"2026-08-31T00:00:00","modified_gmt":"2026-08-30T21:00:00","slug":"feribot-scufundat-in-cipru-capitanul-navei-in-arest-preventiv-20-de-persoane-date-disparute","status":"publish","type":"post","link":"https:\/\/analyse.optim.biz\/?p=2120443","title":{"rendered":"Feribot scufundat \u00een Cipru: C\u0103pitanul navei, \u00een arest preventiv; 20 de persoane, date disp\u0103rute"},"content":{"rendered":"<p>[analyse_image type=&#8221;featured&#8221; src=&#8221;https:\/\/agerpres.ro\/data\/202608\/20260831170029_712907.jpg&#8221;]<\/p>\n<div class=\"mx-auto pt-3\">\n<p><strong>C\u0103pitanul feribotului care s-a scufundat duminic\u0103 \u00een largul Republicii Turce a Ciprului de Nord (RTCN), naufragiu care s-a soldat cu opt mor\u021bi \u0219i 20 de disp\u0103ru\u021bi, a fost plasat luni \u00een arest preventiv, \u00een timp ce c\u0103ut\u0103rile continu\u0103 \u00een ape ad\u00e2nci, relateaz\u0103 AFP.<\/strong><\/p>\n<p>Autorit\u0103\u021bile din aceast\u0103 republic\u0103 autoproclamat\u0103, recunoscut\u0103 doar de Turcia, care au decretat trei zile de doliu na\u021bional, au revizuit \u00een cre\u0219tere num\u0103rul disp\u0103ru\u021bilor, de la 18 la 20.<\/p>\n<p>Potrivit agen\u021biei turce de \u0219tiri Anadolu, c\u0103pitanul, arestat \u00eempreun\u0103 cu alte 16 persoane \u00eentre care membri ai echipajului, a declarat c\u0103 prova navei sale s-a rupt sub efectul valurilor la pu\u021bin timp dup\u0103 plecarea sa, duminic\u0103, din Kyrenia, (Girne, \u00een turc\u0103), pe coasta nordic\u0103 a RTCN.<\/p>\n<p>Un num\u0103r total de 267 de persoane (pasageri \u0219i membri ai echipajului) se aflau la bordul Filo Jet, un catamaran care se \u00eendrepta spre portul turc Tasucu (sud), potrivit autorit\u0103\u021bilor locale. 239 dintre ele au putut fi salvate duminic\u0103 \u00eenainte ca <a href=\"https:\/\/agerpres.ro\/2026\/08\/30\/video-un-feribot-cu-aproximativ-270-de-persoane-la-bord-s-a-scufundat-in-largul-ciprului-de-nord-pre--1589049\" target=\"_blank\">feribotul<\/a> s\u0103 se scufunde la peste 500 de metri ad\u00e2ncime.<\/p>\n<p>Pre\u0219edintele RTCN, Tufan Erh\u00fcrman, a anun\u021bat luni trimiterea de scafandri \u00een zona naufragiului. Dou\u0103 nave turce\u0219ti specializate, dintre care una va ajunge mar\u021bi, vor permite cobor\u00e2rea p\u00e2n\u0103 la epav\u0103 pentru a ob\u021bine imagini \u0219i a aduce eventuale cadavre la suprafa\u021b\u0103.<\/p>\n<p>&#8221;Am contactat toate familiile, at\u00e2t pe acelea ale persoanelor care \u0219i-au pierdut via\u021ba, c\u00e2t \u0219i pe acelea ale persoanelor pe care nu le-am putut \u00eenc\u0103 localiza&#8221;, a ad\u0103ugat el, promi\u021b\u00e2nd s\u0103 fac\u0103 &#8221;lumin\u0103 deplin\u0103 asupra fiec\u0103rui aspect&#8221; al catastrofei.<\/p>\n<p>Un bilan\u021b definitiv nu va fi comunicat luni, a subliniat el, preciz\u00e2nd c\u0103 unele persoane decedate sau disp\u0103rute erau originare din Turcia. AGERPRES\/(AS &#8211; redactor: Florin \u0218tefan, editor online: Gabriela Badea)\u00a0<\/p>\n<\/div>\n<div class=\"mx-auto pt-3\">\n                                Afisari: 9\n                            <\/div>\n<p>[analyse_source url=&#8221;https:\/\/agerpres.ro\/politic-extern\/2026\/08\/31\/feribot-scufundat-in-cipru-capitanul-navei-in-arest-preventiv-20-de-persoane-date-disparute&#8211;1589363&#8243;]<\/p>\n","protected":false},"excerpt":{"rendered":"<p>[analyse_image type=&#8221;featured&#8221; src=&#8221;https:\/\/agerpres.ro\/data\/202608\/20260831170029_712907.jpg&#8221;] C\u0103pitanul feribotului care s-a scufundat duminic\u0103 \u00een largul Republicii Turce a Ciprului de Nord (RTCN), naufragiu care s-a soldat cu opt mor\u021bi \u0219i 20 de disp\u0103ru\u021bi, a fost plasat luni \u00een arest preventiv, \u00een timp ce c\u0103ut\u0103rile continu\u0103 \u00een ape ad\u00e2nci, relateaz\u0103 AFP. Autorit\u0103\u021bile din aceast\u0103 republic\u0103 autoproclamat\u0103, recunoscut\u0103 doar de Turcia, [&hellip;]<\/p>\n","protected":false},"author":1,"featured_media":0,"comment_status":"open","ping_status":"","sticky":false,"template":"","format":"standard","meta":{"footnotes":""},"categories":[2],"tags":[37,226],"class_list":["post-2120443","post","type-post","status-publish","format-standard","hentry","category-politics","tag-agerpres-ro","tag-crawlmanager"],"_links":{"self":[{"href":"https:\/\/analyse.optim.biz\/index.php?rest_route=\/wp\/v2\/posts\/2120443","targetHints":{"allow":["GET"]}}],"collection":[{"href":"https:\/\/analyse.optim.biz\/index.php?rest_route=\/wp\/v2\/posts"}],"about":[{"href":"https:\/\/analyse.optim.biz\/index.php?rest_route=\/wp\/v2\/types\/post"}],"author":[{"embeddable":true,"href":"https:\/\/analyse.optim.biz\/index.php?rest_route=\/wp\/v2\/users\/1"}],"replies":[{"embeddable":true,"href":"https:\/\/analyse.optim.biz\/index.php?rest_route=%2Fwp%2Fv2%2Fcomments&post=2120443"}],"version-history":[{"count":0,"href":"https:\/\/analyse.optim.biz\/index.php?rest_route=\/wp\/v2\/posts\/2120443\/revisions"}],"wp:attachment":[{"href":"https:\/\/analyse.optim.biz\/index.php?rest_route=%2Fwp%2Fv2%2Fmedia&parent=2120443"}],"wp:term":[{"taxonomy":"category","embeddable":true,"href":"https:\/\/analyse.optim.biz\/index.php?rest_route=%2Fwp%2Fv2%2Fcategories&post=2120443"},{"taxonomy":"post_tag","embeddable":true,"href":"https:\/\/analyse.optim.biz\/index.php?rest_route=%2Fwp%2Fv2%2Ftags&post=2120443"}],"curies":[{"name":"wp","href":"https:\/\/api.w.org\/{rel}","templated":true}]}}