{"id":212043,"date":"2014-02-17T22:49:57","date_gmt":"2014-02-17T19:49:57","guid":{"rendered":"https:\/\/analyse.optim.biz\/?p=212043"},"modified":"2014-02-17T22:49:57","modified_gmt":"2014-02-17T19:49:57","slug":"dan-tudorache-deputat-social-democrat-la-digi24-simt-ca-psd-va-renunta-la-functia-de-conducere-a-lui-gabriel-oprea","status":"publish","type":"post","link":"https:\/\/analyse.optim.biz\/?p=212043","title":{"rendered":"Dan Tudorache, deputat social-democrat, la Digi24: Simt c\u0103 PSD va renun\u021ba la func\u021bia de conducere a lui Gabriel Oprea"},"content":{"rendered":"<div class=\"entry data-app-meta data-app-meta-article\" data-embed-base-url-canonical=\"https:\/\/www.digi24.ro\/embed\/stiri\/actualitate\/politica\/dan-tudorache-deputat-social-democrat-la-digi24-simt-ca-psd-va-renunta-la-functia-de-conducere-a-lui-gabriel-oprea-201870\">\n<p data-index=\"1\"><img decoding=\"async\" src=\"https:\/\/analyse.optim.biz\/wp-content\/uploads\/2024\/09\/mczoyxnopwvjnzrhnze3nmq1zmzjyzg2zjqzmzlmztnmotq4zmq2-thumb_.jpg\" data-skip-htmlfix=\"1\" title=\"mczoyxnopwvjnzrhnze3nmq1zmzjyzg2zjqzmzlmztnmotq4zmq2-thumb_\">\u201ePSD va renun\u021ba, e p\u0103rerea mea, poate m\u0103 \u00een\u0219el, dar din ce am v\u0103zut eu ast\u0103zi, semnele pe care le-am v\u0103zut, cred c\u0103 va renun\u021ba la postul de vicepremier a lui Gabi Oprea\u201d, a declarat deputatul PSD \u00een <strong>emisiunea \u201eImpar\u021bial\u201d<\/strong> de la <strong>Digi24<\/strong>.<\/p>\n<p data-index=\"2\">El a precizat c\u0103 ar fi vorba despre postul de conducere pe care \u00eel de\u021bine <strong>Gabriel Oprea<\/strong>. \u201ePSD dore\u0219te ca acest USL s\u0103 mearg\u0103 mai departe \u0219i ce v\u0103d eu de la <strong>Crin Antonescu<\/strong> este o condi\u021bie sau&#8230;Ei nu vor s\u0103 fac\u0103 nicio concesie. \u0218i noi demonstr\u0103m, PSD-ul, c\u0103 facem concesii ca USL-ul s\u0103 mearg\u0103 mai departe. Deci am f\u0103cut un pas \u00eenapoi, cred c\u0103 \u00eel vom face \u0219i pe al doilea\u201d, a spus Dan Tudorache la Digi24. El a sugerat c\u0103 vicepremierul Gabriel Oprea ar putea primi alte \u00eens\u0103rcin\u0103ri.<\/p>\n<p data-index=\"3\">Urm\u0103ri\u021bi-i declara\u021biile \u00een materialul video de mai jos:<\/p>\n<\/div>\n<p> Source URL: https:\/\/www.digi24.ro\/stiri\/actualitate\/politica\/dan-tudorache-deputat-social-democrat-la-digi24-simt-ca-psd-va-renunta-la-functia-de-conducere-a-lui-gabriel-oprea-201870<\/p>\n","protected":false},"excerpt":{"rendered":"<p>\u201ePSD va renun\u021ba, e p\u0103rerea mea, poate m\u0103 \u00een\u0219el, dar din ce am v\u0103zut eu ast\u0103zi, semnele pe care le-am v\u0103zut, cred c\u0103 va renun\u021ba la postul de vicepremier a lui Gabi Oprea\u201d, a declarat deputatul PSD \u00een emisiunea \u201eImpar\u021bial\u201d de la Digi24. El a precizat c\u0103 ar fi vorba despre postul de conducere pe [&hellip;]<\/p>\n","protected":false},"author":1,"featured_media":212044,"comment_status":"open","ping_status":"","sticky":false,"template":"","format":"standard","meta":{"footnotes":""},"categories":[2],"tags":[11],"class_list":["post-212043","post","type-post","status-publish","format-standard","has-post-thumbnail","hentry","category-politics","tag-digi24"],"_links":{"self":[{"href":"https:\/\/analyse.optim.biz\/index.php?rest_route=\/wp\/v2\/posts\/212043","targetHints":{"allow":["GET"]}}],"collection":[{"href":"https:\/\/analyse.optim.biz\/index.php?rest_route=\/wp\/v2\/posts"}],"about":[{"href":"https:\/\/analyse.optim.biz\/index.php?rest_route=\/wp\/v2\/types\/post"}],"author":[{"embeddable":true,"href":"https:\/\/analyse.optim.biz\/index.php?rest_route=\/wp\/v2\/users\/1"}],"replies":[{"embeddable":true,"href":"https:\/\/analyse.optim.biz\/index.php?rest_route=%2Fwp%2Fv2%2Fcomments&post=212043"}],"version-history":[{"count":0,"href":"https:\/\/analyse.optim.biz\/index.php?rest_route=\/wp\/v2\/posts\/212043\/revisions"}],"wp:featuredmedia":[{"embeddable":true,"href":"https:\/\/analyse.optim.biz\/index.php?rest_route=\/wp\/v2\/media\/212044"}],"wp:attachment":[{"href":"https:\/\/analyse.optim.biz\/index.php?rest_route=%2Fwp%2Fv2%2Fmedia&parent=212043"}],"wp:term":[{"taxonomy":"category","embeddable":true,"href":"https:\/\/analyse.optim.biz\/index.php?rest_route=%2Fwp%2Fv2%2Fcategories&post=212043"},{"taxonomy":"post_tag","embeddable":true,"href":"https:\/\/analyse.optim.biz\/index.php?rest_route=%2Fwp%2Fv2%2Ftags&post=212043"}],"curies":[{"name":"wp","href":"https:\/\/api.w.org\/{rel}","templated":true}]}}