{"id":2120409,"date":"2026-08-31T13:15:14","date_gmt":"2026-08-31T10:15:14","guid":{"rendered":"https:\/\/analyse.optim.biz\/?p=2120409"},"modified":"2026-08-31T13:15:14","modified_gmt":"2026-08-31T10:15:14","slug":"quello-che-sappiamo-sul-futuro-casco-per-moto-di-gopro","status":"publish","type":"post","link":"https:\/\/analyse.optim.biz\/?p=2120409","title":{"rendered":"Quello che sappiamo sul futuro casco per moto di GoPro"},"content":{"rendered":"<div class=\"atxt atxt--first \" id=\"part-1650868\">\n<p><span class=\"atxt-dropcap\">G<\/span>oPro non si accontenta pi\u00f9 di stare &#8220;appesa&#8221; al casco: vuole diventare il casco. I documenti brevettuali depositati dall&#8217;azienda californiana descrivono un progetto che va ben oltre l&#8217;aggiunta di una fotocamera alla mentoniera\u00a0e mettono ordine su una strategia che l&#8217;azienda sta costruendo da un paio d&#8217;anni: prima l&#8217;acquisizione nel 2024 del marchio australiano <strong>Forcite<\/strong>, pioniere dei caschi smart di cui avevamo gi\u00e0 raccontato <a href=\"https:\/\/www.moto.it\/accessori\/forcite-mk1s-il-casco-del-futuro.html\">il progetto MK1S<\/a>, poi la collaborazione avviata l&#8217;anno scorso con <strong>AGV<\/strong> per lo sviluppo di calotte specifiche. Ora arrivano le carte che spiegano cosa GoPro ha davvero in&#8230; Testa!<\/p>\n<\/div>\n<div class=\"atxt  \" id=\"part-1650870\">\n<h2 class=\"atxt-title\">\n            Telecamera e LED per la navigazione: la parte &#8220;facile&#8221;<br \/>\n        <\/h2>\n<p><span class=\"cms-first-letter\">I<\/span>l brevetto conferma quello che ci si aspettava da chi fa action cam da sempre: una <strong>telecamera integrata nella mentoniera<\/strong>, con l&#8217;obiettivo protetto da uno sportellino a filo con la calotta, collegata a una coppia di microfoni rivolti verso l&#8217;interno per registrare anche il parlato del pilota. Ecco, questo basterebbe a noi di Moto.it per facilitarci la vita&#8230; Sulla parte superiore della mentoniera trova posto un array (cio\u00e8 una struttura unica) di <strong>LED multicolore<\/strong> orientato verso l&#8217;alto, che proietta luce su un <strong>segmento riflettente<\/strong> ricavato nella parte alta della visiera. Il sistema funziona <strong>come un piccolo head-up display a impulsi<\/strong> <strong>cromatici<\/strong>: sequenze e colori diversi possono comunicare informazioni al pilota come\u00a0per esempio la direzione da prendere quando si sta seguendo un percorso impostato sul navigatore.<\/p>\n<p>Fin qui, possiamo dire nulla di clamoroso: rappresenta ci\u00f2 che ci si aspetterebbe da un casco firmato da GoPro. Dopotutto fotocamere integrate e display periferici li abbiamo gi\u00e0 visti su <a href=\"https:\/\/www.moto.it\/accessori\/il-futuro-in-testa-caschi-moto-intelligenti-e-hi-tech.html\">altri caschi smart<\/a>, Forcite compreso. La parte pi\u00f9 stuzzicante del brevetto \u00e8 per\u00f2 un&#8217;altra.<\/p>\n<\/div>\n<div class=\"atxt  \" id=\"part-1650879\">\n<h2 class=\"atxt-title\">\n            Punto cieco monitorato&#8230; con l&#8217;udito!<br \/>\n        <\/h2>\n<p><span class=\"cms-first-letter\">I<\/span>l focus principale della documentazione depositata da GoPro non \u00e8 la telecamera, ma una <strong>serie\u00a0di microfoni rivolti verso il retro<\/strong>, abbinato a una connettivit\u00e0 cloud e a tecniche di machine learning, pensato per creare un sistema di <strong>monitoraggio del punto cieco<\/strong> a basso costo.<\/p>\n<p>L&#8217;idea, sulla carta, \u00e8 tanto semplice quanto ambiziosa:<strong> i microfoni posteriori raccolgono il rumore del traffico<\/strong> circostante e un algoritmo di apprendimento automatico lo elabora per stimare <strong>posizione e distanza<\/strong> dei veicoli rispetto al casco. Il sistema dovrebbe anche imparare a <strong>filtrare il rumore della propria moto<\/strong>, per non confondersi con il traffico da monitorare, mentre un pacchetto di accelerometri integrati traccia i movimenti della testa del pilota, cos\u00ec da non perdere l&#8217;orientamento quando ci si gira a guardare uno specchietto o si controlla una corsia.<\/p>\n<p>La logica economica dietro la scelta \u00e8 piuttosto chiara: i <strong>microfoni costano molto meno di telecamere o radar<\/strong>, e GoPro punta a spostare il grosso del lavoro sulla potenza di calcolo e sul software piuttosto che su sensoristica costosa. Un approccio che, se funzionasse davvero, potrebbe portare una funzione da moto premium su caschi a prezzo molto pi\u00f9 accessibile. Non solo, cambia letteralmente la prospettiva su un dispositivo di sicurezza che finora si \u00e8 sempre ipotizzato dover far parte della moto e non dell&#8217;equipaggiamento del pilota. Il vantaggio \u00e8 che possiamo guidare moto di qualsiasi tipo, anche d&#8217;epoca, ma avere con noi un sistema di sicurezza di ultima generazione.<\/p>\n<p>Chi scrive, per\u00f2, \u00e8 anche dell&#8217;idea che i microfoni nella parte posteriore del casco, proprio grazie al software, potrebbe fungere anche da registratori del sound della moto. Vedremo poi quale sar\u00e0 la direzione scelta dal costruttore.<\/p>\n<\/div>\n<div class=\"atxt  \" id=\"part-1650874\">\n<h2 class=\"atxt-title\">\n            Funzioner\u00e0 davvero?<br \/>\n        <\/h2>\n<p><span class=\"cms-first-letter\">Q<\/span>ui per\u00f2 arriva il punto interrogativo pi\u00f9 grande e mi riferisco ovviamente al sistema di monitoraggio punti ciechi. Se non ci sono dubbi che la parte della telecamera e dei microfoni interni funzioni a dovere e se \u00e8 ragionevole nutrire altrettanta fiducia sul fatto che funzioni anche la parte relativa alle indicazioni visive,\u00a0riuscire a localizzare con precisione la posizione di altri veicoli usando <strong>solo il suono<\/strong>, senza l&#8217;ausilio di radar o telecamere dedicate, \u00e8 un compito tutt&#8217;altro che banale. Paradossalmente sarebbe pi\u00f9 facile su una vettura. Il rumore del vento, la variabilit\u00e0 delle condizioni stradali e le differenze acustiche enormi tra un veicolo e un altro sono tutte variabili che un algoritmo dovr\u00e0 imparare a gestire senza generare <strong>falsi allarmi<\/strong> o, peggio, mancare segnalazioni reali. Pensiamo al caso di un&#8217;auto elettrica che ad un radar non sfugge ma sar\u00e0 lo stesso per un sistema audio? Non credo. Ecco perch\u00e9 sono pi\u00f9 dell&#8217;idea che il sistema verr\u00e0 utilizzato pi\u00f9 per riconoscere il sound della propria moto che l&#8217;arrivo di altri veicoli.\u00a0Resta il fatto che GoPro, con Forcite e AGV gi\u00e0 in squadra, sembra avere tutte le carte in regola per provarci sul serio. Per essere davvero completo, per\u00f2, a questo casco manca una cosa: il collegamento con altri caschi. In altre parole l&#8217;interfono. Negli ultimi tempi <strong>sia Cardo sia Sena hanno iniziato a proporre i loro caschi <\/strong>partendo proprio dal loro core business che \u00e8 la comunicazione pi\u00f9 che la registrazione di contenuti. Naturalmente per GoPro la strada non pu\u00f2 che essere contraria. Ecco, se queste due strade potessero davvero incontrarsi allora potremmo avere pi\u00f9 che<strong> la forma definitiva del casco moderno<\/strong>.\u00a0<\/p>\n<p>Non sappiamo ancora quando GoPro ha previsto di debuttare con il suo casco, ma considerando i brevetti depositati e la loro magica comparsa sul web\u00a0possiamo ritenere che non sia troppo lontana e che il programma per il lancio sia gi\u00e0 stato stilato. Sar\u00e0 il prodotto che ridar\u00e0 all&#8217;azienda californiana la posizione di leader nel settore action cam? O sar\u00e0 invece uno spreco di risorse in un momento in cui si trova a fronteggiare una concorrenza senza precedenti? Presto per dirlo, anche perch\u00e9 sar\u00e0 fondamentale capire se questo casco funziona bene e quanto coster\u00e0. Di certo a noi che da anni utilizziamo il casco come strumento di creazione di contenuti e non solo di sicurezza, la promessa di un prodotto come questo fa gola. Staremo a vedere!<\/p>\n<\/div>\n","protected":false},"excerpt":{"rendered":"<p>GoPro non si accontenta pi\u00f9 di stare &#8220;appesa&#8221; al casco: vuole diventare il casco. I documenti brevettuali depositati dall&#8217;azienda californiana descrivono un progetto che va ben oltre l&#8217;aggiunta di una fotocamera alla mentoniera\u00a0e mettono ordine su una strategia che l&#8217;azienda sta costruendo da un paio d&#8217;anni: prima l&#8217;acquisizione nel 2024 del marchio australiano Forcite, pioniere [&hellip;]<\/p>\n","protected":false},"author":1,"featured_media":0,"comment_status":"open","ping_status":"","sticky":false,"template":"","format":"standard","meta":{"footnotes":""},"categories":[1],"tags":[226,238],"class_list":["post-2120409","post","type-post","status-publish","format-standard","hentry","category-uncategorized","tag-crawlmanager","tag-moto-it"],"_links":{"self":[{"href":"https:\/\/analyse.optim.biz\/index.php?rest_route=\/wp\/v2\/posts\/2120409","targetHints":{"allow":["GET"]}}],"collection":[{"href":"https:\/\/analyse.optim.biz\/index.php?rest_route=\/wp\/v2\/posts"}],"about":[{"href":"https:\/\/analyse.optim.biz\/index.php?rest_route=\/wp\/v2\/types\/post"}],"author":[{"embeddable":true,"href":"https:\/\/analyse.optim.biz\/index.php?rest_route=\/wp\/v2\/users\/1"}],"replies":[{"embeddable":true,"href":"https:\/\/analyse.optim.biz\/index.php?rest_route=%2Fwp%2Fv2%2Fcomments&post=2120409"}],"version-history":[{"count":0,"href":"https:\/\/analyse.optim.biz\/index.php?rest_route=\/wp\/v2\/posts\/2120409\/revisions"}],"wp:attachment":[{"href":"https:\/\/analyse.optim.biz\/index.php?rest_route=%2Fwp%2Fv2%2Fmedia&parent=2120409"}],"wp:term":[{"taxonomy":"category","embeddable":true,"href":"https:\/\/analyse.optim.biz\/index.php?rest_route=%2Fwp%2Fv2%2Fcategories&post=2120409"},{"taxonomy":"post_tag","embeddable":true,"href":"https:\/\/analyse.optim.biz\/index.php?rest_route=%2Fwp%2Fv2%2Ftags&post=2120409"}],"curies":[{"name":"wp","href":"https:\/\/api.w.org\/{rel}","templated":true}]}}