{"id":2120384,"date":"2026-08-31T08:08:08","date_gmt":"2026-08-31T05:08:08","guid":{"rendered":"https:\/\/analyse.optim.biz\/?p=2120384"},"modified":"2026-08-31T08:08:08","modified_gmt":"2026-08-31T05:08:08","slug":"pe-12-si-13-septembrie-conacul-zagujeni-isi-redeschide-portile-pentru-zestrea-festival-de-arte-si-bucurii","status":"publish","type":"post","link":"https:\/\/analyse.optim.biz\/?p=2120384","title":{"rendered":"Pe 12 \u0219i 13 septembrie, Conacul Z\u0103gujeni \u00ee\u0219i redeschide por\u021bile pentru Zestrea- Festival de Arte \u0219i Bucurii"},"content":{"rendered":"<p>[analyse_image type=&#8221;featured&#8221; src=&#8221;&#8221;]<\/p>\n<div class=\"entry-content\">\n<p class=\"has-text-align-justify has-text-align-justify\">Timp de dou\u0103 zile, Conacul Z\u0103gujeni prinde via\u021b\u0103 datorit\u0103 celei de a treia edi\u021bii a Zestrea- Festival de Arte \u0219i Bucurii. \u00cen week-endul 12-13 septembrie, Conacul va deveni o destina\u021bie pentru \u00eentreaga familie, g\u0103zduind expozi\u021bii \u0219i expuneri, ateliere pentru copii de toate v\u00e2rstele, degust\u0103ri de vinuri \u0219i alte bun\u0103t\u0103\u021bi, produc\u0103tori locali \u0219i artizani, piese de teatru \u0219i concerte. Toate pentru a celebra istoria multicultural\u0103 de aproape 200 de ani a Conacului.<\/p>\n<p class=\"has-text-align-justify has-text-align-justify\">S\u00e2mb\u0103t\u0103, 12 septembrie 2026, Lari Georgescu va aduce \u00een fa\u021ba publicului spectacolul \u201eMoftul rom\u00e2n\u201d, o c\u0103l\u0103torie prin universul inconfundabil al lui I.L. Caragiale, construit\u0103 din momente \u0219i schi\u021be ce surprind, cu umor fin \u0219i ironie, firea omeneasc\u0103 \u0219i metehnele unei societ\u0103\u021bi care, parc\u0103, nu s-a schimbat at\u00e2t de mult. Cu o scenografie redus\u0103 la esen\u021b\u0103, spectacolul las\u0103 cuv\u00e2ntul \u0219i jocul actoricesc s\u0103 conduc\u0103 \u00eentreaga poveste. Lari Georgescu d\u0103 via\u021b\u0103, cu o expresivitate impresionant\u0103, unei galerii de personaje care se succed cu naturale\u021be, transform\u00e2nd fiecare replic\u0103 \u00eentr-un prilej de r\u00e2s, dar \u0219i de reflec\u021bie.<\/p>\n<p class=\"has-text-align-justify has-text-align-justify\">Tot pe 12 septembrie, Negro Oro Balkan Bagage aduce \u00een Banat muzica din Balcani. C\u00e2ntecele din Serbia, Macedonia, Albania, Bulgaria \u0219i Rom\u00e2nia se \u00eent\u00e2lnesc cu influen\u021be maghiare, rome, klezmer, spaniole \u0219i italiene. Rezultatul? O muzic\u0103 plin\u0103 de energie, nostalgie \u0219i ritmuri care te cheam\u0103 la dans.<\/p>\n<p class=\"has-text-align-justify has-text-align-justify\">Apoi, Petre Ionu\u021bescu, trompetist, multi-instrumentist, compozitor \u0219i produc\u0103tor muzical, exploreaz\u0103 \u0219i la Conacul Z\u0103gujeni la grani\u021ba dintre jazz, ambient, improviza\u021bie \u0219i sonorit\u0103\u021bi ritualice, construind un univers muzical cinematic \u0219i profund personal.\u00a0<\/p>\n<p class=\"has-text-align-justify has-text-align-justify\">Duminic\u0103, 13 septembrie 2026, Drum Circle Timi\u0219oara ne invit\u0103 la o \u00eent\u00e2lnire \u00een care ritmul, bucuria \u0219i conexiunea ne aduc \u00eempreun\u0103, iar Taraf de Ak\u00e1cfa aduce la Zestrea \u2013 Festival de Arte \u0219i Bucurii energia vibrant\u0103 a muzicii l\u0103ut\u0103re\u0219ti rom\u00e2ne\u0219ti, balcanice \u0219i a folclorului transilv\u0103nean!<\/p>\n<p class=\"has-text-align-justify has-text-align-justify\">Produc\u0103torii locali din Jude\u021bul Cara\u0219-Severin \u00ee\u0219i vor expune produsele \u00een curtea Conacului, iar artizani \u0219i me\u0219teri populari din toat\u0103 \u021bara \u00ee\u0219i vor prezenta crea\u021biile. Vizitatorii vor putea achizi\u021biona \u0219i obiecte vechi de la anticari. Copiii pot participa la diverse ateliere, iar p\u0103rin\u021bii pot descoperi povestea Conacului Z\u0103gujeni prin intermediul prelegerilor \u0219i tururilor ghidate.\u00a0\u00a0\u00a0\u00a0\u00a0\u00a0\u00a0\u00a0\u00a0\u00a0\u00a0\u00a0\u00a0\u00a0\u00a0\u00a0<\/p>\n<p class=\"has-text-align-justify has-text-align-justify\">Accesul este gratuit \u00een zona t\u00e2rgului de produse tradi\u021bionale, artizani \u0219i anticari. Accesul la expozi\u021biile \u0219i prelegerile din Conac, la piesa de teatru \u0219i la cele patru concerte se face \u00een baza unui bilet de 50 lei\/ zi sau a abonamentului de 75 de lei pentru ambele zile care pot fi achizi\u021bionate de pe https:\/\/www.blt.ro\/zestrea-festival-de-arte-si-bucurii.html. Copiii sub 12 ani au acces gratuit. Fondurile str\u00e2nse din v\u00e2nzarea biletelor \u0219i a abonamentelor vor contribui la revitalizarea monumentului istoric.<\/p>\n<p class=\"has-text-align-justify has-text-align-justify\">Cea de a treia edi\u021bie a Zestrea \u2013 Festival de Arte \u0219i Bucurii este organizat\u0103 de Conacul Z\u0103gujeni cu sprijinul Prim\u0103riei Constantin Daicoviciu.<\/p>\n<div class=\"social-sharing ss-social-sharing\"><a rel=\"external nofollow\" class=\"ss-button-facebook\" href=\"http:\/\/www.facebook.com\/sharer\/sharer.php?u=https%3A%2F%2Fwww.observatordetimis.ro%2F2026%2F08%2F31%2Fpe-12-si-13-septembrie-conacul-zagujeni-isi-redeschide-portile-pentru-zestrea-festival-de-arte-si-bucurii%2F\" target=\"_blank\">Share on Facebook<\/a><a rel=\"external nofollow\" class=\"ss-button-twitter\" href=\"http:\/\/twitter.com\/intent\/tweet\/?text=Pe+12+%C8%99i+13+septembrie%2C+Conacul+Z%C4%83gujeni+%C3%AE%C8%99i+redeschide+por%C8%9Bile+pentru+Zestrea-+Festival+de+Arte+%C8%99i+Bucurii&amp;url=https%3A%2F%2Fwww.observatordetimis.ro%2F2026%2F08%2F31%2Fpe-12-si-13-septembrie-conacul-zagujeni-isi-redeschide-portile-pentru-zestrea-festival-de-arte-si-bucurii%2F\" target=\"_blank\">Share on Twitter<\/a><a rel=\"external nofollow\" class=\"ss-button-linkedin\" href=\"http:\/\/www.linkedin.com\/shareArticle?mini=true&amp;url=https%3A%2F%2Fwww.observatordetimis.ro%2F2026%2F08%2F31%2Fpe-12-si-13-septembrie-conacul-zagujeni-isi-redeschide-portile-pentru-zestrea-festival-de-arte-si-bucurii%2F&amp;title=Pe+12+%C8%99i+13+septembrie%2C+Conacul+Z%C4%83gujeni+%C3%AE%C8%99i+redeschide+por%C8%9Bile+pentru+Zestrea-+Festival+de+Arte+%C8%99i+Bucurii\" target=\"_blank\">Share on Linkedin<\/a><\/div>\n<div class=\"relpost-thumb-wrapper\">\n<div class=\"relpost-thumb-container\">\n<h3>Cite\u0219te \u0219i:<\/h3>\n<div class=\"relpost-block-container relpost-block-column-layout\"><a href=\"https:\/\/www.observatordetimis.ro\/2025\/10\/21\/campania-de-colectare-a-deseurilor-voluminoase-din-zona-0-ghizela-se-amana-la-solicitarea-adid-timis\/\" class=\"relpost-block-single\"><\/p>\n<div class=\"relpost-custom-block-single\">\n<div class=\"relpost-block-single-text\">\n<h3 class=\"relpost_card_title\">Campania de\u00a0colectare\u00a0a\u00a0de\u0219eurilor voluminoase\u00a0din Zona 0 Ghizela\u00a0se\u00a0am\u00e2n\u0103\u00a0la\u00a0solicitarea\u00a0ADID Timi\u0219<\/h3>\n<\/div>\n<\/div>\n<p><\/a><a href=\"https:\/\/www.observatordetimis.ro\/2026\/03\/13\/verificari-ale-politistilor-locali-in-pietele-agro-alimentare\/\" class=\"relpost-block-single\"><\/p>\n<div class=\"relpost-custom-block-single\">\n<div class=\"relpost-block-single-text\">\n<h3 class=\"relpost_card_title\">Verific\u0103ri ale poli\u021bi\u0219tilor locali \u00een pie\u021bele agro-alimentare\u00a0<\/h3>\n<\/div>\n<\/div>\n<p><\/a><a href=\"https:\/\/www.observatordetimis.ro\/2026\/05\/01\/spatii-comerciale-in-pietele-din-subordinea-societatii-piete-s-a-licitate\/\" class=\"relpost-block-single\"><\/p>\n<div class=\"relpost-custom-block-single\">\n<div class=\"relpost-block-single-text\">\n<h3 class=\"relpost_card_title\">Spa\u021bii comerciale \u00een pie\u021bele din subordinea Societ\u0103\u021bii PIE\u021aE S.A, licitate<\/h3>\n<\/div>\n<\/div>\n<p><\/a><a href=\"https:\/\/www.observatordetimis.ro\/2025\/12\/02\/asociatia-acasa-in-banat-lanseaza-campania-dar-din-dar-de-craciun-apel-la-solidaritate-pentru-100-de-familii-din-timis-si-caras-severin\/\" class=\"relpost-block-single\"><\/p>\n<div class=\"relpost-custom-block-single\">\n<div class=\"relpost-block-single-text\">\n<h3 class=\"relpost_card_title\">Asocia\u021bia Acas\u0103 \u00een Banat lanseaz\u0103 campania \u201eDar din Dar de Cr\u0103ciun\u201d: apel la solidaritate pentru 100&#8230;<\/h3>\n<\/div>\n<\/div>\n<p><\/a><a href=\"https:\/\/www.observatordetimis.ro\/2025\/11\/17\/conferinta-nationala-mobilitatea-si-dezvoltarea-durabila-editia-a-iii-a-la-timisoara\/\" class=\"relpost-block-single\"><\/p>\n<div class=\"relpost-custom-block-single\">\n<div class=\"relpost-block-single-text\">\n<h3 class=\"relpost_card_title\">Conferin\u021ba Na\u021bional\u0103 \u201eMobilitatea \u0219i Dezvoltarea Durabil\u0103\u201d, edi\u021bia a III-a, la Timi\u0219oara<\/h3>\n<\/div>\n<\/div>\n<p><\/a><a href=\"https:\/\/www.observatordetimis.ro\/2026\/06\/08\/zona-1-si-zona-0-programul-de-spalare-a-pubelelor-destinate-colectarii-deseurilor-reziduale-08-13-iunie-2026\/\" class=\"relpost-block-single\"><\/p>\n<div class=\"relpost-custom-block-single\">\n<div class=\"relpost-block-single-text\">\n<h3 class=\"relpost_card_title\">ZONA 1 \u0219i ZONA 0. Programul de sp\u0103lare a pubelelor destinate colect\u0103rii de\u0219eurilor reziduale (08 \u2013 1&#8230;<\/h3>\n<\/div>\n<\/div>\n<p><\/a><\/div>\n<\/div>\n<\/div>\n<\/div>\n<p>[analyse_source url=&#8221;https:\/\/www.observatordetimis.ro\/2026\/08\/31\/pe-12-si-13-septembrie-conacul-zagujeni-isi-redeschide-portile-pentru-zestrea-festival-de-arte-si-bucurii\/&#8221;]<\/p>\n","protected":false},"excerpt":{"rendered":"<p>[analyse_image type=&#8221;featured&#8221; src=&#8221;&#8221;] Timp de dou\u0103 zile, Conacul Z\u0103gujeni prinde via\u021b\u0103 datorit\u0103 celei de a treia edi\u021bii a Zestrea- Festival de Arte \u0219i Bucurii. \u00cen week-endul 12-13 septembrie, Conacul va deveni o destina\u021bie pentru \u00eentreaga familie, g\u0103zduind expozi\u021bii \u0219i expuneri, ateliere pentru copii de toate v\u00e2rstele, degust\u0103ri de vinuri \u0219i alte bun\u0103t\u0103\u021bi, produc\u0103tori locali \u0219i [&hellip;]<\/p>\n","protected":false},"author":1,"featured_media":0,"comment_status":"open","ping_status":"","sticky":false,"template":"","format":"standard","meta":{"footnotes":""},"categories":[89],"tags":[226,186],"class_list":["post-2120384","post","type-post","status-publish","format-standard","hentry","category-romania","tag-crawlmanager","tag-observatordetimis-ro"],"_links":{"self":[{"href":"https:\/\/analyse.optim.biz\/index.php?rest_route=\/wp\/v2\/posts\/2120384","targetHints":{"allow":["GET"]}}],"collection":[{"href":"https:\/\/analyse.optim.biz\/index.php?rest_route=\/wp\/v2\/posts"}],"about":[{"href":"https:\/\/analyse.optim.biz\/index.php?rest_route=\/wp\/v2\/types\/post"}],"author":[{"embeddable":true,"href":"https:\/\/analyse.optim.biz\/index.php?rest_route=\/wp\/v2\/users\/1"}],"replies":[{"embeddable":true,"href":"https:\/\/analyse.optim.biz\/index.php?rest_route=%2Fwp%2Fv2%2Fcomments&post=2120384"}],"version-history":[{"count":0,"href":"https:\/\/analyse.optim.biz\/index.php?rest_route=\/wp\/v2\/posts\/2120384\/revisions"}],"wp:attachment":[{"href":"https:\/\/analyse.optim.biz\/index.php?rest_route=%2Fwp%2Fv2%2Fmedia&parent=2120384"}],"wp:term":[{"taxonomy":"category","embeddable":true,"href":"https:\/\/analyse.optim.biz\/index.php?rest_route=%2Fwp%2Fv2%2Fcategories&post=2120384"},{"taxonomy":"post_tag","embeddable":true,"href":"https:\/\/analyse.optim.biz\/index.php?rest_route=%2Fwp%2Fv2%2Ftags&post=2120384"}],"curies":[{"name":"wp","href":"https:\/\/api.w.org\/{rel}","templated":true}]}}