{"id":2120383,"date":"2026-08-31T08:00:04","date_gmt":"2026-08-31T05:00:04","guid":{"rendered":"https:\/\/analyse.optim.biz\/?p=2120383"},"modified":"2026-08-31T08:00:04","modified_gmt":"2026-08-31T05:00:04","slug":"colectarea-separata-corecta-incepe-cu-recipientul-potrivit-2","status":"publish","type":"post","link":"https:\/\/analyse.optim.biz\/?p=2120383","title":{"rendered":"Colectarea separat\u0103 corect\u0103 \u00eencepe\u00a0cu\u00a0recipientul potrivit"},"content":{"rendered":"<p>[analyse_image type=&#8221;featured&#8221; src=&#8221;&#8221;]<\/p>\n<div class=\"entry-content\">\n<p class=\"has-text-align-justify has-text-align-justify\">\u2022\u00a0<strong>Ambalajele<\/strong><strong>\u00a0<\/strong><strong>\u0219i<\/strong><strong>\u00a0<\/strong><strong>de\u0219eurile<\/strong><strong>\u00a0<\/strong><strong>reciclabile<\/strong><strong>\u00a0din\u00a0<\/strong><strong>s<\/strong><strong>ticl\u0103<\/strong><strong>, plastic\u00a0<\/strong><strong>\u0219i <\/strong><strong>metal,\u00a0<\/strong><strong>h\u00e2rtie<\/strong><strong>\u00a0<\/strong><strong>\u0219i<\/strong><strong>\u00a0carton\u00a0<\/strong><strong>sau<\/strong><strong>\u00a0<\/strong><strong>de\u0219euri<\/strong><strong>le<\/strong><strong>\u00a0<\/strong><strong>reziduale<\/strong><strong>\u00a0\u2013\u00a0<\/strong><strong>fiecare <\/strong><strong>\u00een<\/strong><strong>\u00a0<\/strong><strong>compartimentul<\/strong><strong>\u00a0<\/strong><strong>de\u00a0<\/strong><strong>colectare<\/strong><strong>\u00a0<\/strong><strong>dedicat<\/strong><\/p>\n<p class=\"has-text-align-justify has-text-align-justify\">\u2022\u00a0<strong>RETIM\u00a0<\/strong><strong>reaminte\u0219te<\/strong><strong>\u00a0<\/strong><strong>locuitorilor<\/strong><strong>\u00a0din Zona 0\u00a0<\/strong><strong>\u0219i<\/strong><strong>\u00a0Zona 1 Timi\u0219\u00a0<\/strong><strong>regulile<\/strong><strong>\u00a0de\u00a0<\/strong><strong>colectare<\/strong><strong>\u00a0<\/strong><strong>separat\u0103<\/strong><strong>\u00a0<\/strong><strong>\u0219i<\/strong><strong>\u00a0<\/strong><strong>prezint\u0103<\/strong><strong>\u00a0<\/strong><strong>proiectul <\/strong><strong>pilot\u00a0<\/strong><strong>pentru<\/strong><strong>\u00a0<\/strong><strong>de\u0219euril<\/strong><strong>e<\/strong><strong>\u00a0<\/strong><strong>biodegradabile<\/strong><strong>\u00a0<\/strong><strong>din<\/strong><strong>\u00a0<\/strong><strong>9\u00a0<\/strong><strong>pie\u021be<\/strong><strong>\u00a0din Timi<\/strong><strong>\u0219oara<\/strong><\/p>\n<p class=\"has-text-align-justify has-text-align-justify\">Colectarea\u00a0separat\u0103\u00a0\u00eencepe\u00a0cu un gest\u00a0simplu:\u00a0<strong>identificarea <\/strong><strong>corect\u0103<\/strong><strong>\u00a0a\u00a0<\/strong><strong>de\u0219eului<\/strong><strong>\u00a0<\/strong><strong>\u0219i<\/strong><strong>\u00a0<\/strong><strong>depunerea<\/strong><strong>\u00a0<\/strong><strong>\u00een<\/strong><strong>\u00a0<\/strong><strong>recipientul<\/strong><strong>\u00a0<\/strong><strong>corespunz\u0103tor<\/strong>. Pentru ca\u00a0de\u0219eurile\u00a0s\u0103\u00a0poat\u0103\u00a0fi\u00a0reciclate,\u00a0acestea\u00a0trebuie\u00a0separate\u00a0corect\u00a0\u00eenc\u0103\u00a0din\u00a0momentul\u00a0\u00een\u00a0care sunt generate.<\/p>\n<p><strong>Recomand\u0103ri<\/strong><strong>\u00a0<\/strong><strong>colectare<\/strong><strong>\u00a0<\/strong><strong>separat\u0103<\/strong><strong>\u00a0pentru\u00a0<\/strong><strong>utilizatorii<\/strong><strong>\u00a0<\/strong><strong>casnici<\/strong><\/p>\n<p>1.\u00a0<strong>De\u0219eurile<\/strong><strong>\u00a0<\/strong><strong>reciclabile<\/strong><strong>\u00a0din\u00a0<\/strong><strong>ambalaje<\/strong><strong>\u00a0de\u00a0<\/strong><strong>sticl\u0103<\/strong><strong>\u00a0la\u00a0<\/strong><strong>verde<\/strong><\/p>\n<p>\u2022\u00a0Ambalajele\u00a0din\u00a0sticl\u0103\u00a0\u0219i\u00a0borcane,\u00a0f\u0103r\u0103\u00a0dopuri\u00a0\u0219i\u00a0capace;<\/p>\n<p class=\"has-text-align-justify has-text-align-justify\">\u00cen\u00a0zona de case\u00a0\u0219i\u00a0blocuri,\u00a0acestea\u00a0se\u00a0depun\u00a0\u00een\u00a0clopotele\u00a0verzi\u00a0de pe\u00a0domeniul\u00a0public,\u00a0iar\u00a0timi\u0219orenii\u00a0aronda\u021bi\u00a0la\u00a0insulele\u00a0ecologicele pot\u00a0depune\u00a0\u0219i\u00a0\u00een\u00a0modulul\u00a0verde\u00a0dedicat.<\/p>\n<p class=\"has-text-align-justify has-text-align-justify\">2.\u00a0<strong>De\u0219eurile<\/strong><strong>\u00a0<\/strong><strong>reciclabile<\/strong><strong>\u00a0din plastic, metal,\u00a0<\/strong><strong>h\u00e2rtie<\/strong><strong>\u00a0<\/strong><strong>\u0219i<\/strong><strong>\u00a0carton<\/strong><strong>\u00a0la\u00a0<\/strong><strong>galben<\/strong><\/p>\n<p class=\"has-text-align-justify has-text-align-justify\">\u2022\u00a0Ambalajele\u00a0\u0219i\u00a0de\u0219eurile\u00a0reciclabile\u00a0din plastic,\u00a0metal,\u00a0h\u00e2rtie \u0219i\u00a0carton: PET-uri,\u00a0folii, pungi,\u00a0saco\u0219e, doze din\u00a0aluminiu, conserve,\u00a0capace\u00a0metalice,\u00a0h\u00e2rtii,\u00a0bro\u0219uri, pliante,\u00a0c\u0103r\u021bi,\u00a0cutii\u00a0de carton,\u00a0cutii\u00a0de pizza curate,\u00a0cofraje\u00a0de\u00a0ou\u0103,\u00a0ambalaje\u00a0Tetra Pak etc.<\/p>\n<p class=\"has-text-align-justify has-text-align-justify\">\u00cen\u00a0zona de case\u00a0\u0219i\u00a0blocuri,\u00a0acestea\u00a0se\u00a0depun\u00a0\u00een\u00a0recipientele galbene,\u00a0iar\u00a0timi\u0219orenii\u00a0aronda\u021bi\u00a0la\u00a0insulele\u00a0ecologice\u00a0le\u00a0depun\u00a0\u00een modulul\u00a0galben\u00a0dedicat\u00a0ambalajelor\u00a0din\u00a0plastic\u00a0\u0219i\u00a0metal,\u00a0repectiv modulul\u00a0albastru\u00a0dedicat\u00a0de\u0219eurilor\u00a0din\u00a0h\u00e2rtie\u00a0\u0219i\u00a0carton.<\/p>\n<p class=\"has-text-align-justify has-text-align-justify\">3.\u00a0<strong>De\u0219euri<\/strong><strong>\u00a0<\/strong><strong>reziduale<\/strong><strong>\u00a0la\u00a0<\/strong><strong>negru<\/strong><\/p>\n<p class=\"has-text-align-justify has-text-align-justify\">\u2022\u00a0De\u0219euri\u00a0care nu pot fi\u00a0reciclate\u00a0precum:\u00a0resturi\u00a0alimentaref\u0103r\u0103\u00a0ambalaje\u00a0(carne,\u00a0ou\u0103\u00a0\u00eentregi\u00a0etc.),\u00a0h\u00e2rtie\u00a0\u0219i\u00a0carton\u00a0umede\u00a0sau\u00a0murdare,\u00a0scutece\u00a0\u0219i\u00a0produse\u00a0de\u00a0igien\u0103,\u00a0excremente\u00a0ale\u00a0animalelor\u00a0de\u00a0companie,\u00a0chi\u0219toace\u00a0de\u00a0\u021big\u0103ri,\u00a0con\u021binutul\u00a0sacului\u00a0de\u00a0la\u00a0aspirator,\u00a0cenu\u0219\u0103,\u00a0vesel\u0103\u00a0\u0219igeamuri\u00a0sparte\u00a0etc.;<\/p>\n<p class=\"has-text-align-justify has-text-align-justify\">\u00cen\u00a0zona de case\u00a0\u0219i\u00a0blocuri,\u00a0acestea\u00a0se\u00a0depun\u00a0\u00een\u00a0pubela\u00a0neagr\u0103,\u00a0iar timi\u0219orenii\u00a0aronda\u021bi\u00a0la\u00a0insulele\u00a0ecologice\u00a0le\u00a0depun\u00a0\u00een\u00a0modulele negru\u00a0\u0219i\u00a0maro.<\/p>\n<p class=\"has-text-align-justify has-text-align-justify\">RETIM\u00a0reaminte\u0219te\u00a0timi\u0219enilor\u00a0ca\u00a0ambalajele\u00a0reciclabile\u00a0s\u0103\u00a0fie\u00a0golite\u00a0de\u00a0con\u021binut,\u00a0cl\u0103tite\u00a0(la\u00a0nevoie)\u00a0\u0219i\u00a0pliate\u00a0sau\u00a0turtite\u00a0\u00eenainte de\u00a0depunerea\u00a0lor\u00a0\u00een\u00a0recipientele\u00a0corespunz\u0103toare fiec\u0103rei frac\u021bii, pentru a\u00a0reduce\u00a0spa\u021biul\u00a0utilizat\u00a0\u0219i\u00a0pentru a\u00a0sus\u021bine\u00a0o\u00a0colectareseparat\u0103\u00a0corect\u0103.\u00a0<\/p>\n<p class=\"has-text-align-justify has-text-align-justify\">Ambalajele\u00a0marcate\u00a0cu\u00a0simbolul\u00a0\u201eAmbalaj\u00a0cu\u00a0garan\u021bie\u201d pot fi\u00a0returnate\u00a0prin\u00a0Sistemul\u00a0de\u00a0Garan\u021bie\u00a0\u2013\u00a0Returnare.<\/p>\n<p class=\"has-text-align-justify has-text-align-justify\"><strong>Un nou flux pentru\u00a0<\/strong><strong>de\u0219eurile<\/strong><strong>\u00a0<\/strong><strong>biodegradabile<\/strong><strong>\u00a0din\u00a0<\/strong><strong>pie\u021bele<\/strong><strong>Timi\u0219oarei<\/strong><strong>\u00a0\u2013\u00a0<\/strong><strong>proiect<\/strong><strong>\u00a0pilot<\/strong><\/p>\n<p class=\"has-text-align-justify has-text-align-justify\">\u00cencep\u00e2nd\u00a0cu\u00a017 august, RETIM Ecologic Service\u00a0S.A,\u00a0\u00eempreun\u0103 cu\u00a0Prim\u0103ria\u00a0Municipiului\u00a0Timi\u0219oara,\u00a0Pie\u021be\u00a0S.A.,\u00a0Asocia\u0163ia de Dezvoltare Intercomunitar\u0103 De\u015feuri (ADID)\u00a0Timi\u0219\u00a0\u0219i\u00a0Genesis\u00a0Biopartner,\u00a0deruleaz\u0103\u00a0un\u00a0proiect\u00a0pilot de\u00a0colectare\u00a0separat\u0103\u00a0a\u00a0de\u0219eurilor\u00a0biodegradabile\u00a0\u00een\u00a09\u00a0pie\u021be\u00a0din\u00a0Timi\u0219oara.\u00a0De\u0219eurile sunt separate direct de\u00a0comercian\u021bi,\u00a0colectate\u00a0\u00een\u00a0recipiente dedicate\u00a0\u0219i\u00a0preluate\u00a0de RETIM pentru a fi\u00a0transportate\u00a0la\u00a0sta\u021bia Genesis\u00a0Biopartner\u00a0din\u00a0Pi\u0219chia,\u00a0unde\u00a0sunt\u00a0valorificate\u00a0prin digestie\u00a0anaerob\u0103.\u00a0\u00cen\u00a0urma\u00a0procesului\u00a0rezult\u0103\u00a0biogaz,\u00a0utilizat pentru\u00a0producerea\u00a0de\u00a0energie\u00a0electric\u0103\u00a0\u0219i\u00a0termic\u0103,\u00a0\u0219i\u00a0digestat, un\u00a0fertilizator\u00a0organic\u00a0valorificat\u00a0\u00een\u00a0agricultur\u0103.<\/p>\n<p class=\"has-text-align-justify has-text-align-justify\">\u00cen\u00a0recipientele\u00a0dedicate\u00a0proiectului\u00a0sunt\u00a0colectate\u00a0fructe\u00a0\u0219ilegume\u00a0(inclusiv\u00a0g\u0103tite),\u00a0flori,\u00a0frunze,\u00a0plante,\u00a0resturi\u00a0alimentare,\u00a0produse\u00a0de\u00a0panifica\u021bie,\u00a0za\u021b\u00a0de\u00a0cafea\u00a0sau\u00a0resturi\u00a0de\u00a0ceai.\u00a0Acestea sunt predate\u00a0vrac\u00a0sau\u00a0\u00een\u00a0saci\u00a0transparen\u021bi,\u00a0f\u0103r\u0103\u00a0ambalaje.\u00a0<\/p>\n<p class=\"has-text-align-justify has-text-align-justify\">Regulile\u00a0complete\u00a0privind\u00a0colectarea\u00a0separat\u0103\u00a0\u00een\u00a0Zona 0\u00a0\u0219i\u00a0Zona 1 Timi\u0219 sunt\u00a0disponibile\u00a0pe site-ul RETIM,\u00a0\u00een\u00a0sec\u021biunea\u00a0<a href=\"https:\/\/retim.ro\/utile-timis\/ghid_tm\/\">Utile Timi\u0219 \u2013\u00a0Ghid\u00a0de\u00a0colectare<\/a>.<\/p>\n<p class=\"has-text-align-justify has-text-align-justify\"><strong>Informa\u021bii<\/strong><strong>\u00a0<\/strong><strong>\u0219i<\/strong><strong>\u00a0contact<\/strong><\/p>\n<p class=\"has-text-align-justify has-text-align-justify\"><strong>RETIM Ecologic Service S.A.:\u00a0<\/strong>0374 885 692, luni-vineri, 07:00-19:00 |\u00a0<a href=\"mailto:timis@retim.ro\">timis@retim.ro<\/a><\/p>\n<div class=\"social-sharing ss-social-sharing\"><a rel=\"external nofollow\" class=\"ss-button-facebook\" href=\"http:\/\/www.facebook.com\/sharer\/sharer.php?u=https%3A%2F%2Fwww.observatordetimis.ro%2F2026%2F08%2F31%2Fcolectarea-separata-corecta-incepe-cu-recipientul-potrivit%2F\" target=\"_blank\">Share on Facebook<\/a><a rel=\"external nofollow\" class=\"ss-button-twitter\" href=\"http:\/\/twitter.com\/intent\/tweet\/?text=Colectarea+separat%C4%83+corect%C4%83+%C3%AEncepe%C2%A0cu%C2%A0recipientul+potrivit&amp;url=https%3A%2F%2Fwww.observatordetimis.ro%2F2026%2F08%2F31%2Fcolectarea-separata-corecta-incepe-cu-recipientul-potrivit%2F\" target=\"_blank\">Share on Twitter<\/a><a rel=\"external nofollow\" class=\"ss-button-linkedin\" href=\"http:\/\/www.linkedin.com\/shareArticle?mini=true&amp;url=https%3A%2F%2Fwww.observatordetimis.ro%2F2026%2F08%2F31%2Fcolectarea-separata-corecta-incepe-cu-recipientul-potrivit%2F&amp;title=Colectarea+separat%C4%83+corect%C4%83+%C3%AEncepe%C2%A0cu%C2%A0recipientul+potrivit\" target=\"_blank\">Share on Linkedin<\/a><\/div>\n<div class=\"relpost-thumb-wrapper\">\n<div class=\"relpost-thumb-container\">\n<h3>Cite\u0219te \u0219i:<\/h3>\n<div class=\"relpost-block-container relpost-block-column-layout\"><a href=\"https:\/\/www.observatordetimis.ro\/2026\/05\/08\/itm-a-aplicat-amenzi-in-valoare-de-12-milioane-lei-pentru-neregulile-depistate-in-luna-aprilie\/\" class=\"relpost-block-single\"><\/p>\n<div class=\"relpost-custom-block-single\">\n<div class=\"relpost-block-single-text\">\n<h3 class=\"relpost_card_title\">ITM a aplicat amenzi \u00een valoare\u00a0de 1,2 milioane lei pentru neregulile depistate \u00een luna aprilie<\/h3>\n<\/div>\n<\/div>\n<p><\/a><a href=\"https:\/\/www.observatordetimis.ro\/2026\/02\/03\/atentie-vant-puternic-in-urmatoarele-doua-zile-recomandari-de-siguranta\/\" class=\"relpost-block-single\"><\/p>\n<div class=\"relpost-custom-block-single\">\n<div class=\"relpost-block-single-text\">\n<h3 class=\"relpost_card_title\">Aten\u021bie! V\u00e2nt puternic \u00een urm\u0103toarele dou\u0103 zile \u2013 recomand\u0103ri de siguran\u021b\u0103<\/h3>\n<\/div>\n<\/div>\n<p><\/a><a href=\"https:\/\/www.observatordetimis.ro\/2026\/01\/21\/autostrada-a1-margina-holdea-tunelurile-prind-contur-lucrarile-avanseaza-in-ritm-sustinut-foto\/\" class=\"relpost-block-single\"><\/p>\n<div class=\"relpost-custom-block-single\">\n<div class=\"relpost-block-single-text\">\n<h3 class=\"relpost_card_title\">Autostrada A1 Margina \u2013 Holdea: tunelurile prind contur, lucr\u0103rile avanseaz\u0103 \u00een ritm sus\u021binut\/Foto<\/h3>\n<\/div>\n<\/div>\n<p><\/a><a href=\"https:\/\/www.observatordetimis.ro\/2025\/12\/12\/alaiul-colindatorilor-aduce-la-timisoara-cele-mai-frumoase-traditii-si-obiceiuri-de-craciun-2\/\" class=\"relpost-block-single\"><\/p>\n<div class=\"relpost-custom-block-single\">\n<div class=\"relpost-block-single-text\">\n<h3 class=\"relpost_card_title\">Alaiul Colind\u0103torilor aduce la Timi\u0219oara cele mai frumoase tradi\u021bii \u0219i obiceiuri de Cr\u0103ciun\u00a0<\/h3>\n<\/div>\n<\/div>\n<p><\/a><a href=\"https:\/\/www.observatordetimis.ro\/2025\/10\/07\/1-507-sanctiuni-aplicate-de-politistii-locali-in-mijloacele-de-transport-si-in-statii-la-timisoara-foto\/\" class=\"relpost-block-single\"><\/p>\n<div class=\"relpost-custom-block-single\">\n<div class=\"relpost-block-single-text\">\n<h3 class=\"relpost_card_title\">1.507 sanc\u021biuni aplicate de poli\u021bi\u0219tii locali \u00een mijloacele de transport \u0219i \u00een sta\u021bii, la Timi\u0219oara\/&#8230;<\/h3>\n<\/div>\n<\/div>\n<p><\/a><a href=\"https:\/\/www.observatordetimis.ro\/2025\/08\/14\/asociatia-poli-va-invita-la-music-bingo-un-eveniment-caritabil-cu-muzica-distractie-si-premii\/\" class=\"relpost-block-single\"><\/p>\n<div class=\"relpost-custom-block-single\">\n<div class=\"relpost-block-single-text\">\n<h3 class=\"relpost_card_title\">Asocia\u021bia Poli v\u0103 invit\u0103 la \u201eMusic Bingo\u201d \u2013 un eveniment caritabil cu muzic\u0103, distrac\u021bie \u0219i premii<\/h3>\n<\/div>\n<\/div>\n<p><\/a><\/div>\n<\/div>\n<\/div>\n<\/div>\n<p>[analyse_source url=&#8221;https:\/\/www.observatordetimis.ro\/2026\/08\/31\/colectarea-separata-corecta-incepe-cu-recipientul-potrivit\/&#8221;]<\/p>\n","protected":false},"excerpt":{"rendered":"<p>[analyse_image type=&#8221;featured&#8221; src=&#8221;&#8221;] \u2022\u00a0Ambalajele\u00a0\u0219i\u00a0de\u0219eurile\u00a0reciclabile\u00a0din\u00a0sticl\u0103, plastic\u00a0\u0219i metal,\u00a0h\u00e2rtie\u00a0\u0219i\u00a0carton\u00a0sau\u00a0de\u0219eurile\u00a0reziduale\u00a0\u2013\u00a0fiecare \u00een\u00a0compartimentul\u00a0de\u00a0colectare\u00a0dedicat \u2022\u00a0RETIM\u00a0reaminte\u0219te\u00a0locuitorilor\u00a0din Zona 0\u00a0\u0219i\u00a0Zona 1 Timi\u0219\u00a0regulile\u00a0de\u00a0colectare\u00a0separat\u0103\u00a0\u0219i\u00a0prezint\u0103\u00a0proiectul pilot\u00a0pentru\u00a0de\u0219eurile\u00a0biodegradabile\u00a0din\u00a09\u00a0pie\u021be\u00a0din Timi\u0219oara Colectarea\u00a0separat\u0103\u00a0\u00eencepe\u00a0cu un gest\u00a0simplu:\u00a0identificarea corect\u0103\u00a0a\u00a0de\u0219eului\u00a0\u0219i\u00a0depunerea\u00a0\u00een\u00a0recipientul\u00a0corespunz\u0103tor. Pentru ca\u00a0de\u0219eurile\u00a0s\u0103\u00a0poat\u0103\u00a0fi\u00a0reciclate,\u00a0acestea\u00a0trebuie\u00a0separate\u00a0corect\u00a0\u00eenc\u0103\u00a0din\u00a0momentul\u00a0\u00een\u00a0care sunt generate. Recomand\u0103ri\u00a0colectare\u00a0separat\u0103\u00a0pentru\u00a0utilizatorii\u00a0casnici 1.\u00a0De\u0219eurile\u00a0reciclabile\u00a0din\u00a0ambalaje\u00a0de\u00a0sticl\u0103\u00a0la\u00a0verde \u2022\u00a0Ambalajele\u00a0din\u00a0sticl\u0103\u00a0\u0219i\u00a0borcane,\u00a0f\u0103r\u0103\u00a0dopuri\u00a0\u0219i\u00a0capace; \u00cen\u00a0zona de case\u00a0\u0219i\u00a0blocuri,\u00a0acestea\u00a0se\u00a0depun\u00a0\u00een\u00a0clopotele\u00a0verzi\u00a0de pe\u00a0domeniul\u00a0public,\u00a0iar\u00a0timi\u0219orenii\u00a0aronda\u021bi\u00a0la\u00a0insulele\u00a0ecologicele pot\u00a0depune\u00a0\u0219i\u00a0\u00een\u00a0modulul\u00a0verde\u00a0dedicat. 2.\u00a0De\u0219eurile\u00a0reciclabile\u00a0din plastic, metal,\u00a0h\u00e2rtie\u00a0\u0219i\u00a0carton\u00a0la\u00a0galben \u2022\u00a0Ambalajele\u00a0\u0219i\u00a0de\u0219eurile\u00a0reciclabile\u00a0din plastic,\u00a0metal,\u00a0h\u00e2rtie \u0219i\u00a0carton: PET-uri,\u00a0folii, pungi,\u00a0saco\u0219e, doze din\u00a0aluminiu, conserve,\u00a0capace\u00a0metalice,\u00a0h\u00e2rtii,\u00a0bro\u0219uri, pliante,\u00a0c\u0103r\u021bi,\u00a0cutii\u00a0de carton,\u00a0cutii\u00a0de pizza curate,\u00a0cofraje\u00a0de\u00a0ou\u0103,\u00a0ambalaje\u00a0Tetra Pak etc. \u00cen\u00a0zona de case\u00a0\u0219i\u00a0blocuri,\u00a0acestea\u00a0se\u00a0depun\u00a0\u00een\u00a0recipientele galbene,\u00a0iar\u00a0timi\u0219orenii\u00a0aronda\u021bi\u00a0la\u00a0insulele\u00a0ecologice\u00a0le\u00a0depun\u00a0\u00een modulul\u00a0galben\u00a0dedicat\u00a0ambalajelor\u00a0din\u00a0plastic\u00a0\u0219i\u00a0metal,\u00a0repectiv modulul\u00a0albastru\u00a0dedicat\u00a0de\u0219eurilor\u00a0din\u00a0h\u00e2rtie\u00a0\u0219i\u00a0carton. 3.\u00a0De\u0219euri\u00a0reziduale\u00a0la\u00a0negru \u2022\u00a0De\u0219euri\u00a0care [&hellip;]<\/p>\n","protected":false},"author":1,"featured_media":0,"comment_status":"open","ping_status":"","sticky":false,"template":"","format":"standard","meta":{"footnotes":""},"categories":[89],"tags":[226,186],"class_list":["post-2120383","post","type-post","status-publish","format-standard","hentry","category-romania","tag-crawlmanager","tag-observatordetimis-ro"],"_links":{"self":[{"href":"https:\/\/analyse.optim.biz\/index.php?rest_route=\/wp\/v2\/posts\/2120383","targetHints":{"allow":["GET"]}}],"collection":[{"href":"https:\/\/analyse.optim.biz\/index.php?rest_route=\/wp\/v2\/posts"}],"about":[{"href":"https:\/\/analyse.optim.biz\/index.php?rest_route=\/wp\/v2\/types\/post"}],"author":[{"embeddable":true,"href":"https:\/\/analyse.optim.biz\/index.php?rest_route=\/wp\/v2\/users\/1"}],"replies":[{"embeddable":true,"href":"https:\/\/analyse.optim.biz\/index.php?rest_route=%2Fwp%2Fv2%2Fcomments&post=2120383"}],"version-history":[{"count":0,"href":"https:\/\/analyse.optim.biz\/index.php?rest_route=\/wp\/v2\/posts\/2120383\/revisions"}],"wp:attachment":[{"href":"https:\/\/analyse.optim.biz\/index.php?rest_route=%2Fwp%2Fv2%2Fmedia&parent=2120383"}],"wp:term":[{"taxonomy":"category","embeddable":true,"href":"https:\/\/analyse.optim.biz\/index.php?rest_route=%2Fwp%2Fv2%2Fcategories&post=2120383"},{"taxonomy":"post_tag","embeddable":true,"href":"https:\/\/analyse.optim.biz\/index.php?rest_route=%2Fwp%2Fv2%2Ftags&post=2120383"}],"curies":[{"name":"wp","href":"https:\/\/api.w.org\/{rel}","templated":true}]}}