{"id":2120382,"date":"2026-08-28T13:17:21","date_gmt":"2026-08-28T10:17:21","guid":{"rendered":"https:\/\/analyse.optim.biz\/?p=2120382"},"modified":"2026-08-28T13:17:21","modified_gmt":"2026-08-28T10:17:21","slug":"retim-proiectul-pilot-de-colectare-separata-a-biodeseurilor-generate-de-comerciantii-din-cele-9-piete-din-timisoara-continua-cu-rezultate-tot-mai-consistente","status":"publish","type":"post","link":"https:\/\/analyse.optim.biz\/?p=2120382","title":{"rendered":"RETIM: Proiectul pilot de colectare separat\u0103 a biode\u0219eurilor generate de comercian\u021bii din cele 9 pie\u021be din Timi\u0219oara continu\u0103 cu rezultate tot mai consistente"},"content":{"rendered":"<p>[analyse_image type=&#8221;featured&#8221; src=&#8221;&#8221;]<\/p>\n<div class=\"entry-content\">\n<p class=\"has-text-align-justify has-text-align-justify\">Proiectul pilot de colectare separat\u0103 a biode\u0219eurilor generate de comercian\u021bii din cele 9 pie\u021be din Timi\u0219oara continu\u0103 cu rezultate tot mai consistente.<\/p>\n<p class=\"has-text-align-justify has-text-align-justify\">\u00cen primele 2 s\u0103pt\u0103m\u00e2ni de colectare au fost str\u00e2nse separat 19,2 tone de biode\u0219euri.  Dintre acestea, 12,8 tone au fost colectate \u00een ultimele trei zile, fa\u021b\u0103 de 6,4 tone \u00een primele trei zile.<\/p>\n<p class=\"has-text-align-justify has-text-align-justify\">Cantit\u0103\u021bile colectate arat\u0103 c\u00e2t de mult\u0103 materie organic\u0103 poate fi redirec\u021bionat\u0103 c\u0103tre valorificare atunci c\u00e2nd este separat\u0103 \u00eenc\u0103 de la locul \u00een care este generat\u0103.<\/p>\n<p class=\"has-text-align-justify has-text-align-justify\">Cele 19,2 tone de biode\u0219euri au ajuns la sta\u021bia Genesis Biopartner din Pi\u0219chia, unde au intrat \u00een procesul de valorificare pentru produc\u021bia de biogaz, energie verde sau fertilizator organic.<\/p>\n<p class=\"has-text-align-justify has-text-align-justify\">Le mul\u021bumim comercian\u021bilor care s-au implicat \u00eenc\u0103 din primele zile \u0219i au \u00een\u021beles importan\u021ba colect\u0103rii separate!<\/p>\n<p>Comunit\u0103\u021bile responsabile se construiesc \u00eempreun\u0103!<\/p>\n<figure class=\"wp-block-gallery has-nested-images columns-default is-cropped wp-block-gallery-1 is-layout-flex wp-block-gallery-is-layout-flex\">\n<figure class=\"wp-block-image size-large\"><img loading=\"lazy\" decoding=\"async\" width=\"817\" height=\"1024\" data-id=\"183443\" src=\"https:\/\/www.observatordetimis.ro\/wp-content\/uploads\/2026\/08\/IMG_0590-817x1024.jpeg\" alt class=\"wp-image-183443\"><figcaption class=\"wp-element-caption\">Screenshot<\/figcaption><\/figure>\n<figure class=\"wp-block-image size-large\"><img decoding=\"async\" loading=\"lazy\" width=\"817\" height=\"1024\" data-id=\"183442\" src=\"https:\/\/www.observatordetimis.ro\/wp-content\/uploads\/2026\/08\/IMG_0588-817x1024.jpeg\" alt class=\"wp-image-183442\"><figcaption class=\"wp-element-caption\">Screenshot<\/figcaption><\/figure>\n<figure class=\"wp-block-image size-large\"><img decoding=\"async\" loading=\"lazy\" width=\"820\" height=\"1024\" data-id=\"183440\" src=\"https:\/\/www.observatordetimis.ro\/wp-content\/uploads\/2026\/08\/IMG_0587-820x1024.jpeg\" alt class=\"wp-image-183440\"><figcaption class=\"wp-element-caption\">Screenshot<\/figcaption><\/figure>\n<figure class=\"wp-block-image size-large\"><img decoding=\"async\" loading=\"lazy\" width=\"817\" height=\"1024\" data-id=\"183441\" src=\"https:\/\/www.observatordetimis.ro\/wp-content\/uploads\/2026\/08\/IMG_0586-817x1024.jpeg\" alt class=\"wp-image-183441\"><figcaption class=\"wp-element-caption\">Screenshot<\/figcaption><\/figure>\n<\/figure>\n<div class=\"social-sharing ss-social-sharing\"><a rel=\"external nofollow\" class=\"ss-button-facebook\" href=\"http:\/\/www.facebook.com\/sharer\/sharer.php?u=https%3A%2F%2Fwww.observatordetimis.ro%2F2026%2F08%2F28%2Fretim-proiectul-pilot-de-colectare-separata-a-biodeseurilor-generate-de-comerciantii-din-cele-9-piete-din-timisoara-continua-cu-rezultate-tot-mai-consistente%2F\" target=\"_blank\">Share on Facebook<\/a><a rel=\"external nofollow\" class=\"ss-button-twitter\" href=\"http:\/\/twitter.com\/intent\/tweet\/?text=RETIM%3A+Proiectul+pilot+de+colectare+separat%C4%83+a+biode%C8%99eurilor+generate+de+comercian%C8%9Bii+din+cele+9+pie%C8%9Be+din+Timi%C8%99oara+continu%C4%83+cu+rezultate+tot+mai+consistente&amp;url=https%3A%2F%2Fwww.observatordetimis.ro%2F2026%2F08%2F28%2Fretim-proiectul-pilot-de-colectare-separata-a-biodeseurilor-generate-de-comerciantii-din-cele-9-piete-din-timisoara-continua-cu-rezultate-tot-mai-consistente%2F\" target=\"_blank\">Share on Twitter<\/a><a rel=\"external nofollow\" class=\"ss-button-linkedin\" href=\"http:\/\/www.linkedin.com\/shareArticle?mini=true&amp;url=https%3A%2F%2Fwww.observatordetimis.ro%2F2026%2F08%2F28%2Fretim-proiectul-pilot-de-colectare-separata-a-biodeseurilor-generate-de-comerciantii-din-cele-9-piete-din-timisoara-continua-cu-rezultate-tot-mai-consistente%2F&amp;title=RETIM%3A+Proiectul+pilot+de+colectare+separat%C4%83+a+biode%C8%99eurilor+generate+de+comercian%C8%9Bii+din+cele+9+pie%C8%9Be+din+Timi%C8%99oara+continu%C4%83+cu+rezultate+tot+mai+consistente\" target=\"_blank\">Share on Linkedin<\/a><\/div>\n<div class=\"relpost-thumb-wrapper\">\n<div class=\"relpost-thumb-container\">\n<h3>Cite\u0219te \u0219i:<\/h3>\n<div class=\"relpost-block-container relpost-block-column-layout\"><a href=\"https:\/\/www.observatordetimis.ro\/2026\/02\/23\/sute-de-produse-susceptibile-a-fi-contrafacute-confiscate-de-jandarmi-in-timisoara\/\" class=\"relpost-block-single\"><\/p>\n<div class=\"relpost-custom-block-single\">\n<div class=\"relpost-block-single-text\">\n<h3 class=\"relpost_card_title\">Sute de produse susceptibile a fi contraf\u0103cute, confiscate de jandarmi \u00een Timi\u0219oara<\/h3>\n<\/div>\n<\/div>\n<p><\/a><a href=\"https:\/\/www.observatordetimis.ro\/2025\/06\/14\/directia-de-asistenta-sociala-anunta-contractarea-de-servicii-sociale-pentru-persoane-adulte-cu-dizabilitati\/\" class=\"relpost-block-single\"><\/p>\n<div class=\"relpost-custom-block-single\">\n<div class=\"relpost-block-single-text\">\n<h3 class=\"relpost_card_title\">Direc\u021bia de Asisten\u021b\u0103 Social\u0103 anun\u021b\u0103 contractarea de servicii sociale pentru persoane adulte cu diza&#8230;<\/h3>\n<\/div>\n<\/div>\n<p><\/a><a href=\"https:\/\/www.observatordetimis.ro\/2025\/07\/24\/licitatie-spatii-comerciale-in-pietele-din-timisoara\/\" class=\"relpost-block-single\"><\/p>\n<div class=\"relpost-custom-block-single\">\n<div class=\"relpost-block-single-text\">\n<h3 class=\"relpost_card_title\">Licita\u021bie spa\u021bii comerciale \u00een pie\u021bele din Timi\u0219oara<\/h3>\n<\/div>\n<\/div>\n<p><\/a><a href=\"https:\/\/www.observatordetimis.ro\/2025\/10\/22\/statii-de-tratare-finalizate-de-aquatim-in-judetul-timis\/\" class=\"relpost-block-single\"><\/p>\n<div class=\"relpost-custom-block-single\">\n<div class=\"relpost-block-single-text\">\n<h3 class=\"relpost_card_title\">Sta\u021bii de tratare finalizate de Aquatim \u00een jude\u021bul Timi\u0219<\/h3>\n<\/div>\n<\/div>\n<p><\/a><a href=\"https:\/\/www.observatordetimis.ro\/2026\/01\/17\/gerul-nu-iarta-nici-animalele-nu-ar-trebui-uitate\/\" class=\"relpost-block-single\"><\/p>\n<div class=\"relpost-custom-block-single\">\n<div class=\"relpost-block-single-text\">\n<h3 class=\"relpost_card_title\">Gerul nu iart\u0103. Nici animalele nu ar trebui uitate<\/h3>\n<\/div>\n<\/div>\n<p><\/a><a href=\"https:\/\/www.observatordetimis.ro\/2025\/10\/08\/numaratoarea-inversa-a-inceput-inscrierile-la-timisoara-city-marathon-2025-se-inchid-in-curand\/\" class=\"relpost-block-single\"><\/p>\n<div class=\"relpost-custom-block-single\">\n<div class=\"relpost-block-single-text\">\n<h3 class=\"relpost_card_title\">Num\u0103r\u0103toarea invers\u0103 a \u00eenceput: \u00eenscrierile la Timi\u0219oara City Marathon 2025 se \u00eenchid \u00een cur\u00e2nd!<\/h3>\n<\/div>\n<\/div>\n<p><\/a><\/div>\n<\/div>\n<\/div>\n<\/div>\n<p>[analyse_source url=&#8221;https:\/\/www.observatordetimis.ro\/2026\/08\/28\/retim-proiectul-pilot-de-colectare-separata-a-biodeseurilor-generate-de-comerciantii-din-cele-9-piete-din-timisoara-continua-cu-rezultate-tot-mai-consistente\/&#8221;]<\/p>\n","protected":false},"excerpt":{"rendered":"<p>[analyse_image type=&#8221;featured&#8221; src=&#8221;&#8221;] Proiectul pilot de colectare separat\u0103 a biode\u0219eurilor generate de comercian\u021bii din cele 9 pie\u021be din Timi\u0219oara continu\u0103 cu rezultate tot mai consistente. \u00cen primele 2 s\u0103pt\u0103m\u00e2ni de colectare au fost str\u00e2nse separat 19,2 tone de biode\u0219euri. Dintre acestea, 12,8 tone au fost colectate \u00een ultimele trei zile, fa\u021b\u0103 de 6,4 tone \u00een [&hellip;]<\/p>\n","protected":false},"author":1,"featured_media":0,"comment_status":"open","ping_status":"","sticky":false,"template":"","format":"standard","meta":{"footnotes":""},"categories":[89],"tags":[226,186],"class_list":["post-2120382","post","type-post","status-publish","format-standard","hentry","category-romania","tag-crawlmanager","tag-observatordetimis-ro"],"_links":{"self":[{"href":"https:\/\/analyse.optim.biz\/index.php?rest_route=\/wp\/v2\/posts\/2120382","targetHints":{"allow":["GET"]}}],"collection":[{"href":"https:\/\/analyse.optim.biz\/index.php?rest_route=\/wp\/v2\/posts"}],"about":[{"href":"https:\/\/analyse.optim.biz\/index.php?rest_route=\/wp\/v2\/types\/post"}],"author":[{"embeddable":true,"href":"https:\/\/analyse.optim.biz\/index.php?rest_route=\/wp\/v2\/users\/1"}],"replies":[{"embeddable":true,"href":"https:\/\/analyse.optim.biz\/index.php?rest_route=%2Fwp%2Fv2%2Fcomments&post=2120382"}],"version-history":[{"count":0,"href":"https:\/\/analyse.optim.biz\/index.php?rest_route=\/wp\/v2\/posts\/2120382\/revisions"}],"wp:attachment":[{"href":"https:\/\/analyse.optim.biz\/index.php?rest_route=%2Fwp%2Fv2%2Fmedia&parent=2120382"}],"wp:term":[{"taxonomy":"category","embeddable":true,"href":"https:\/\/analyse.optim.biz\/index.php?rest_route=%2Fwp%2Fv2%2Fcategories&post=2120382"},{"taxonomy":"post_tag","embeddable":true,"href":"https:\/\/analyse.optim.biz\/index.php?rest_route=%2Fwp%2Fv2%2Ftags&post=2120382"}],"curies":[{"name":"wp","href":"https:\/\/api.w.org\/{rel}","templated":true}]}}