{"id":2120381,"date":"2026-08-28T12:10:29","date_gmt":"2026-08-28T09:10:29","guid":{"rendered":"https:\/\/analyse.optim.biz\/?p=2120381"},"modified":"2026-08-28T12:10:29","modified_gmt":"2026-08-28T09:10:29","slug":"christian-tour-muta-temporar-la-arad-zborurile-charter-timisoara-hurghada-ca-urmare-a-lucrarilor-programate-la-pista-aeroportului","status":"publish","type":"post","link":"https:\/\/analyse.optim.biz\/?p=2120381","title":{"rendered":"Christian Tour\u00a0mut\u0103 temporar\u00a0la Arad\u00a0zborurile\u00a0charter\u00a0Timi\u0219oara\u00a0\u2013\u00a0Hurghada, ca\u00a0urmare\u00a0a\u00a0lucr\u0103rilor programate\u00a0la pista\u00a0aeroportului timi\u0219orean"},"content":{"rendered":"<p>[analyse_image type=&#8221;featured&#8221; src=&#8221;&#8221;]<\/p>\n<div class=\"entry-content\">\n<p class=\"has-text-align-justify has-text-align-justify\">Ca\u00a0urmare\u00a0a\u00a0lucr\u0103rilor\u00a0de\u00a0repara\u021bie\u00a0a\u00a0pistei\u00a0Aeroportului Interna\u021bional\u00a0Timi\u0219oara\u00a0\u201eTraian\u00a0Vuia\u201d,\u00a0compania\u00a0Christian Tour va opera\u00a0temporar\u00a0de pe\u00a0Aeroportul\u00a0Interna\u021bional\u00a0Arad\u00a0zborurile charter\u00a0c\u0103tre\u00a0Hurghada\u00a0programate\u00a0\u00een\u00a0luna\u00a0noiembrie.\u00a0<br \/>M\u0103sura vizeaz\u0103\u00a0exclusiv\u00a0zborurile\u00a0charter\u00a0Timi\u0219oara\u00a0\u2013 Hurghada \u2013\u00a0Timi\u0219oara\u00a0din\u00a0perioada\u00a02 \u2013 22\u00a0noiembrie\u00a02026,\u00a0respectiv plec\u0103rile\u00a0\u0219i\u00a0retururile\u00a0programate\u00a0\u00een\u00a0zilele\u00a0de 8, 15\u00a0\u0219i\u00a022\u00a0noiembrie\u00a02026.<\/p>\n<p class=\"has-text-align-justify has-text-align-justify\">Astfel,\u00a0turi\u0219tii\u00a0care\u00a0au\u00a0achizi\u021bionat\u00a0pachete\u00a0Christian Tour cu\u00a0plecare\u00a0din\u00a0Timi\u0219oara\u00a0\u00een\u00a0aceste\u00a0date\u00a0vor\u00a0avea\u00a0plecarea\u00a0\u0219i revenirea\u00a0pe\u00a0Aeroportul\u00a0Interna\u021bional\u00a0Arad,\u00a0f\u0103r\u0103\u00a0ca\u00a0aceast\u0103 modificare\u00a0s\u0103\u00a0afecteze\u00a0programul\u00a0vacan\u021bei\u00a0sau\u00a0serviciile\u00a0incluse\u00a0\u00een\u00a0pachetul\u00a0turistic.\u00a0Christian Tour i-a\u00a0informat\u00a0direct\u00a0pe\u00a0to\u021bi turi\u0219tii\u00a0ale\u00a0c\u0103ror\u00a0zboruri\u00a0sunt\u00a0afectate\u00a0cu\u00a0privire\u00a0la\u00a0modificarea aeroportului\u00a0de\u00a0plecare\u00a0\u0219i\u00a0retur\u00a0\u0219i\u00a0recomand\u0103\u00a0pasagerilor\u00a0s\u0103 verifice\u00a0cu\u00a0aten\u021bie\u00a0informa\u021biile\u00a0transmise\u00a0\u00eenainte\u00a0de\u00a0c\u0103l\u0103torie.<\/p>\n<p class=\"has-text-align-justify has-text-align-justify\">\u201e\u0218tim\u00a0c\u0103\u00a0aeroportul\u00a0de\u00a0plecare\u00a0este un\u00a0criteriu\u00a0important\u00a0atunci c\u00e2nd\u00a0oamenii\u00a0\u00ee\u0219i\u00a0planific\u0103\u00a0vacan\u021ba,\u00a0iar\u00a0schimbarea\u00a0acestuia\u00a0poate ridica\u00a0\u00eentreb\u0103ri, mai\u00a0ales\u00a0atunci\u00a0c\u00e2nd\u00a0c\u0103l\u0103toria\u00a0este\u00a0deja programat\u0103. De\u00a0aceea,\u00a0am\u00a0ales\u00a0s\u0103\u00a0comunic\u0103m\u00a0din\u00a0timp\u00a0aceast\u0103 modificare\u00a0\u0219i\u00a0s\u0103\u00a0ne\u00a0asigur\u0103m\u00a0c\u0103\u00a0fiecare\u00a0turist\u00a0are\u00a0toate informa\u021biile\u00a0necesare\u00a0pentru\u00a0ziua\u00a0plec\u0103rii.\u00a0Pentru\u00a0cursele afectate,\u00a0vacan\u021ba\u00a0r\u0103m\u00e2ne\u00a0neschimbat\u0103,\u00a0singura\u00a0diferen\u021b\u0103\u00a0fiind aeroportul\u00a0de pe care se\u00a0efectueaz\u0103\u00a0zborul\u201d,\u00a0afirm\u0103\u00a0Andrei Sandu, director\u00a0comercial\u00a0Christian Tour.\u00a0<\/p>\n<p>Calendarul\u00a0curselor\u00a0afectate:<\/p>\n<p>8\u00a0noiembrie\u00a02026 \u2013\u00a0plecare\u00a0c\u0103tre\u00a0Hurghada \/\u00a0retur;<\/p>\n<p>15\u00a0noiembrie\u00a02026 \u2013\u00a0plecare\u00a0c\u0103tre\u00a0Hurghada \/\u00a0retur;<\/p>\n<p>22\u00a0noiembrie\u00a02026 \u2013\u00a0plecare\u00a0c\u0103tre\u00a0Hurghada \/\u00a0retur.<\/p>\n<p class=\"has-text-align-justify has-text-align-justify\">Dup\u0103\u00a0finalizarea\u00a0perioadei\u00a0\u00een\u00a0care pista\u00a0Aeroportului Interna\u021bional\u00a0Timi\u0219oara\u00a0este\u00a0afectat\u0103\u00a0de\u00a0lucr\u0103ri,\u00a0zborurile\u00a0charter Christian Tour\u00a0vor\u00a0reveni\u00a0la\u00a0operarea\u00a0conform\u00a0programului ini\u021bial.<\/p>\n<div class=\"social-sharing ss-social-sharing\"><a rel=\"external nofollow\" class=\"ss-button-facebook\" href=\"http:\/\/www.facebook.com\/sharer\/sharer.php?u=https%3A%2F%2Fwww.observatordetimis.ro%2F2026%2F08%2F28%2Fchristian-tour-muta-temporar-la-arad-zborurile-charter-timisoara-hurghada-ca-urmare-a-lucrarilor-programate-la-pista-aeroportului-timisor%2F\" target=\"_blank\">Share on Facebook<\/a><a rel=\"external nofollow\" class=\"ss-button-twitter\" href=\"http:\/\/twitter.com\/intent\/tweet\/?text=Christian+Tour%C2%A0mut%C4%83+temporar%C2%A0la+Arad%C2%A0zborurile%C2%A0charter%C2%A0Timi%C8%99oara%C2%A0-%C2%A0Hurghada%2C+ca%C2%A0urmare%C2%A0a%C2%A0lucr%C4%83rilor+programate%C2%A0la+pista%C2%A0aeroportului+timi%C8%99orean&amp;url=https%3A%2F%2Fwww.observatordetimis.ro%2F2026%2F08%2F28%2Fchristian-tour-muta-temporar-la-arad-zborurile-charter-timisoara-hurghada-ca-urmare-a-lucrarilor-programate-la-pista-aeroportului-timisor%2F\" target=\"_blank\">Share on Twitter<\/a><a rel=\"external nofollow\" class=\"ss-button-linkedin\" href=\"http:\/\/www.linkedin.com\/shareArticle?mini=true&amp;url=https%3A%2F%2Fwww.observatordetimis.ro%2F2026%2F08%2F28%2Fchristian-tour-muta-temporar-la-arad-zborurile-charter-timisoara-hurghada-ca-urmare-a-lucrarilor-programate-la-pista-aeroportului-timisor%2F&amp;title=Christian+Tour%C2%A0mut%C4%83+temporar%C2%A0la+Arad%C2%A0zborurile%C2%A0charter%C2%A0Timi%C8%99oara%C2%A0-%C2%A0Hurghada%2C+ca%C2%A0urmare%C2%A0a%C2%A0lucr%C4%83rilor+programate%C2%A0la+pista%C2%A0aer\" target=\"_blank\">Share on Linkedin<\/a><\/div>\n<div class=\"relpost-thumb-wrapper\">\n<div class=\"relpost-thumb-container\">\n<h3>Cite\u0219te \u0219i:<\/h3>\n<div class=\"relpost-block-container relpost-block-column-layout\"><a href=\"https:\/\/www.observatordetimis.ro\/2026\/05\/21\/sarbatoare-in-calendar-sf-constantin-si-elena\/\" class=\"relpost-block-single\"><\/p>\n<div class=\"relpost-custom-block-single\">\n<div class=\"relpost-block-single-text\">\n<h3 class=\"relpost_card_title\">S\u0103rb\u0103toare \u00een calendar: Sf. Constantin \u0219i Elena<\/h3>\n<\/div>\n<\/div>\n<p><\/a><a href=\"https:\/\/www.observatordetimis.ro\/2026\/07\/06\/retim-si-adid-timis-reiau-aplicarea-etichetelor-pentru-recipientele-in-care-sunt-identificate-deseuri-colectate-incorect-sau-continut-nepermis\/\" class=\"relpost-block-single\"><\/p>\n<div class=\"relpost-custom-block-single\">\n<div class=\"relpost-block-single-text\">\n<h3 class=\"relpost_card_title\">RETIM \u0219i ADID Timi\u0219 reiau aplicarea etichetelor pentru recipientele \u00een care sunt identificate de\u0219eur&#8230;<\/h3>\n<\/div>\n<\/div>\n<p><\/a><a href=\"https:\/\/www.observatordetimis.ro\/2026\/01\/29\/actualizarea-tarifelor-de-facturare-pentru-serviciul-de-salubrizare-in-zona-1-timis\/\" class=\"relpost-block-single\"><\/p>\n<div class=\"relpost-custom-block-single\">\n<div class=\"relpost-block-single-text\">\n<h3 class=\"relpost_card_title\">Actualizarea\u00a0tarifelor\u00a0de facturare pentru serviciul de salubrizare \u00een Zona 1, Timi\u0219<\/h3>\n<\/div>\n<\/div>\n<p><\/a><a href=\"https:\/\/www.observatordetimis.ro\/2026\/07\/17\/scoala-de-vara-conacul-zagujeni-patrimoniu-in-detaliu\/\" class=\"relpost-block-single\"><\/p>\n<div class=\"relpost-custom-block-single\">\n<div class=\"relpost-block-single-text\">\n<h3 class=\"relpost_card_title\">\u0218coala\u00a0de\u00a0Var\u0103\u00a0\u201eConacul Z\u0103gujeni\u00a0\u2013\u00a0Patrimoniu \u00een Detaliu\u201d<\/h3>\n<\/div>\n<\/div>\n<p><\/a><a href=\"https:\/\/www.observatordetimis.ro\/2026\/07\/24\/nu-mai-parcati-autoturismele-in-statiile-mijloacelor-de-transport-in-comun\/\" class=\"relpost-block-single\"><\/p>\n<div class=\"relpost-custom-block-single\">\n<div class=\"relpost-block-single-text\">\n<h3 class=\"relpost_card_title\">Nu mai parca\u021bi\u00a0autoturismele\u00a0\u00een sta\u021biile mijloacelor de transport \u00een comun<\/h3>\n<\/div>\n<\/div>\n<p><\/a><a href=\"https:\/\/www.observatordetimis.ro\/2025\/07\/26\/modificare-de-traseu-pentru-linia-16-de-firobuz-in-perioada-28-iulie-6-august\/\" class=\"relpost-block-single\"><\/p>\n<div class=\"relpost-custom-block-single\">\n<div class=\"relpost-block-single-text\">\n<h3 class=\"relpost_card_title\">Modificare de traseu pentru linia 16 de firobuz, \u00een perioada 28 iulie \u2013 6 august<\/h3>\n<\/div>\n<\/div>\n<p><\/a><\/div>\n<\/div>\n<\/div>\n<\/div>\n<p>[analyse_source url=&#8221;https:\/\/www.observatordetimis.ro\/2026\/08\/28\/christian-tour-muta-temporar-la-arad-zborurile-charter-timisoara-hurghada-ca-urmare-a-lucrarilor-programate-la-pista-aeroportului-timisor\/&#8221;]<\/p>\n","protected":false},"excerpt":{"rendered":"<p>[analyse_image type=&#8221;featured&#8221; src=&#8221;&#8221;] Ca\u00a0urmare\u00a0a\u00a0lucr\u0103rilor\u00a0de\u00a0repara\u021bie\u00a0a\u00a0pistei\u00a0Aeroportului Interna\u021bional\u00a0Timi\u0219oara\u00a0\u201eTraian\u00a0Vuia\u201d,\u00a0compania\u00a0Christian Tour va opera\u00a0temporar\u00a0de pe\u00a0Aeroportul\u00a0Interna\u021bional\u00a0Arad\u00a0zborurile charter\u00a0c\u0103tre\u00a0Hurghada\u00a0programate\u00a0\u00een\u00a0luna\u00a0noiembrie.\u00a0M\u0103sura vizeaz\u0103\u00a0exclusiv\u00a0zborurile\u00a0charter\u00a0Timi\u0219oara\u00a0\u2013 Hurghada \u2013\u00a0Timi\u0219oara\u00a0din\u00a0perioada\u00a02 \u2013 22\u00a0noiembrie\u00a02026,\u00a0respectiv plec\u0103rile\u00a0\u0219i\u00a0retururile\u00a0programate\u00a0\u00een\u00a0zilele\u00a0de 8, 15\u00a0\u0219i\u00a022\u00a0noiembrie\u00a02026. Astfel,\u00a0turi\u0219tii\u00a0care\u00a0au\u00a0achizi\u021bionat\u00a0pachete\u00a0Christian Tour cu\u00a0plecare\u00a0din\u00a0Timi\u0219oara\u00a0\u00een\u00a0aceste\u00a0date\u00a0vor\u00a0avea\u00a0plecarea\u00a0\u0219i revenirea\u00a0pe\u00a0Aeroportul\u00a0Interna\u021bional\u00a0Arad,\u00a0f\u0103r\u0103\u00a0ca\u00a0aceast\u0103 modificare\u00a0s\u0103\u00a0afecteze\u00a0programul\u00a0vacan\u021bei\u00a0sau\u00a0serviciile\u00a0incluse\u00a0\u00een\u00a0pachetul\u00a0turistic.\u00a0Christian Tour i-a\u00a0informat\u00a0direct\u00a0pe\u00a0to\u021bi turi\u0219tii\u00a0ale\u00a0c\u0103ror\u00a0zboruri\u00a0sunt\u00a0afectate\u00a0cu\u00a0privire\u00a0la\u00a0modificarea aeroportului\u00a0de\u00a0plecare\u00a0\u0219i\u00a0retur\u00a0\u0219i\u00a0recomand\u0103\u00a0pasagerilor\u00a0s\u0103 verifice\u00a0cu\u00a0aten\u021bie\u00a0informa\u021biile\u00a0transmise\u00a0\u00eenainte\u00a0de\u00a0c\u0103l\u0103torie. \u201e\u0218tim\u00a0c\u0103\u00a0aeroportul\u00a0de\u00a0plecare\u00a0este un\u00a0criteriu\u00a0important\u00a0atunci c\u00e2nd\u00a0oamenii\u00a0\u00ee\u0219i\u00a0planific\u0103\u00a0vacan\u021ba,\u00a0iar\u00a0schimbarea\u00a0acestuia\u00a0poate ridica\u00a0\u00eentreb\u0103ri, mai\u00a0ales\u00a0atunci\u00a0c\u00e2nd\u00a0c\u0103l\u0103toria\u00a0este\u00a0deja programat\u0103. De\u00a0aceea,\u00a0am\u00a0ales\u00a0s\u0103\u00a0comunic\u0103m\u00a0din\u00a0timp\u00a0aceast\u0103 modificare\u00a0\u0219i\u00a0s\u0103\u00a0ne\u00a0asigur\u0103m\u00a0c\u0103\u00a0fiecare\u00a0turist\u00a0are\u00a0toate informa\u021biile\u00a0necesare\u00a0pentru\u00a0ziua\u00a0plec\u0103rii.\u00a0Pentru\u00a0cursele afectate,\u00a0vacan\u021ba\u00a0r\u0103m\u00e2ne\u00a0neschimbat\u0103,\u00a0singura\u00a0diferen\u021b\u0103\u00a0fiind aeroportul\u00a0de pe care se\u00a0efectueaz\u0103\u00a0zborul\u201d,\u00a0afirm\u0103\u00a0Andrei Sandu, director\u00a0comercial\u00a0Christian Tour.\u00a0 Calendarul\u00a0curselor\u00a0afectate: 8\u00a0noiembrie\u00a02026 \u2013\u00a0plecare\u00a0c\u0103tre\u00a0Hurghada \/\u00a0retur; 15\u00a0noiembrie\u00a02026 \u2013\u00a0plecare\u00a0c\u0103tre\u00a0Hurghada \/\u00a0retur; 22\u00a0noiembrie\u00a02026 \u2013\u00a0plecare\u00a0c\u0103tre\u00a0Hurghada \/\u00a0retur. [&hellip;]<\/p>\n","protected":false},"author":1,"featured_media":0,"comment_status":"open","ping_status":"","sticky":false,"template":"","format":"standard","meta":{"footnotes":""},"categories":[89],"tags":[226,186],"class_list":["post-2120381","post","type-post","status-publish","format-standard","hentry","category-romania","tag-crawlmanager","tag-observatordetimis-ro"],"_links":{"self":[{"href":"https:\/\/analyse.optim.biz\/index.php?rest_route=\/wp\/v2\/posts\/2120381","targetHints":{"allow":["GET"]}}],"collection":[{"href":"https:\/\/analyse.optim.biz\/index.php?rest_route=\/wp\/v2\/posts"}],"about":[{"href":"https:\/\/analyse.optim.biz\/index.php?rest_route=\/wp\/v2\/types\/post"}],"author":[{"embeddable":true,"href":"https:\/\/analyse.optim.biz\/index.php?rest_route=\/wp\/v2\/users\/1"}],"replies":[{"embeddable":true,"href":"https:\/\/analyse.optim.biz\/index.php?rest_route=%2Fwp%2Fv2%2Fcomments&post=2120381"}],"version-history":[{"count":0,"href":"https:\/\/analyse.optim.biz\/index.php?rest_route=\/wp\/v2\/posts\/2120381\/revisions"}],"wp:attachment":[{"href":"https:\/\/analyse.optim.biz\/index.php?rest_route=%2Fwp%2Fv2%2Fmedia&parent=2120381"}],"wp:term":[{"taxonomy":"category","embeddable":true,"href":"https:\/\/analyse.optim.biz\/index.php?rest_route=%2Fwp%2Fv2%2Fcategories&post=2120381"},{"taxonomy":"post_tag","embeddable":true,"href":"https:\/\/analyse.optim.biz\/index.php?rest_route=%2Fwp%2Fv2%2Ftags&post=2120381"}],"curies":[{"name":"wp","href":"https:\/\/api.w.org\/{rel}","templated":true}]}}