{"id":2120380,"date":"2026-08-31T11:25:02","date_gmt":"2026-08-31T08:25:02","guid":{"rendered":"https:\/\/analyse.optim.biz\/?p=2120380"},"modified":"2026-08-31T11:25:02","modified_gmt":"2026-08-31T08:25:02","slug":"timisoara-liniile-15-16-e3-si-m3-au-revenit-mai-devreme-pe-traseele-normale","status":"publish","type":"post","link":"https:\/\/analyse.optim.biz\/?p=2120380","title":{"rendered":"Timi\u0219oara: Liniile 15, 16, E3 \u0219i M3 au revenit mai devreme pe traseele normale"},"content":{"rendered":"<p>[analyse_image type=&#8221;featured&#8221; src=&#8221;http:\/\/www.banatulmeu.ro\/wp-content\/uploads\/2022\/08\/stpt-troleibuz-e1661767251996.jpg&#8221;]<\/p>\n<div class=\"post-content-bd\">\n<p>Liniile de transport public 15, 16, E3 \u0219i M3 au revenit, \u00eencep\u00e2nd de luni, 31 august, pe traseele normale, dup\u0103 finalizarea lucr\u0103rilor desf\u0103\u0219urate pe Calea Martirilor.<\/p>\n<p>Societatea de Transport Public Timi\u0219oara (STPT) a anun\u021bat c\u0103 revenirea la traseele obi\u0219nuite s-a f\u0103cut mai devreme dec\u00e2t era prev\u0103zut ini\u021bial.<\/p>\n<p>Astfel, mijloacele de transport care deservesc liniile 15, 16, E3 \u0219i M3 nu mai circul\u0103 pe traseele deviate stabilite temporar pe perioada desf\u0103\u0219ur\u0103rii lucr\u0103rilor.<\/p>\n<p>Autobuzele \u0219i troleibuzele deservesc din nou sta\u021biile aferente traseelor obi\u0219nuite.<\/p>\n<p>Modific\u0103rile temporare de circula\u021bie fuseser\u0103 introduse pe durata lucr\u0103rilor de pe Calea Martirilor, arter\u0103 care a fost redeschis\u0103 circula\u021biei dup\u0103 finalizarea interven\u021biilor.<\/p>\n<\/div>\n<p>[analyse_source url=&#8221;https:\/\/www.banatulmeu.ro\/timisoara-liniile-15-16-e3-si-m3-au-revenit-mai-devreme-pe-traseele-normale\/&#8221;]<\/p>\n","protected":false},"excerpt":{"rendered":"<p>[analyse_image type=&#8221;featured&#8221; src=&#8221;http:\/\/www.banatulmeu.ro\/wp-content\/uploads\/2022\/08\/stpt-troleibuz-e1661767251996.jpg&#8221;] Liniile de transport public 15, 16, E3 \u0219i M3 au revenit, \u00eencep\u00e2nd de luni, 31 august, pe traseele normale, dup\u0103 finalizarea lucr\u0103rilor desf\u0103\u0219urate pe Calea Martirilor. Societatea de Transport Public Timi\u0219oara (STPT) a anun\u021bat c\u0103 revenirea la traseele obi\u0219nuite s-a f\u0103cut mai devreme dec\u00e2t era prev\u0103zut ini\u021bial. Astfel, mijloacele de transport care [&hellip;]<\/p>\n","protected":false},"author":1,"featured_media":0,"comment_status":"open","ping_status":"","sticky":false,"template":"","format":"standard","meta":{"footnotes":""},"categories":[89],"tags":[204,226],"class_list":["post-2120380","post","type-post","status-publish","format-standard","hentry","category-romania","tag-banatulmeu-ro","tag-crawlmanager"],"_links":{"self":[{"href":"https:\/\/analyse.optim.biz\/index.php?rest_route=\/wp\/v2\/posts\/2120380","targetHints":{"allow":["GET"]}}],"collection":[{"href":"https:\/\/analyse.optim.biz\/index.php?rest_route=\/wp\/v2\/posts"}],"about":[{"href":"https:\/\/analyse.optim.biz\/index.php?rest_route=\/wp\/v2\/types\/post"}],"author":[{"embeddable":true,"href":"https:\/\/analyse.optim.biz\/index.php?rest_route=\/wp\/v2\/users\/1"}],"replies":[{"embeddable":true,"href":"https:\/\/analyse.optim.biz\/index.php?rest_route=%2Fwp%2Fv2%2Fcomments&post=2120380"}],"version-history":[{"count":0,"href":"https:\/\/analyse.optim.biz\/index.php?rest_route=\/wp\/v2\/posts\/2120380\/revisions"}],"wp:attachment":[{"href":"https:\/\/analyse.optim.biz\/index.php?rest_route=%2Fwp%2Fv2%2Fmedia&parent=2120380"}],"wp:term":[{"taxonomy":"category","embeddable":true,"href":"https:\/\/analyse.optim.biz\/index.php?rest_route=%2Fwp%2Fv2%2Fcategories&post=2120380"},{"taxonomy":"post_tag","embeddable":true,"href":"https:\/\/analyse.optim.biz\/index.php?rest_route=%2Fwp%2Fv2%2Ftags&post=2120380"}],"curies":[{"name":"wp","href":"https:\/\/api.w.org\/{rel}","templated":true}]}}