{"id":2120375,"date":"2026-08-31T08:16:44","date_gmt":"2026-08-31T05:16:44","guid":{"rendered":"https:\/\/analyse.optim.biz\/?p=2120375"},"modified":"2026-08-31T08:16:44","modified_gmt":"2026-08-31T05:16:44","slug":"batrani-gasiti-dezorientati-pe-strazi-ajutati-de-politistii-locali-sa-ajunga-in-siguranta-acasa","status":"publish","type":"post","link":"https:\/\/analyse.optim.biz\/?p=2120375","title":{"rendered":"B\u0103tr\u00e2ni g\u0103si\u021bi dezorienta\u021bi pe str\u0103zi, ajuta\u021bi de poli\u021bi\u0219tii locali s\u0103 ajung\u0103 \u00een siguran\u021b\u0103 acas\u0103"},"content":{"rendered":"<p>[analyse_image type=&#8221;featured&#8221; src=&#8221;&#8221;]<\/p>\n<div class=\"entry-content\">\n<p class=\"has-text-align-justify has-text-align-justify\">Poli\u021bi\u0219tii locali afla\u021bi \u00een patrulare \u00een noaptea de s\u00e2mb\u0103t\u0103 spre duminic\u0103, \u00een zona central\u0103, au fost sesiza\u021bi, \u00een jurul orei 00.30, de c\u0103tre un cet\u0103\u021bean c\u0103 de aproximativ o or\u0103 un b\u0103rbat \u00een v\u00e2rst\u0103 se plimb\u0103 dezorientat \u00een apropierea unei terase.<\/p>\n<p class=\"has-text-align-justify has-text-align-justify\">Poli\u021bi\u0219tii locali l-au preluat imediat, acesta declar\u00e2nd c\u0103 nu \u00ee\u0219i mai aminte\u0219te unde locuie\u0219te \u0219i nu reu\u0219e\u0219te s\u0103 ajung\u0103 acas\u0103. Din verific\u0103rile ulterioare a reie\u0219it c\u0103 avea asupra sa cheile de la apartament, cartela de intrare \u00een imobil \u0219i actul de identitate. B\u0103rbatul \u00een v\u00e2rst\u0103 de 81 de ani a fost condus \u00een siguran\u021b\u0103 de poli\u021bi\u0219tii locali acas\u0103, pe Strada Platanilor.<\/p>\n<p class=\"has-text-align-justify has-text-align-justify\">Recent, poli\u021bi\u0219tii locali au mai ajutat un b\u0103rbat s\u0103 ajung\u0103 acas\u0103. Este vorba despre un b\u0103tr\u00e2n de 80 de ani care locuie\u0219te pe Strada Emilia Lungu Puhallo \u0219i care, la fel, s-a r\u0103t\u0103cit \u00een zona Avram Imbroane \u0219i nu mai \u0219tia drumul spre cas\u0103.\u00a0 \u0218i \u00een acest caz b\u0103tr\u00e2nul, care se afla cu bicicleta, a fost preluat de poli\u021bi\u0219tii locali \u0219i transportat la domiciliu.<\/p>\n<p class=\"has-text-align-justify has-text-align-justify\">Poli\u021bia Local\u0103 recomand\u0103 ca persoanele \u00een v\u00e2rst\u0103 s\u0103 aib\u0103 asupra lor documente care s\u0103 ateste identitatea \u0219i domiciliul \u0219i s\u0103 apeleze la organele de poli\u021bie pentru a putea fi mai u\u0219or identificate \u0219i ajutate \u00een cazul \u00een care se r\u0103t\u0103cesc. Acela\u0219i lucru este valabil \u0219i \u00een cazul minorilor, care trebuie \u00eenv\u0103\u021ba\u021bi, \u00een func\u021bie de v\u00e2rst\u0103, datele elementare despre identitatea lor pentru a fi ajuta\u021bi s\u0103 ajung\u0103 \u00een siguran\u021b\u0103 acas\u0103.\u00a0<\/p>\n<figure class=\"wp-block-gallery has-nested-images columns-default is-cropped wp-block-gallery-1 is-layout-flex wp-block-gallery-is-layout-flex\">\n<figure class=\"wp-block-image size-large\"><img loading=\"lazy\" decoding=\"async\" width=\"756\" height=\"1024\" data-id=\"183477\" src=\"https:\/\/www.observatordetimis.ro\/wp-content\/uploads\/2026\/08\/batran2-756x1024.jpg\" alt class=\"wp-image-183477\"><\/figure>\n<figure class=\"wp-block-image size-large\"><img decoding=\"async\" loading=\"lazy\" width=\"695\" height=\"1024\" data-id=\"183476\" src=\"https:\/\/www.observatordetimis.ro\/wp-content\/uploads\/2026\/08\/batran1-695x1024.jpg\" alt class=\"wp-image-183476\"><\/figure>\n<figure class=\"wp-block-image size-large\"><img decoding=\"async\" loading=\"lazy\" width=\"1024\" height=\"768\" data-id=\"183475\" src=\"https:\/\/www.observatordetimis.ro\/wp-content\/uploads\/2026\/08\/auto-pol-loc.jpg\" alt class=\"wp-image-183475\"><\/figure>\n<\/figure>\n<div class=\"social-sharing ss-social-sharing\"><a rel=\"external nofollow\" class=\"ss-button-facebook\" href=\"http:\/\/www.facebook.com\/sharer\/sharer.php?u=https%3A%2F%2Fwww.observatordetimis.ro%2F2026%2F08%2F31%2Fbatrani-gasiti-dezorientati-pe-strazi-ajutati-de-politistii-locali-sa-ajunga-in-siguranta-acasa%2F\" target=\"_blank\">Share on Facebook<\/a><a rel=\"external nofollow\" class=\"ss-button-twitter\" href=\"http:\/\/twitter.com\/intent\/tweet\/?text=B%C4%83tr%C3%A2ni+g%C4%83si%C8%9Bi+dezorienta%C8%9Bi+pe+str%C4%83zi%2C+ajuta%C8%9Bi+de+poli%C8%9Bi%C8%99tii+locali+s%C4%83+ajung%C4%83+%C3%AEn+siguran%C8%9B%C4%83+acas%C4%83&amp;url=https%3A%2F%2Fwww.observatordetimis.ro%2F2026%2F08%2F31%2Fbatrani-gasiti-dezorientati-pe-strazi-ajutati-de-politistii-locali-sa-ajunga-in-siguranta-acasa%2F\" target=\"_blank\">Share on Twitter<\/a><a rel=\"external nofollow\" class=\"ss-button-linkedin\" href=\"http:\/\/www.linkedin.com\/shareArticle?mini=true&amp;url=https%3A%2F%2Fwww.observatordetimis.ro%2F2026%2F08%2F31%2Fbatrani-gasiti-dezorientati-pe-strazi-ajutati-de-politistii-locali-sa-ajunga-in-siguranta-acasa%2F&amp;title=B%C4%83tr%C3%A2ni+g%C4%83si%C8%9Bi+dezorienta%C8%9Bi+pe+str%C4%83zi%2C+ajuta%C8%9Bi+de+poli%C8%9Bi%C8%99tii+locali+s%C4%83+ajung%C4%83+%C3%AEn+siguran%C8%9B%C4%83+acas%C4%83\" target=\"_blank\">Share on Linkedin<\/a><\/div>\n<div class=\"relpost-thumb-wrapper\">\n<div class=\"relpost-thumb-container\">\n<h3>Cite\u0219te \u0219i:<\/h3>\n<div class=\"relpost-block-container relpost-block-column-layout\"><a href=\"https:\/\/www.observatordetimis.ro\/2026\/04\/13\/zbor-direct-intre-timisoara-si-praga-din-luna-mai\/\" class=\"relpost-block-single\"><\/p>\n<div class=\"relpost-custom-block-single\">\n<div class=\"relpost-block-single-text\">\n<h3 class=\"relpost_card_title\">Zbor direct \u00eentre Timi\u0219oara \u0219i Praga, din luna mai<\/h3>\n<\/div>\n<\/div>\n<p><\/a><a href=\"https:\/\/www.observatordetimis.ro\/2025\/06\/02\/pe-1-iunie-comuna-moravita-a-devenit-un-loc-al-bucuriei-si-al-jocului-plin-cu-activitati-gratuite-dedicate-copiilor\/\" class=\"relpost-block-single\"><\/p>\n<div class=\"relpost-custom-block-single\">\n<div class=\"relpost-block-single-text\">\n<h3 class=\"relpost_card_title\">Pe 1 iunie, comuna Moravi\u021ba a devenit un loc al bucuriei \u0219i al jocului, plin cu activit\u0103\u021bi gratuite &#8230;<\/h3>\n<\/div>\n<\/div>\n<p><\/a><a href=\"https:\/\/www.observatordetimis.ro\/2025\/11\/24\/modernizare-finalizata-la-trecerea-la-nivel-dintre-timisoara-nord-si-carpinis-sistemul-nou-de-siguranta-va-fi-operational-din-2026\/\" class=\"relpost-block-single\"><\/p>\n<div class=\"relpost-custom-block-single\">\n<div class=\"relpost-block-single-text\">\n<h3 class=\"relpost_card_title\">Modernizare finalizat\u0103 la trecerea la nivel dintre Timi\u0219oara Nord \u0219i C\u0103rpini\u0219. Sistemul nou de sigur&#8230;<\/h3>\n<\/div>\n<\/div>\n<p><\/a><a href=\"https:\/\/www.observatordetimis.ro\/2026\/05\/11\/termenul-limita-de-depunere-a-declaratiilor-de-avere-si-de-interese-2\/\" class=\"relpost-block-single\"><\/p>\n<div class=\"relpost-custom-block-single\">\n<div class=\"relpost-block-single-text\">\n<h3 class=\"relpost_card_title\">Termenul limit\u0103 de depunere a declara\u021biilor de avere \u0219i de interese<\/h3>\n<\/div>\n<\/div>\n<p><\/a><a href=\"https:\/\/www.observatordetimis.ro\/2025\/10\/01\/invitati-de-seama-la-aeroportul-international-cu-prilejul-timisoara-cities-summit-2025\/\" class=\"relpost-block-single\"><\/p>\n<div class=\"relpost-custom-block-single\">\n<div class=\"relpost-block-single-text\">\n<h3 class=\"relpost_card_title\">Invita\u021bi de seam\u0103 la Aeroportul Interna\u021bional, cu prilejul Timi\u0219oara Cities Summit 2025<\/h3>\n<\/div>\n<\/div>\n<p><\/a><a href=\"https:\/\/www.observatordetimis.ro\/2026\/03\/05\/femeia-sarbatorita-cu-fast-la-sag\/\" class=\"relpost-block-single\"><\/p>\n<div class=\"relpost-custom-block-single\">\n<div class=\"relpost-block-single-text\">\n<h3 class=\"relpost_card_title\">Femeia, s\u0103rb\u0103torit\u0103 cu fast la \u0218ag<\/h3>\n<\/div>\n<\/div>\n<p><\/a><\/div>\n<\/div>\n<\/div>\n<\/div>\n<p>[analyse_source url=&#8221;https:\/\/www.observatordetimis.ro\/2026\/08\/31\/batrani-gasiti-dezorientati-pe-strazi-ajutati-de-politistii-locali-sa-ajunga-in-siguranta-acasa\/&#8221;]<\/p>\n","protected":false},"excerpt":{"rendered":"<p>[analyse_image type=&#8221;featured&#8221; src=&#8221;&#8221;] Poli\u021bi\u0219tii locali afla\u021bi \u00een patrulare \u00een noaptea de s\u00e2mb\u0103t\u0103 spre duminic\u0103, \u00een zona central\u0103, au fost sesiza\u021bi, \u00een jurul orei 00.30, de c\u0103tre un cet\u0103\u021bean c\u0103 de aproximativ o or\u0103 un b\u0103rbat \u00een v\u00e2rst\u0103 se plimb\u0103 dezorientat \u00een apropierea unei terase. Poli\u021bi\u0219tii locali l-au preluat imediat, acesta declar\u00e2nd c\u0103 nu \u00ee\u0219i mai [&hellip;]<\/p>\n","protected":false},"author":1,"featured_media":0,"comment_status":"open","ping_status":"","sticky":false,"template":"","format":"standard","meta":{"footnotes":""},"categories":[89],"tags":[226,186],"class_list":["post-2120375","post","type-post","status-publish","format-standard","hentry","category-romania","tag-crawlmanager","tag-observatordetimis-ro"],"_links":{"self":[{"href":"https:\/\/analyse.optim.biz\/index.php?rest_route=\/wp\/v2\/posts\/2120375","targetHints":{"allow":["GET"]}}],"collection":[{"href":"https:\/\/analyse.optim.biz\/index.php?rest_route=\/wp\/v2\/posts"}],"about":[{"href":"https:\/\/analyse.optim.biz\/index.php?rest_route=\/wp\/v2\/types\/post"}],"author":[{"embeddable":true,"href":"https:\/\/analyse.optim.biz\/index.php?rest_route=\/wp\/v2\/users\/1"}],"replies":[{"embeddable":true,"href":"https:\/\/analyse.optim.biz\/index.php?rest_route=%2Fwp%2Fv2%2Fcomments&post=2120375"}],"version-history":[{"count":0,"href":"https:\/\/analyse.optim.biz\/index.php?rest_route=\/wp\/v2\/posts\/2120375\/revisions"}],"wp:attachment":[{"href":"https:\/\/analyse.optim.biz\/index.php?rest_route=%2Fwp%2Fv2%2Fmedia&parent=2120375"}],"wp:term":[{"taxonomy":"category","embeddable":true,"href":"https:\/\/analyse.optim.biz\/index.php?rest_route=%2Fwp%2Fv2%2Fcategories&post=2120375"},{"taxonomy":"post_tag","embeddable":true,"href":"https:\/\/analyse.optim.biz\/index.php?rest_route=%2Fwp%2Fv2%2Ftags&post=2120375"}],"curies":[{"name":"wp","href":"https:\/\/api.w.org\/{rel}","templated":true}]}}