{"id":2120364,"date":"2026-08-31T11:43:40","date_gmt":"2026-08-31T08:43:40","guid":{"rendered":"https:\/\/analyse.optim.biz\/?p=2120364"},"modified":"2026-08-31T11:43:40","modified_gmt":"2026-08-31T08:43:40","slug":"oana-toiu-romania-e-una-dintre-ancorele-puternice-intre-ue-si-sua","status":"publish","type":"post","link":"https:\/\/analyse.optim.biz\/?p=2120364","title":{"rendered":"Oana \u021aoiu: Rom\u00e2nia e una dintre ancorele puternice \u00eentre UE \u0219i SUA"},"content":{"rendered":"<p>[analyse_image type=&#8221;featured&#8221; src=&#8221;https:\/\/ziardesuceava.ro\/wp-content\/uploads\/2026\/08\/79860.jfif-1024&#215;683.jpeg&#8221;]<\/p>\n<div class=\"post-content clearfix\">\n<div class=\"blog-post-thumb\"><img loading=\"lazy\" decoding=\"async\" width=\"1140\" height=\"694\" src=\"https:\/\/ziardesuceava.ro\/wp-content\/uploads\/2026\/08\/79860.jfif-1140x694.jpeg\" class=\"attachment-inhype-blog-thumb size-inhype-blog-thumb wp-post-image\" alt><\/div>\n<div class=\"entry-content\">\n<div>\n<p class=\"fara-orfani lead\">Miza Rom\u00e2niei nu trebuie s\u0103 fie alegerea \u00eentre Uniunea European\u0103 \u0219i SUA, spune \u0219efa diploma\u021biei Oana \u021aoiu, la Reuniunea Anual\u0103 a Diploma\u021biei Rom\u00e2ne.<\/p>\n<div class=\"continut-articol\">\n<p>Oana \u021aoiu a vorbit despre numeroasele schimb\u0103ri care au loc \u00een prezent.<\/p>\n<p>\u201cChiar \u00een aceste s\u0103pt\u0103m\u00e2ni suntem \u00een plin proces de revizuire din partea Statelor Unite ale Americii a posturii pe care o au pe teritoriu european, dar \u0219i Alian\u021ba Nord-Atlantic\u0103 integral este \u00eentr-un proces de transformare \u00een care Europa a preluat mai mult \u0219i va continua s\u0103 preia din ce \u00een ce mai mult din responsabilitatea propriei ap\u0103r\u0103rii\u201d.<\/p>\n<p>Rom\u00e2nia\u00a0a ales s\u0103 fie \u201cuna dintre ancorile puternice \u00eentre Uniunea European\u0103 \u0219i Statele Unite ale Americii\u201d.<\/p>\n<p>\u021aoiu a respins o alegere \u00eentre cele dou\u0103 blocuri,<\/p>\n<p>\u201cAm primit de multe ori \u00eentrebarea ce va alege Rom\u00e2nia \u00eentre SUA \u0219i UE. Aceast\u0103 \u00eentrebare este o capcan\u0103, pentru c\u0103 miza pe care Rom\u00e2nia \u0219i-a ales-o \u0219i drumul pe care construie\u0219te este tocmai ca aceast\u0103 alegere s\u0103 nu fie necesar\u0103. S\u0103 nu fie necesar\u0103 pentru noi \u0219i s\u0103 nu fie necesar\u0103 nici pentru continentele europeane. Pentru c\u0103 cea mai puternic\u0103 rela\u021bie comercial\u0103 din lume este \u00eentre Uniunea European\u0103 \u0219i Statele Unite ale Americii. \u0218i nu doar aceste dou\u0103 continente se bazeaz\u0103 pe ea, ci \u00eentreg ecosistemul de comer\u021b a\u0219a cum a fost el construit\u201d, le-a spus ea ambasadorilor rom\u00e2ni reuni\u021bi la Bucure\u0219ti.<\/p>\n<p>Diploma\u021bia rom\u00e2neasc\u0103 va sprijini \u00een continuare Moldova pe drumul ei de apropiere de UE \u0219i Ucraina \u00een procesul de a ajunge la o pace sustenabil\u0103 \u0219i rezilient\u0103. <\/p>\n<p>Oana \u021aoiu a subliniat c\u0103 anul acesta, pentru prima dat\u0103, se celebreaz\u0103 Ziua Limbii Rom\u00e2ne \u00een Ucraina, la Cern\u0103u\u021bi, la Odesa \u0219i \u00een alte comunit\u0103\u021bi.<\/p>\n<p>\u0218i pre\u0219edintele Senatului Mircea Abrudean a evocat importan\u021ba ajutorului pe care Rom\u00e2nia \u00eel ofer\u0103 Republicii Moldova.<\/p>\n<p> \u201cRepublica Moldova trebuie decuplat\u0103 definitiv de \u0219antajul energetic \u0219i conectat\u0103 structural la pia\u021ba european\u0103 prin Rom\u00e2nia. \u00cen acela\u0219i timp, asisten\u021ba noastr\u0103 tehnic\u0103 pentru armonizarea legisla\u021biei \u0219i reforma administra\u021biei de la Chi\u0219in\u0103u trebuie s\u0103 fie continu\u0103. Parlamentul Rom\u00e2niei este deja angrenat \u00een acest efort, iar diploma\u021bia are sarcina de a men\u021bine Republica Moldova pe radarul permanent al deciziilor europene \u00een favoarea integr\u0103rii rapide\u201d.<\/p>\n<p>Diploma\u021bii rom\u00e2ni vor fi primi\u021bi mar\u021bi de pre\u0219edintele Nicu\u0219or Dan \u0219i de premierul interimar Ilie Bolojan.<\/p>\n<\/div>\n<\/div>\n<\/div>\n<div class=\"inhype-social-share-fixed sidebar-position-right\">\n<div class=\"post-social-wrapper\">\n<div class=\"post-social-title\"><span class=\"post-social-title-text\">Share<\/span><\/div>\n<\/div>\n<\/div>\n<\/div>\n<p>[analyse_source url=&#8221;https:\/\/ziardesuceava.ro\/oana-toiu-romania-e-una-dintre-ancorele-puternice-intre-ue-si-sua\/&#8221;]<\/p>\n","protected":false},"excerpt":{"rendered":"<p>[analyse_image type=&#8221;featured&#8221; src=&#8221;https:\/\/ziardesuceava.ro\/wp-content\/uploads\/2026\/08\/79860.jfif-1024&#215;683.jpeg&#8221;] Miza Rom\u00e2niei nu trebuie s\u0103 fie alegerea \u00eentre Uniunea European\u0103 \u0219i SUA, spune \u0219efa diploma\u021biei Oana \u021aoiu, la Reuniunea Anual\u0103 a Diploma\u021biei Rom\u00e2ne. Oana \u021aoiu a vorbit despre numeroasele schimb\u0103ri care au loc \u00een prezent. \u201cChiar \u00een aceste s\u0103pt\u0103m\u00e2ni suntem \u00een plin proces de revizuire din partea Statelor Unite ale Americii a [&hellip;]<\/p>\n","protected":false},"author":1,"featured_media":0,"comment_status":"open","ping_status":"","sticky":false,"template":"","format":"standard","meta":{"footnotes":""},"categories":[89],"tags":[226,171],"class_list":["post-2120364","post","type-post","status-publish","format-standard","hentry","category-romania","tag-crawlmanager","tag-ziardesuceava-ro"],"_links":{"self":[{"href":"https:\/\/analyse.optim.biz\/index.php?rest_route=\/wp\/v2\/posts\/2120364","targetHints":{"allow":["GET"]}}],"collection":[{"href":"https:\/\/analyse.optim.biz\/index.php?rest_route=\/wp\/v2\/posts"}],"about":[{"href":"https:\/\/analyse.optim.biz\/index.php?rest_route=\/wp\/v2\/types\/post"}],"author":[{"embeddable":true,"href":"https:\/\/analyse.optim.biz\/index.php?rest_route=\/wp\/v2\/users\/1"}],"replies":[{"embeddable":true,"href":"https:\/\/analyse.optim.biz\/index.php?rest_route=%2Fwp%2Fv2%2Fcomments&post=2120364"}],"version-history":[{"count":0,"href":"https:\/\/analyse.optim.biz\/index.php?rest_route=\/wp\/v2\/posts\/2120364\/revisions"}],"wp:attachment":[{"href":"https:\/\/analyse.optim.biz\/index.php?rest_route=%2Fwp%2Fv2%2Fmedia&parent=2120364"}],"wp:term":[{"taxonomy":"category","embeddable":true,"href":"https:\/\/analyse.optim.biz\/index.php?rest_route=%2Fwp%2Fv2%2Fcategories&post=2120364"},{"taxonomy":"post_tag","embeddable":true,"href":"https:\/\/analyse.optim.biz\/index.php?rest_route=%2Fwp%2Fv2%2Ftags&post=2120364"}],"curies":[{"name":"wp","href":"https:\/\/api.w.org\/{rel}","templated":true}]}}