{"id":2120362,"date":"2026-08-31T10:12:14","date_gmt":"2026-08-31T07:12:14","guid":{"rendered":"https:\/\/analyse.optim.biz\/?p=2120362"},"modified":"2026-08-31T10:12:14","modified_gmt":"2026-08-31T07:12:14","slug":"rezolutie-adoptata-de-conducerea-psd-la-sinaia-psd-nu-va-vota-niciun-guvern-din-care-nu-va-face-parte","status":"publish","type":"post","link":"https:\/\/analyse.optim.biz\/?p=2120362","title":{"rendered":"Rezolu\u0163ie adoptat\u0103 de conducerea PSD, la Sinaia \u2013 PSD nu va vota niciun Guvern din care nu va face parte"},"content":{"rendered":"<p>[analyse_image type=&#8221;featured&#8221; src=&#8221;https:\/\/ziardesuceava.ro\/wp-content\/uploads\/2026\/08\/screenshot-2026-08-31-130544.webp&#8221;]<\/p>\n<div class=\"post-content clearfix\">\n<div class=\"blog-post-thumb\"><img loading=\"lazy\" decoding=\"async\" width=\"887\" height=\"523\" src=\"https:\/\/ziardesuceava.ro\/wp-content\/uploads\/2026\/08\/screenshot-2026-08-31-130544.webp\" class=\"attachment-inhype-blog-thumb size-inhype-blog-thumb wp-post-image\" alt><\/div>\n<div class=\"entry-content\">\n<p class=\"first-paragraph\">Conducerea PSD a adoptat, la Consiliul Na\u0163ional de la Sinaia, o rezolu\u0163ie, intitulat\u0103: \u201dAsumarea responsabilit\u0103\u0163ii guvern\u0103rii de c\u0103tre Partidul Social-Democrat\u201d care prevede c\u0103 PSD va sus\u0163ine formarea unui guvern minoritar social-democrat, sau un guvern politic construit \u00een jurul PSD \u015fi nu va sus\u0163ine nicio formul\u0103 de guvernare din care nu face parte.<\/p>\n<p>\u201dConsiliul Politic Na\u0163ional al Partidului Social Democrat reafirm\u0103 c\u0103 Rom\u00e2nia are nevoie urgent\u0103 de un Guvern legitim, cu puteri depline, care s\u0103 aib\u0103 capacitatea de a lua deciziile necesare \u00een actualul context economic \u015fi social\u201d, se arat\u0103 \u00een rezolu\u0163ia PSD.<\/p>\n<p>De asemenea, \u201dPartidul Social Democrat \u00ee\u015fi asum\u0103 pe deplin responsabilitatea de a participa la formarea \u015fi sus\u0163inerea unui guvern care s\u0103 r\u0103spund\u0103 intereselor Rom\u00e2niei \u015fi ale rom\u00e2nilor\u201d.<\/p>\n<p>\u201d\u00cen consecin\u0163\u0103, Partidul Social Democrat va sus\u0163ine: formarea unui guvern minoritar social-democrat, sau formarea unui guvern politic construit \u00een jurul PSD, \u00eempreun\u0103 cu acele for\u0163e politice care sunt dispuse s\u0103 participe responsabil la guvernare. \u00cen acela\u015fi timp, Partidul Social Democrat nu va sus\u0163ine nicio formul\u0103 de guvernare din care nu face parte\u201d, se precizeaz\u0103 \u00een rezolu\u0163ie.<\/p>\n<p>Partidul Social Democrat transmite c\u0103 este preg\u0103tit s\u0103 negocieze \u015fi s\u0103 construiasc\u0103 majorit\u0103\u0163i parlamentare \u00een jurul acestor obiective, s\u0103 discute cu toate for\u0163ele politice democratice din Parlament \u015fi s\u0103 g\u0103seasc\u0103 solu\u0163iile necesare pentru ca Rom\u00e2nia s\u0103 dep\u0103\u015feasc\u0103 actuala criz\u0103 politic\u0103.<\/p>\n<\/div>\n<div class=\"inhype-social-share-fixed sidebar-position-right\">\n<div class=\"post-social-wrapper\">\n<div class=\"post-social-title\"><span class=\"post-social-title-text\">Share<\/span><\/div>\n<\/div>\n<\/div>\n<\/div>\n<p>[analyse_source url=&#8221;https:\/\/ziardesuceava.ro\/rezolutie-adoptata-de-conducerea-psd-la-sinaia-psd-nu-va-vota-niciun-guvern-din-care-nu-va-face-parte\/&#8221;]<\/p>\n","protected":false},"excerpt":{"rendered":"<p>[analyse_image type=&#8221;featured&#8221; src=&#8221;https:\/\/ziardesuceava.ro\/wp-content\/uploads\/2026\/08\/screenshot-2026-08-31-130544.webp&#8221;] Conducerea PSD a adoptat, la Consiliul Na\u0163ional de la Sinaia, o rezolu\u0163ie, intitulat\u0103: \u201dAsumarea responsabilit\u0103\u0163ii guvern\u0103rii de c\u0103tre Partidul Social-Democrat\u201d care prevede c\u0103 PSD va sus\u0163ine formarea unui guvern minoritar social-democrat, sau un guvern politic construit \u00een jurul PSD \u015fi nu va sus\u0163ine nicio formul\u0103 de guvernare din care nu face parte. [&hellip;]<\/p>\n","protected":false},"author":1,"featured_media":0,"comment_status":"open","ping_status":"","sticky":false,"template":"","format":"standard","meta":{"footnotes":""},"categories":[89],"tags":[226,171],"class_list":["post-2120362","post","type-post","status-publish","format-standard","hentry","category-romania","tag-crawlmanager","tag-ziardesuceava-ro"],"_links":{"self":[{"href":"https:\/\/analyse.optim.biz\/index.php?rest_route=\/wp\/v2\/posts\/2120362","targetHints":{"allow":["GET"]}}],"collection":[{"href":"https:\/\/analyse.optim.biz\/index.php?rest_route=\/wp\/v2\/posts"}],"about":[{"href":"https:\/\/analyse.optim.biz\/index.php?rest_route=\/wp\/v2\/types\/post"}],"author":[{"embeddable":true,"href":"https:\/\/analyse.optim.biz\/index.php?rest_route=\/wp\/v2\/users\/1"}],"replies":[{"embeddable":true,"href":"https:\/\/analyse.optim.biz\/index.php?rest_route=%2Fwp%2Fv2%2Fcomments&post=2120362"}],"version-history":[{"count":0,"href":"https:\/\/analyse.optim.biz\/index.php?rest_route=\/wp\/v2\/posts\/2120362\/revisions"}],"wp:attachment":[{"href":"https:\/\/analyse.optim.biz\/index.php?rest_route=%2Fwp%2Fv2%2Fmedia&parent=2120362"}],"wp:term":[{"taxonomy":"category","embeddable":true,"href":"https:\/\/analyse.optim.biz\/index.php?rest_route=%2Fwp%2Fv2%2Fcategories&post=2120362"},{"taxonomy":"post_tag","embeddable":true,"href":"https:\/\/analyse.optim.biz\/index.php?rest_route=%2Fwp%2Fv2%2Ftags&post=2120362"}],"curies":[{"name":"wp","href":"https:\/\/api.w.org\/{rel}","templated":true}]}}