{"id":2120359,"date":"2026-08-31T08:40:46","date_gmt":"2026-08-31T05:40:46","guid":{"rendered":"https:\/\/analyse.optim.biz\/?p=2120359"},"modified":"2026-08-31T08:40:46","modified_gmt":"2026-08-31T05:40:46","slug":"manda-despre-propunerea-de-premier-din-partea-psd-doar-sorin-grindeanu-miruta-vrea-rotativa","status":"publish","type":"post","link":"https:\/\/analyse.optim.biz\/?p=2120359","title":{"rendered":"Manda despre propunerea de premier: Din partea PSD, doar Sorin Grindeanu. Miru\u021b\u0103 vrea rotativ\u0103"},"content":{"rendered":"<p>[analyse_image type=&#8221;featured&#8221; src=&#8221;https:\/\/ziardesuceava.ro\/wp-content\/uploads\/2026\/08\/79856-1024&#215;576.jpg&#8221;]<\/p>\n<div class=\"post-content clearfix\">\n<div class=\"blog-post-thumb\"><img loading=\"lazy\" decoding=\"async\" width=\"1140\" height=\"694\" src=\"https:\/\/ziardesuceava.ro\/wp-content\/uploads\/2026\/08\/79856-1140x694.jpg\" class=\"attachment-inhype-blog-thumb size-inhype-blog-thumb wp-post-image\" alt><\/div>\n<div class=\"entry-content\">\n<p>Social-democra\u021bii organizeaz\u0103 la Sinaia Consiliul Politic Na\u021bional, pentru a decide care va fi propunerea de premier din partea PSD. Radu Mirut\u0103 vrea o rotativ\u0103, \u00een timp ce pre\u0219edintele e optimist c\u0103 se va forma rapid o majoritate.<\/p>\n<div>\n<p>Secretarul general al partidului Claudiu Manda a fost \u00eentrebat \u00eenainte de \u00eenceperea \u0219edin\u021bei dac\u0103 Grindeanu r\u0103m\u00e2ne propunerea de premier din partea PSD: \u201cDin partea PSD, doar Grindeanu\u201d.<\/p>\n<p>\u0218i Mihai Fifor, pre\u0219edintele PSD Arad, a precizat c\u0103 \u00ee\u0219i dore\u0219te ca Sorin Grindeanu s\u0103 fie desemnat premier, \u0219i nu un independent: \u201cDup\u0103 mine, Sorin Grindeanu, pentru c\u0103 este o variant\u0103 care poate s\u0103 aib\u0103 un guvern, care poate s\u0103 fac\u0103 o majoritate\u201d.<\/p>\n<p>Fifor a mai spus c\u0103 el \u0219i-ar dori un guvern f\u0103r\u0103 USR.<\/p>\n<p>Social-democra\u021bii discut\u0103 despre mandatul cu care vor merge la negocierile ce urmeaz\u0103 a fi reluate la Palatul Cotroceni cu privire la formarea unui nou Guvern.\u00a0<\/p>\n<p><span>Miru\u021b\u0103: Sus\u021binem r\u0103m\u00e2nerea la guvernare printr-o rota\u021bie, noi s\u0103 fim primii \u0219i apoi PSD<\/span><\/p>\n<p>\u201cNoi spunem c\u0103 nu vedem niciun rost de a ne mai pune la mas\u0103 cu PSD, dec\u00e2t dac\u0103 vrem s\u0103-i p\u0103c\u0103lim pe rom\u00e2ni. \u00a0(..) Noi am spus c\u0103 sus\u021binem r\u0103m\u00e2nerea la guvernare printr-o rota\u021bie. E o chestie deschis\u0103, e o chestie onest\u0103, mai sunt, nu \u0219tiu, doi ani \u0219i jum\u0103tate, trei ani p\u00e2n\u0103 la urm\u0103toarele alegeri. Propor\u021bional c\u00e2te voturi a luat PSD, c\u00e2te voturi a luat PNL, USR, UDMR, \u00eemp\u0103r\u021bim aceast\u0103 perioad\u0103 la propor\u021bia voturilor ob\u021binute \u0219i guvern\u0103m doar noi perioada respectiv\u0103, doar PSD perioada cealalt\u0103\u201d, a declarat duminic\u0103 la Digi 24 ministrul interimar al ap\u0103r\u0103rii Radu Miru\u021b\u0103.<\/p>\n<p> \u201ce \u00eel \u00eendrept\u0103\u021be\u0219te pe PSD ca de unul singur, cu 20%, s\u0103 conduc\u0103 aceast\u0103 \u021bar\u0103? \u00cencearc\u0103 tot felul de contorsiuni prin Parlament, cu resturi de parlamentari, de la tot felul de partide (..) Imagina\u021bi-v\u0103 un CSAT cu membrii care sunt pro Federa\u021bia Rus\u0103\u201d, a mai spus Radu Miru\u021b\u0103, despre formarea noului guvern.\u00a0<\/p>\n<p><span>Nicu\u0219or Dan, cu g\u00e2ndul la Tomac<\/span><\/p>\n<p>\u00centrebat vineri, 28 august, la Chi\u0219in\u0103u, c\u00e2nd anume va desemna un nou premier, pre\u0219edintele Nicu\u0219or Dan s-a referit din nou la prima variant\u0103 de premier propus\u0103 dup\u0103 demiterea Guvernului \u00een mai.<\/p>\n<p>\u201cCred c\u0103 con\u0219tientiz\u0103m cu to\u021bii c\u0103 ar fi fost bine ca varianta Tomac s\u0103 treac\u0103 acum 3 sau 4 luni, c\u00e2nd a fost, s\u0103 nu facem toat\u0103 aceast\u0103 echilibristic\u0103, cu Parlamentul, cu sesiuni extraordinare. Dup\u0103 cele dou\u0103 nominaliz\u0103ri, am realizat c\u0103 nu exist\u0103 \u0219anse de majoritate pe perioada vacan\u021bei parlamentare \u0219i atunci, inclusiv din perspectiva agen\u021biilor de rating care urmau s\u0103 vin\u0103 s\u0103 evalueze Rom\u00e2nia, ar fi fost tare nefericit c\u0103 \u0219tirile din presa global\u0103 s\u0103 fie \u201eal treilea guvern n-a fost investit\u201d, \u201eal patrulea guvern n-a fost investit \u00een Rom\u00e2nia\u201d, \u0103sta e motivul pentru care pe lunile iulie-august, \u00een afar\u0103 de discu\u021bii permanente, ca s\u0103 spun, cu partidele politice, n-am f\u0103cut o desemnare\u201d, a r\u0103spuns el.<\/p>\n<p>Dan a mai precizat c\u0103 la 1 septembrie va fi o nou\u0103 consultare, formal\u0103 sau informal\u0103.<\/p>\n<p>\u201cEu cred c\u0103 vom g\u0103si o majoritate pentru un Guvern care s\u0103 fie stabil\u0103\u201d, a precizat Dan.<\/p>\n<\/div>\n<\/div>\n<div class=\"inhype-social-share-fixed sidebar-position-right\">\n<div class=\"post-social-wrapper\">\n<div class=\"post-social-title\"><span class=\"post-social-title-text\">Share<\/span><\/div>\n<\/div>\n<\/div>\n<\/div>\n<p>[analyse_source url=&#8221;https:\/\/ziardesuceava.ro\/manda-despre-propunerea-de-premier-din-partea-psd-doar-sorin-grindeanu-miruta-vrea-rotativa\/&#8221;]<\/p>\n","protected":false},"excerpt":{"rendered":"<p>[analyse_image type=&#8221;featured&#8221; src=&#8221;https:\/\/ziardesuceava.ro\/wp-content\/uploads\/2026\/08\/79856-1024&#215;576.jpg&#8221;] Social-democra\u021bii organizeaz\u0103 la Sinaia Consiliul Politic Na\u021bional, pentru a decide care va fi propunerea de premier din partea PSD. Radu Mirut\u0103 vrea o rotativ\u0103, \u00een timp ce pre\u0219edintele e optimist c\u0103 se va forma rapid o majoritate. Secretarul general al partidului Claudiu Manda a fost \u00eentrebat \u00eenainte de \u00eenceperea \u0219edin\u021bei dac\u0103 Grindeanu [&hellip;]<\/p>\n","protected":false},"author":1,"featured_media":0,"comment_status":"open","ping_status":"","sticky":false,"template":"","format":"standard","meta":{"footnotes":""},"categories":[89],"tags":[226,171],"class_list":["post-2120359","post","type-post","status-publish","format-standard","hentry","category-romania","tag-crawlmanager","tag-ziardesuceava-ro"],"_links":{"self":[{"href":"https:\/\/analyse.optim.biz\/index.php?rest_route=\/wp\/v2\/posts\/2120359","targetHints":{"allow":["GET"]}}],"collection":[{"href":"https:\/\/analyse.optim.biz\/index.php?rest_route=\/wp\/v2\/posts"}],"about":[{"href":"https:\/\/analyse.optim.biz\/index.php?rest_route=\/wp\/v2\/types\/post"}],"author":[{"embeddable":true,"href":"https:\/\/analyse.optim.biz\/index.php?rest_route=\/wp\/v2\/users\/1"}],"replies":[{"embeddable":true,"href":"https:\/\/analyse.optim.biz\/index.php?rest_route=%2Fwp%2Fv2%2Fcomments&post=2120359"}],"version-history":[{"count":0,"href":"https:\/\/analyse.optim.biz\/index.php?rest_route=\/wp\/v2\/posts\/2120359\/revisions"}],"wp:attachment":[{"href":"https:\/\/analyse.optim.biz\/index.php?rest_route=%2Fwp%2Fv2%2Fmedia&parent=2120359"}],"wp:term":[{"taxonomy":"category","embeddable":true,"href":"https:\/\/analyse.optim.biz\/index.php?rest_route=%2Fwp%2Fv2%2Fcategories&post=2120359"},{"taxonomy":"post_tag","embeddable":true,"href":"https:\/\/analyse.optim.biz\/index.php?rest_route=%2Fwp%2Fv2%2Ftags&post=2120359"}],"curies":[{"name":"wp","href":"https:\/\/api.w.org\/{rel}","templated":true}]}}