{"id":2120355,"date":"2026-08-31T10:39:00","date_gmt":"2026-08-31T07:39:00","guid":{"rendered":"https:\/\/analyse.optim.biz\/?p=2120355"},"modified":"2026-08-31T10:39:00","modified_gmt":"2026-08-31T07:39:00","slug":"batrana-din-darmanesti-disparuta-de-trei-zile-de-acasa-autoritatile-solicita-sprijinul-populatiei-pentru-identificarea-persoanei-disparute","status":"publish","type":"post","link":"https:\/\/analyse.optim.biz\/?p=2120355","title":{"rendered":"B\u0103tr\u00e2n\u0103 din D\u0103rm\u0103ne\u0219ti disp\u0103rut\u0103 de trei zile de acas\u0103. Autorit\u0103\u021bile solicit\u0103 sprijinul popula\u021biei pentru identificarea persoanei disp\u0103rute"},"content":{"rendered":"<p>[analyse_image type=&#8221;featured&#8221; src=&#8221;https:\/\/blogger.googleusercontent.com\/img\/b\/R29vZ2xl\/AVvXsEiW-vJFOJ_Kd5kv_NgZ7_kb_rst8t8-SYIN8gs3gbGZzNwK1NLm4O2WhQZkU1EWPP4-4DUj6aRFahnWNnCz92-L7s5ErGWm_N8kOy8w76p9BvCpKpbKs6NDGNo2Hl_Zqz4a5z7ll1eCiToA84ULQr_u1sJrK56_HjcU2TxfbBT7D1utSgeQ9BZKVl1H968\/w1600\/pitic-maria.jpg&#8221;]<\/p>\n<div class=\"post-body entry-content\" id=\"post-body\">\n<div class=\"separator\"><a href=\"https:\/\/blogger.googleusercontent.com\/img\/b\/R29vZ2xl\/AVvXsEiW-vJFOJ_Kd5kv_NgZ7_kb_rst8t8-SYIN8gs3gbGZzNwK1NLm4O2WhQZkU1EWPP4-4DUj6aRFahnWNnCz92-L7s5ErGWm_N8kOy8w76p9BvCpKpbKs6NDGNo2Hl_Zqz4a5z7ll1eCiToA84ULQr_u1sJrK56_HjcU2TxfbBT7D1utSgeQ9BZKVl1H968\/s1200\/pitic-maria.jpg\"><img decoding=\"async\" alt=\"B\u0103tr\u00e2n\u0103 din D\u0103rm\u0103ne\u0219ti disp\u0103rut\u0103 de trei zile de acas\u0103. Autorit\u0103\u021bile solicit\u0103 sprijinul popula\u021biei pentru identificarea persoanei disp\u0103rute\" border=\"0\" height=\"335\" loading=\"lazy\" src=\"https:\/\/blogger.googleusercontent.com\/img\/b\/R29vZ2xl\/AVvXsEiW-vJFOJ_Kd5kv_NgZ7_kb_rst8t8-SYIN8gs3gbGZzNwK1NLm4O2WhQZkU1EWPP4-4DUj6aRFahnWNnCz92-L7s5ErGWm_N8kOy8w76p9BvCpKpbKs6NDGNo2Hl_Zqz4a5z7ll1eCiToA84ULQr_u1sJrK56_HjcU2TxfbBT7D1utSgeQ9BZKVl1H968\/w640-h335-rw\/pitic-maria.jpg\" title=\"B\u0103tr\u00e2n\u0103 din D\u0103rm\u0103ne\u0219ti disp\u0103rut\u0103 de trei zile de acas\u0103. Autorit\u0103\u021bile solicit\u0103 sprijinul popula\u021biei pentru identificarea persoanei disp\u0103rute\" width=\"640\"><\/a><\/div>\n<p>Poli\u0163ia desf\u0103\u015foar\u0103 activit\u0103\u0163i de c\u0103utare \u015fi identificare a numitei PITIC MARIA, \u00een v\u00e2rst\u0103 de 77 ani, domiciliat\u0103 comuna D\u0103rm\u0103ne\u0219ti, jude\u021bul Suceava, care \u00een data de 28 august 2026 a plecat voluntar de la domiciliu \u0219i nu a mai revenit p\u00e2n\u0103 \u00een prezent. <\/p>\n<p> Semnalmente: \u00een\u0103l\u021bime 1,65 m, greutate 70 kg, ochi c\u0103prui, p\u0103r grizonat, poart\u0103 batic.<\/p>\n<p> Nu se cunosc articolele de \u00eembr\u0103c\u0103minte purtate la momentul plec\u0103rii.<\/p>\n<p>\u00cen cazul \u00een care de\u0163ine\u0163i date cu privire la persoana \u00een cauz\u0103, v\u0103 rug\u0103m s\u0103 apela\u0163i Poli\u0163ia prin SNUAU 112 sau s\u0103 v\u0103 adresa\u0163i celei mai apropiate unit\u0103\u0163i de poli\u0163ie.\n<\/p><\/div>\n<div class=\"post-body entry-content\" id=\"post-body\">\n<div class=\"separator\"><a href=\"https:\/\/blogger.googleusercontent.com\/img\/b\/R29vZ2xl\/AVvXsEiW-vJFOJ_Kd5kv_NgZ7_kb_rst8t8-SYIN8gs3gbGZzNwK1NLm4O2WhQZkU1EWPP4-4DUj6aRFahnWNnCz92-L7s5ErGWm_N8kOy8w76p9BvCpKpbKs6NDGNo2Hl_Zqz4a5z7ll1eCiToA84ULQr_u1sJrK56_HjcU2TxfbBT7D1utSgeQ9BZKVl1H968\/s1200\/pitic-maria.jpg\"><img decoding=\"async\" alt=\"B\u0103tr\u00e2n\u0103 din D\u0103rm\u0103ne\u0219ti disp\u0103rut\u0103 de trei zile de acas\u0103. Autorit\u0103\u021bile solicit\u0103 sprijinul popula\u021biei pentru identificarea persoanei disp\u0103rute\" border=\"0\" height=\"335\" loading=\"lazy\" src=\"https:\/\/blogger.googleusercontent.com\/img\/b\/R29vZ2xl\/AVvXsEiW-vJFOJ_Kd5kv_NgZ7_kb_rst8t8-SYIN8gs3gbGZzNwK1NLm4O2WhQZkU1EWPP4-4DUj6aRFahnWNnCz92-L7s5ErGWm_N8kOy8w76p9BvCpKpbKs6NDGNo2Hl_Zqz4a5z7ll1eCiToA84ULQr_u1sJrK56_HjcU2TxfbBT7D1utSgeQ9BZKVl1H968\/w640-h335-rw\/pitic-maria.jpg\" title=\"B\u0103tr\u00e2n\u0103 din D\u0103rm\u0103ne\u0219ti disp\u0103rut\u0103 de trei zile de acas\u0103. Autorit\u0103\u021bile solicit\u0103 sprijinul popula\u021biei pentru identificarea persoanei disp\u0103rute\" width=\"640\"><\/a><\/div>\n<p>Poli\u0163ia desf\u0103\u015foar\u0103 activit\u0103\u0163i de c\u0103utare \u015fi identificare a numitei PITIC MARIA, \u00een v\u00e2rst\u0103 de 77 ani, domiciliat\u0103 comuna D\u0103rm\u0103ne\u0219ti, jude\u021bul Suceava, care \u00een data de 28 august 2026 a plecat voluntar de la domiciliu \u0219i nu a mai revenit p\u00e2n\u0103 \u00een prezent. <\/p>\n<p> Semnalmente: \u00een\u0103l\u021bime 1,65 m, greutate 70 kg, ochi c\u0103prui, p\u0103r grizonat, poart\u0103 batic.<\/p>\n<p> Nu se cunosc articolele de \u00eembr\u0103c\u0103minte purtate la momentul plec\u0103rii.<\/p>\n<p>\u00cen cazul \u00een care de\u0163ine\u0163i date cu privire la persoana \u00een cauz\u0103, v\u0103 rug\u0103m s\u0103 apela\u0163i Poli\u0163ia prin SNUAU 112 sau s\u0103 v\u0103 adresa\u0163i celei mai apropiate unit\u0103\u0163i de poli\u0163ie.\n<\/p><\/div>\n<p>[analyse_source url=&#8221;https:\/\/www.stirisuceava.net\/2026\/08\/batrana-din-darmanesti-disparuta-de.html&#8221;]<\/p>\n","protected":false},"excerpt":{"rendered":"<p>[analyse_image type=&#8221;featured&#8221; src=&#8221;https:\/\/blogger.googleusercontent.com\/img\/b\/R29vZ2xl\/AVvXsEiW-vJFOJ_Kd5kv_NgZ7_kb_rst8t8-SYIN8gs3gbGZzNwK1NLm4O2WhQZkU1EWPP4-4DUj6aRFahnWNnCz92-L7s5ErGWm_N8kOy8w76p9BvCpKpbKs6NDGNo2Hl_Zqz4a5z7ll1eCiToA84ULQr_u1sJrK56_HjcU2TxfbBT7D1utSgeQ9BZKVl1H968\/w1600\/pitic-maria.jpg&#8221;] Poli\u0163ia desf\u0103\u015foar\u0103 activit\u0103\u0163i de c\u0103utare \u015fi identificare a numitei PITIC MARIA, \u00een v\u00e2rst\u0103 de 77 ani, domiciliat\u0103 comuna D\u0103rm\u0103ne\u0219ti, jude\u021bul Suceava, care \u00een data de 28 august 2026 a plecat voluntar de la domiciliu \u0219i nu a mai revenit p\u00e2n\u0103 \u00een prezent. Semnalmente: \u00een\u0103l\u021bime 1,65 m, greutate 70 kg, ochi c\u0103prui, p\u0103r [&hellip;]<\/p>\n","protected":false},"author":1,"featured_media":0,"comment_status":"open","ping_status":"","sticky":false,"template":"","format":"standard","meta":{"footnotes":""},"categories":[89],"tags":[226,172],"class_list":["post-2120355","post","type-post","status-publish","format-standard","hentry","category-romania","tag-crawlmanager","tag-stirisuceava-net"],"_links":{"self":[{"href":"https:\/\/analyse.optim.biz\/index.php?rest_route=\/wp\/v2\/posts\/2120355","targetHints":{"allow":["GET"]}}],"collection":[{"href":"https:\/\/analyse.optim.biz\/index.php?rest_route=\/wp\/v2\/posts"}],"about":[{"href":"https:\/\/analyse.optim.biz\/index.php?rest_route=\/wp\/v2\/types\/post"}],"author":[{"embeddable":true,"href":"https:\/\/analyse.optim.biz\/index.php?rest_route=\/wp\/v2\/users\/1"}],"replies":[{"embeddable":true,"href":"https:\/\/analyse.optim.biz\/index.php?rest_route=%2Fwp%2Fv2%2Fcomments&post=2120355"}],"version-history":[{"count":0,"href":"https:\/\/analyse.optim.biz\/index.php?rest_route=\/wp\/v2\/posts\/2120355\/revisions"}],"wp:attachment":[{"href":"https:\/\/analyse.optim.biz\/index.php?rest_route=%2Fwp%2Fv2%2Fmedia&parent=2120355"}],"wp:term":[{"taxonomy":"category","embeddable":true,"href":"https:\/\/analyse.optim.biz\/index.php?rest_route=%2Fwp%2Fv2%2Fcategories&post=2120355"},{"taxonomy":"post_tag","embeddable":true,"href":"https:\/\/analyse.optim.biz\/index.php?rest_route=%2Fwp%2Fv2%2Ftags&post=2120355"}],"curies":[{"name":"wp","href":"https:\/\/api.w.org\/{rel}","templated":true}]}}