{"id":2120353,"date":"2026-08-31T08:12:46","date_gmt":"2026-08-31T05:12:46","guid":{"rendered":"https:\/\/analyse.optim.biz\/?p=2120353"},"modified":"2026-08-31T08:12:46","modified_gmt":"2026-08-31T05:12:46","slug":"il-dramma-di-di-battista-diventa-un-caso-politico-il-caso-del-volo-sanitario-messo-a-disposizione","status":"publish","type":"post","link":"https:\/\/analyse.optim.biz\/?p=2120353","title":{"rendered":"Il dramma di di battista diventa un caso politico: il caso del volo sanitario messo a disposizione.."},"content":{"rendered":"<p>[analyse_image type=&#8221;featured&#8221; src=&#8221;https:\/\/static.dagospia.com\/img\/patch\/08-2026\/alessandro-di-battista-giorgia-meloni-antonio-tajani-2300812_600_q50.webp&#8221;]<\/p>\n<article>\n<div class=\"img-wrapper\"><img decoding=\"async\" src=\"https:\/\/static.dagospia.com\/img\/patch\/08-2026\/alessandro-di-battista-giorgia-meloni-antonio-tajani-2300812_600_q50.webp\" alt=\"alessandro di battista giorgia meloni antonio tajani\"><time class=\"data-ora\">31 ago 2026 10:12<\/time><\/div>\n<p><span>IL DRAMMA DI DI BATTISTA DIVENTA UN CASO POLITICO<\/span> \u2013 NEL GOVERNO SONO ENTRATI IN ALLARME PER LE POLEMICHE SUL POSSIBILE VOLO DI STATO ORGANIZZATO PER RIPORTARE IN ITALIA L\u2019EX DEPUTATO DEL M5S, RICOVERATO A CUBA IN GRAVI CONDIZIONI. PALAZZO CHIGI SI AFFRETTA A FAR SAPERE CHE L\u2019AEREO SANITARIO MESSO A DISPOSIZIONE PER \u201cDIBBA\u201d (QUANDO AVR\u00c0 IL VIA LIBERA DEI MEDICI) \u00c8 IN LINEA CON IL TRATTAMENTO UTILIZZATO PER TUTTI I CITTADINI ITALIANI CHE SI TROVANO ALL\u2019ESTERO \u2013 \u201cIL FATTO\u201d: <span>\u201cDAGOSPIA HA PUBBLICATO UNA LETTERA DI UN CITTADINO ITALIANO ALL\u2019ESTERO CHE HA DETTO DI ASPETTARSI LO STESSO TRATTAMENTO NEL CASO DOVESSE SENTIRSI MALE.<\/span> COS\u00cc IERI PALAZZO CHIGI HA PRECISATO CHE SONO NUMEROSI OGNI ANNO I RIMPATRI DI CITTADINI ITALIANI ALL\u2019ESTERO CON VOLO DI STATO. PER MOTIVI SANITARI SONO GI\u00c0 57 NEL 2026.\u00a0 NELLA CONVERSAZIONE CHE MELONI HA AVUTO IERI CON DI BATTISTA, <span>GLI AVREBBE CHIESTO SE AVESSE BISOGNO DI UN AEREO SANITARIO. CHI LO CONOSCE BENE SA CHE POTREBBE RIFIUTARLO\u2026\u201d<\/span><\/p>\n<div class=\"share-section\">\n                Condividi  questo articolo<\/p>\n<div class=\"socials\"><a href=\"http:\/\/www.facebook.com\/sharer.php?u=http:\/\/www.dagospia.com\/cronache\/dramma-battista-diventa-caso-politico-caso-volo-sanitario-messo-485270\" target=\"_blank\"><img decoding=\"async\" src=\"https:\/\/static.dagospia.com\/img\/icons\/facebook.svg\" alt=\"Condividi su Facebook\"><\/a><a href=\"http:\/\/www.twitter.com\/share?url=http:\/\/www.dagospia.com\/cronache\/dramma-battista-diventa-caso-politico-caso-volo-sanitario-messo-485270&amp;text=IL%20DRAMMA%20DI%20DI%20BATTISTA%20DIVENTA%20UN%20CASO%20POLITICO:%20IL%20CASO%20DEL%20VOLO%20SANITARIO%20MESSO%20A%20DISPOSIZIONE..\" target=\"_blank\"><img decoding=\"async\" src=\"https:\/\/static.dagospia.com\/img\/icons\/x-icon.png\" alt=\"Condividi su X\"><\/a><a href=\"\/\/www.dagospia.com\/cronache\/dramma-battista-diventa-caso-politico-caso-volo-sanitario-messo-485270\" target=\"_blank\"><img decoding=\"async\" src=\"https:\/\/static.dagospia.com\/img\/icons\/whatsapp.svg\" alt=\"Condividi su Whatsapp\"><\/a><a href=\"mailto:?body=http:\/\/www.dagospia.com\/cronache\/dramma-battista-diventa-caso-politico-caso-volo-sanitario-messo-485270\" target=\"_blank\"><img decoding=\"async\" src=\"https:\/\/static.dagospia.com\/img\/icons\/mail.svg\" alt=\"Invia in email\"><\/a><\/div>\n<\/div>\n<div class=\"content\">\n<p class=\"disable\"><strong>RICEVIAMO E PUBBLICHIAMO &#8211; <a href=\"https:\/\/www.dagospia.com\/cronache\/riceviamo-pubblichiamo-caro-dago-quel-e-accaduto-ad-alessandro-battista-485206\" target=\"_blank\">CARO DAGO, QUEL CHE \u00c8 ACCADUTO AD ALESSANDRO DI BATTISTA MI SPIACE MA CI\u00d2 CHE SI \u00c8 ATTIVATO PER LUI MI CONFORTA.<\/a> DA ITALIANO TEMPORANEAMENTE ALL\u2019ESTERO MI FA PIACERE SAPERE CHE, SE AVESSI PROBLEMI DI SALUTE, IL GOVERNO SI SMUOVEREBBE COME AVVENUTO PER DIBBA CHE, COME ME, NON RICOPRE INCARICHI ISTITUZIONALI &#8211; SE IN UN VIAGGIO ALL&#8217;ESTERO FOSSI COLPITO DA MALORE, NON DOVR\u00d2 ARRABATTARMI CON L&#8217;ASSICURAZIONE PER TROVARE UN VOLO PER RIENTRARE IN ITALIA: A ME CI PENSER\u00c0 IL GOVERNO O L\u2019AMBASCIATA. QUESTO \u00c8 UN SISTEMA CHE FUNZIONA. UNO VALE UNO. O NO?<\/strong><\/p>\n<p class=\"disable\">\u00a0<\/p>\n<p class=\"disable\">\u00a0<\/p>\n<p class=\"disable\"><a href=\"https:\/\/www.dagospia.com\/cronache\/riceviamo-pubblichiamo-caro-dago-quel-e-accaduto-ad-alessandro-battista-485206\" target=\"_blank\">https:\/\/www.dagospia.com\/cronache\/riceviamo-pubblichiamo-caro-dago-quel-e-accaduto-ad-alessandro-battista-485206<\/a><\/p>\n<p class=\"disable\">\u00a0<\/p>\n<p class=\"disable\"><strong>Estratto dell\u2019articolo di Giacomo Salvini per <a href=\"http:\/\/www.ilfattoquotidiano.it\" target=\"_blank\">\u201cil Fatto Quotidiano\u201d<\/a><\/strong><\/p>\n<p class=\"disable\">\u00a0<\/p>\n<p><a href=\"https:\/\/www.dagospia.com\/media-gallery\/dago-fotogallery-521697\/2300527\" class=\"float-left img-wrapper\"><img decoding=\"async\" id=\"2300527\" loading=\"lazy\" src=\"https:\/\/static.dagospia.com\/img\/foto\/08-2026\/alessandro-di-battista-3-2300527_800_q50.webp\"><span class=\"img-title\">alessandro di battista 3<\/span><\/a><\/p>\n<p class=\"disable\">Le polemiche politiche non sono iniziate ufficialmente. Ma tra i social, i siti e qualche sospetto delle opposizioni, i vertici del governo italiano ieri hanno capito che il ritorno in Italia dell\u2019ex deputato del M5S Alessandro Di Battista poteva diventare una faccenda spinosa. Foriera di strumentalizzazioni, da una parte e dall\u2019altra.<\/p>\n<p class=\"disable\">\u00a0<\/p>\n<p class=\"disable\">Cio\u00e8 da chi possa pensare a una sorta di \u201ccorsia preferenziale\u201d per Di Battista e da chi, invece, possa usare l\u2019argomento del volo di Stato come tesi per mettere in imbarazzo il Movimento 5 Stelle, partito che da sempre cavalca i temi anti-Casta.<\/p>\n<p class=\"disable\">\u00a0<\/p>\n<p><a href=\"https:\/\/www.dagospia.com\/media-gallery\/dago-fotogallery-521697\/2295473\" class=\"float-right img-wrapper\"><img decoding=\"async\" id=\"2295473\" loading=\"lazy\" src=\"https:\/\/static.dagospia.com\/img\/foto\/08-2026\/giorgia-meloni-antonio-tajani-2295473_800_q50.webp\"><span class=\"img-title\">Giorgia Meloni Antonio Tajani <\/span><\/a><\/p>\n<p class=\"disable\">[&#8230;] Palazzo Chigi ci ha tenuto a far sapere che l\u2019aereo sanitario messo a disposizione dall\u2019Italia per far rientrare Di Battista \u2013 ma solo quando avr\u00e0 il via libera dei medici \u2013 \u00e8 in linea con lo stesso trattamento utilizzato per tutti i cittadini italiani che si trovano all\u2019estero e hanno bisogno di rientrare per ragioni sanitarie.<\/p>\n<p class=\"disable\">\u00a0<\/p>\n<p class=\"disable\">[&#8230;] Mentre la politica inizia a mostrare solidariet\u00e0 nei confronti dell\u2019ex deputato del M5S, inizia una girandola di contatti ai vertici del governo sul da farsi. Il ministro degli Esteri Antonio Tajani mette subito a disposizione l\u2019assistenza della Farnesina e dell\u2019ambasciatrice Simona De Martino, ma sul volo di Stato \u00e8 inizialmente titubante.<\/p>\n<p class=\"disable\">\u00a0<\/p>\n<p><a href=\"https:\/\/www.dagospia.com\/media-gallery\/dago-fotogallery-521697\/2300526\" class=\"float-left img-wrapper\"><img decoding=\"async\" id=\"2300526\" loading=\"lazy\" src=\"https:\/\/static.dagospia.com\/img\/foto\/08-2026\/alessandro-di-battista-2-2300526_800_q50.webp\"><span class=\"img-title\">alessandro di battista 2<\/span><\/a><\/p>\n<p class=\"disable\">L\u2019Italia, infatti, nelle stesse ore si sta occupando della situazione sanitaria di un bambino italiano di sei anni e mezzo in coma in Egitto e non ci devono essere doppi standard. C\u2019\u00e8 anche chi, nel governo, ritiene che il volo di Stato possa essere giustificato solo nel caso in cui si riconoscesse che Di Battista ha un ruolo politico.<\/p>\n<p class=\"disable\">\u00a0<\/p>\n<p class=\"disable\">Ma sabato alle 17.41 fonti di Palazzo Chigi fanno sapere che un aereo sanitario \u201c\u00e8 disponibile per far rientrare in Italia Di Battista\u201d una volta che le condizioni mediche lo consentiranno. Fonti di governo dicono che, nella conversazione che ha avuto ieri Meloni con Di Battista, gli avrebbe chiesto se avesse bisogno di un aereo sanitario. Chi lo conosce bene sa che potrebbe rifiutarlo.<\/p>\n<p class=\"disable\">\u00a0<\/p>\n<p><a href=\"https:\/\/www.dagospia.com\/media-gallery\/dago-fotogallery-521697\/2285769\" class=\"float-right img-wrapper\"><img decoding=\"async\" id=\"2285769\" loading=\"lazy\" src=\"https:\/\/static.dagospia.com\/img\/foto\/07-2026\/giorgia-meloni-antonio-tajani-matteo-salvini-3-2285769_800_q50.webp\"><span class=\"img-title\">Giorgia Meloni Antonio Tajani Matteo Salvini 3<\/span><\/a><\/p>\n<p class=\"disable\">Da sabato sui social \u00e8 nata una polemica contro il governo sull\u2019ipotesi di un volo di Stato. E il sito Dagospia ha pubblicato una lettera di un cittadino italiano all\u2019estero che ha detto di aspettarsi lo stesso trattamento nel caso dovesse sentirsi male.<\/p>\n<p class=\"disable\">\u00a0<\/p>\n<p class=\"disable\">Cos\u00ec ieri Palazzo Chigi ha precisato che sono numerosi ogni anno i rimpatri di cittadini italiani all\u2019estero con volo di Stato. Per motivi sanitari sono gi\u00e0 57 nel 2026, si va dai 27 dell\u2019anno scorso ai 112 del 2018. Pi\u00f9 numerosi dei voli di Stato umanitari, 5 quest&#8217;anno, poco pi\u00f9 di 8 in media dal 2018 al 2025.<\/p>\n<p class=\"disable\">\u00a0<\/p>\n<p><a href=\"https:\/\/www.dagospia.com\/media-gallery\/dago-fotogallery-521697\/2300523\" class=\"float-left img-wrapper\"><img decoding=\"async\" id=\"2300523\" loading=\"lazy\" src=\"https:\/\/static.dagospia.com\/img\/foto\/08-2026\/alessandro-di-battista-4-2300523_800_q50.webp\"><span class=\"img-title\">alessandro di battista 4<\/span><\/a><\/p>\n<p class=\"disable\">I costi sono a carico dell\u2019Aeronautica militare, finanziata dal Tesoro. La condizione \u00e8 che ci sia il cosiddetto \u201cfit to fly\u201d, cio\u00e8 il certificato che autorizza a far volare il paziente in sicurezza. Ma prima c\u2019\u00e8 un iter che passa dal segretario generale e dal sottosegretario di Palazzo Chigi.<\/p>\n<p class=\"disable\">\u00a0<\/p>\n<p class=\"disable\">[&#8230;] la Farnesina ha fatto sapere che il bambino di sei anni italiano, che si trova in coma a Sharm el Sheik dopo un incidente nella piscina di in albergo, torner\u00e0 nei prossimi giorni in Italia dopo l\u2019autorizzazione dei medici e un crowdfunding da 80 mila euro. In realt\u00e0 le spese saranno rimborsate dall\u2019ambasciata italiana al Cairo e dal ministero della Salute italiano. Non \u00e8 chiaro con quale aereo torner\u00e0.<\/p>\n<p><a href=\"https:\/\/www.dagospia.com\/media-gallery\/dago-fotogallery-521697\/2282739\" class=\"float-right img-wrapper\"><img decoding=\"async\" id=\"2282739\" loading=\"lazy\" src=\"https:\/\/static.dagospia.com\/img\/foto\/07-2026\/giorgia-meloni-antonio-tajani-2282739_800_q50.webp\"><span class=\"img-title\">Giorgia Meloni Antonio Tajani<\/span><\/a><a href=\"https:\/\/www.dagospia.com\/media-gallery\/dago-fotogallery-521697\/2300708\" class=\"float-right img-wrapper\"><img decoding=\"async\" id=\"2300708\" loading=\"lazy\" src=\"https:\/\/static.dagospia.com\/img\/foto\/08-2026\/alessandro-di-battista-e-il-pranzo-in-ospedale-a-cuba-2300708_800_q50.webp\"><span class=\"img-title\">ALESSANDRO DI BATTISTA E IL PRANZO IN OSPEDALE A CUBA<\/span><\/a><\/p>\n<\/div>\n<div class=\"share-section\">\n                Condividi  questo articolo<\/p>\n<div class=\"socials\"><a href=\"https:\/\/www.dagospia.com\/cronache\/dramma-battista-diventa-caso-politico-caso-volo-sanitario-messo-485270\"><img decoding=\"async\" src=\"https:\/\/static.dagospia.com\/img\/icons\/facebook.svg\" alt=\"Condividi su Facebook\"><\/a><a href=\"https:\/\/www.dagospia.com\/cronache\/dramma-battista-diventa-caso-politico-caso-volo-sanitario-messo-485270\"><img decoding=\"async\" src=\"https:\/\/static.dagospia.com\/img\/icons\/x-icon.png\" alt=\"Condividi su X\"><\/a><a href=\"https:\/\/www.dagospia.com\/cronache\/dramma-battista-diventa-caso-politico-caso-volo-sanitario-messo-485270\"><img decoding=\"async\" src=\"https:\/\/static.dagospia.com\/img\/icons\/whatsapp.svg\" alt=\"Condividi su Whatsapp\"><\/a><a href=\"https:\/\/www.dagospia.com\/cronache\/dramma-battista-diventa-caso-politico-caso-volo-sanitario-messo-485270\"><img decoding=\"async\" src=\"https:\/\/static.dagospia.com\/img\/icons\/mail.svg\" alt=\"Invia in email\"><\/a><\/div>\n<\/div>\n<\/article>\n<div class=\"content\">\n<p class=\"disable\"><strong>RICEVIAMO E PUBBLICHIAMO &#8211; <a href=\"https:\/\/www.dagospia.com\/cronache\/riceviamo-pubblichiamo-caro-dago-quel-e-accaduto-ad-alessandro-battista-485206\" target=\"_blank\">CARO DAGO, QUEL CHE \u00c8 ACCADUTO AD ALESSANDRO DI BATTISTA MI SPIACE MA CI\u00d2 CHE SI \u00c8 ATTIVATO PER LUI MI CONFORTA.<\/a> DA ITALIANO TEMPORANEAMENTE ALL\u2019ESTERO MI FA PIACERE SAPERE CHE, SE AVESSI PROBLEMI DI SALUTE, IL GOVERNO SI SMUOVEREBBE COME AVVENUTO PER DIBBA CHE, COME ME, NON RICOPRE INCARICHI ISTITUZIONALI &#8211; SE IN UN VIAGGIO ALL&#8217;ESTERO FOSSI COLPITO DA MALORE, NON DOVR\u00d2 ARRABATTARMI CON L&#8217;ASSICURAZIONE PER TROVARE UN VOLO PER RIENTRARE IN ITALIA: A ME CI PENSER\u00c0 IL GOVERNO O L\u2019AMBASCIATA. QUESTO \u00c8 UN SISTEMA CHE FUNZIONA. UNO VALE UNO. O NO?<\/strong><\/p>\n<p class=\"disable\">\u00a0<\/p>\n<p class=\"disable\">\u00a0<\/p>\n<p class=\"disable\"><a href=\"https:\/\/www.dagospia.com\/cronache\/riceviamo-pubblichiamo-caro-dago-quel-e-accaduto-ad-alessandro-battista-485206\" target=\"_blank\">https:\/\/www.dagospia.com\/cronache\/riceviamo-pubblichiamo-caro-dago-quel-e-accaduto-ad-alessandro-battista-485206<\/a><\/p>\n<p class=\"disable\">\u00a0<\/p>\n<p class=\"disable\"><strong>Estratto dell\u2019articolo di Giacomo Salvini per <a href=\"http:\/\/www.ilfattoquotidiano.it\" target=\"_blank\">\u201cil Fatto Quotidiano\u201d<\/a><\/strong><\/p>\n<p class=\"disable\">\u00a0<\/p>\n<p><a href=\"https:\/\/www.dagospia.com\/media-gallery\/dago-fotogallery-521697\/2300527\" class=\"float-left img-wrapper\"><img decoding=\"async\" id=\"2300527\" loading=\"lazy\" src=\"https:\/\/static.dagospia.com\/img\/foto\/08-2026\/alessandro-di-battista-3-2300527_800_q50.webp\"><span class=\"img-title\">alessandro di battista 3<\/span><\/a><\/p>\n<p class=\"disable\">Le polemiche politiche non sono iniziate ufficialmente. Ma tra i social, i siti e qualche sospetto delle opposizioni, i vertici del governo italiano ieri hanno capito che il ritorno in Italia dell\u2019ex deputato del M5S Alessandro Di Battista poteva diventare una faccenda spinosa. Foriera di strumentalizzazioni, da una parte e dall\u2019altra.<\/p>\n<p class=\"disable\">\u00a0<\/p>\n<p class=\"disable\">Cio\u00e8 da chi possa pensare a una sorta di \u201ccorsia preferenziale\u201d per Di Battista e da chi, invece, possa usare l\u2019argomento del volo di Stato come tesi per mettere in imbarazzo il Movimento 5 Stelle, partito che da sempre cavalca i temi anti-Casta.<\/p>\n<p class=\"disable\">\u00a0<\/p>\n<p><a href=\"https:\/\/www.dagospia.com\/media-gallery\/dago-fotogallery-521697\/2295473\" class=\"float-right img-wrapper\"><img decoding=\"async\" id=\"2295473\" loading=\"lazy\" src=\"https:\/\/static.dagospia.com\/img\/foto\/08-2026\/giorgia-meloni-antonio-tajani-2295473_800_q50.webp\"><span class=\"img-title\">Giorgia Meloni Antonio Tajani <\/span><\/a><\/p>\n<p class=\"disable\">[&#8230;] Palazzo Chigi ci ha tenuto a far sapere che l\u2019aereo sanitario messo a disposizione dall\u2019Italia per far rientrare Di Battista \u2013 ma solo quando avr\u00e0 il via libera dei medici \u2013 \u00e8 in linea con lo stesso trattamento utilizzato per tutti i cittadini italiani che si trovano all\u2019estero e hanno bisogno di rientrare per ragioni sanitarie.<\/p>\n<p class=\"disable\">\u00a0<\/p>\n<p class=\"disable\">[&#8230;] Mentre la politica inizia a mostrare solidariet\u00e0 nei confronti dell\u2019ex deputato del M5S, inizia una girandola di contatti ai vertici del governo sul da farsi. Il ministro degli Esteri Antonio Tajani mette subito a disposizione l\u2019assistenza della Farnesina e dell\u2019ambasciatrice Simona De Martino, ma sul volo di Stato \u00e8 inizialmente titubante.<\/p>\n<p class=\"disable\">\u00a0<\/p>\n<p><a href=\"https:\/\/www.dagospia.com\/media-gallery\/dago-fotogallery-521697\/2300526\" class=\"float-left img-wrapper\"><img decoding=\"async\" id=\"2300526\" loading=\"lazy\" src=\"https:\/\/static.dagospia.com\/img\/foto\/08-2026\/alessandro-di-battista-2-2300526_800_q50.webp\"><span class=\"img-title\">alessandro di battista 2<\/span><\/a><\/p>\n<p class=\"disable\">L\u2019Italia, infatti, nelle stesse ore si sta occupando della situazione sanitaria di un bambino italiano di sei anni e mezzo in coma in Egitto e non ci devono essere doppi standard. C\u2019\u00e8 anche chi, nel governo, ritiene che il volo di Stato possa essere giustificato solo nel caso in cui si riconoscesse che Di Battista ha un ruolo politico.<\/p>\n<p class=\"disable\">\u00a0<\/p>\n<p class=\"disable\">Ma sabato alle 17.41 fonti di Palazzo Chigi fanno sapere che un aereo sanitario \u201c\u00e8 disponibile per far rientrare in Italia Di Battista\u201d una volta che le condizioni mediche lo consentiranno. Fonti di governo dicono che, nella conversazione che ha avuto ieri Meloni con Di Battista, gli avrebbe chiesto se avesse bisogno di un aereo sanitario. Chi lo conosce bene sa che potrebbe rifiutarlo.<\/p>\n<p class=\"disable\">\u00a0<\/p>\n<p><a href=\"https:\/\/www.dagospia.com\/media-gallery\/dago-fotogallery-521697\/2285769\" class=\"float-right img-wrapper\"><img decoding=\"async\" id=\"2285769\" loading=\"lazy\" src=\"https:\/\/static.dagospia.com\/img\/foto\/07-2026\/giorgia-meloni-antonio-tajani-matteo-salvini-3-2285769_800_q50.webp\"><span class=\"img-title\">Giorgia Meloni Antonio Tajani Matteo Salvini 3<\/span><\/a><\/p>\n<p class=\"disable\">Da sabato sui social \u00e8 nata una polemica contro il governo sull\u2019ipotesi di un volo di Stato. E il sito Dagospia ha pubblicato una lettera di un cittadino italiano all\u2019estero che ha detto di aspettarsi lo stesso trattamento nel caso dovesse sentirsi male.<\/p>\n<p class=\"disable\">\u00a0<\/p>\n<p class=\"disable\">Cos\u00ec ieri Palazzo Chigi ha precisato che sono numerosi ogni anno i rimpatri di cittadini italiani all\u2019estero con volo di Stato. Per motivi sanitari sono gi\u00e0 57 nel 2026, si va dai 27 dell\u2019anno scorso ai 112 del 2018. Pi\u00f9 numerosi dei voli di Stato umanitari, 5 quest&#8217;anno, poco pi\u00f9 di 8 in media dal 2018 al 2025.<\/p>\n<p class=\"disable\">\u00a0<\/p>\n<p><a href=\"https:\/\/www.dagospia.com\/media-gallery\/dago-fotogallery-521697\/2300523\" class=\"float-left img-wrapper\"><img decoding=\"async\" id=\"2300523\" loading=\"lazy\" src=\"https:\/\/static.dagospia.com\/img\/foto\/08-2026\/alessandro-di-battista-4-2300523_800_q50.webp\"><span class=\"img-title\">alessandro di battista 4<\/span><\/a><\/p>\n<p class=\"disable\">I costi sono a carico dell\u2019Aeronautica militare, finanziata dal Tesoro. La condizione \u00e8 che ci sia il cosiddetto \u201cfit to fly\u201d, cio\u00e8 il certificato che autorizza a far volare il paziente in sicurezza. Ma prima c\u2019\u00e8 un iter che passa dal segretario generale e dal sottosegretario di Palazzo Chigi.<\/p>\n<p class=\"disable\">\u00a0<\/p>\n<p class=\"disable\">[&#8230;] la Farnesina ha fatto sapere che il bambino di sei anni italiano, che si trova in coma a Sharm el Sheik dopo un incidente nella piscina di in albergo, torner\u00e0 nei prossimi giorni in Italia dopo l\u2019autorizzazione dei medici e un crowdfunding da 80 mila euro. In realt\u00e0 le spese saranno rimborsate dall\u2019ambasciata italiana al Cairo e dal ministero della Salute italiano. Non \u00e8 chiaro con quale aereo torner\u00e0.<\/p>\n<p><a href=\"https:\/\/www.dagospia.com\/media-gallery\/dago-fotogallery-521697\/2282739\" class=\"float-right img-wrapper\"><img decoding=\"async\" id=\"2282739\" loading=\"lazy\" src=\"https:\/\/static.dagospia.com\/img\/foto\/07-2026\/giorgia-meloni-antonio-tajani-2282739_800_q50.webp\"><span class=\"img-title\">Giorgia Meloni Antonio Tajani<\/span><\/a><a href=\"https:\/\/www.dagospia.com\/media-gallery\/dago-fotogallery-521697\/2300708\" class=\"float-right img-wrapper\"><img decoding=\"async\" id=\"2300708\" loading=\"lazy\" src=\"https:\/\/static.dagospia.com\/img\/foto\/08-2026\/alessandro-di-battista-e-il-pranzo-in-ospedale-a-cuba-2300708_800_q50.webp\"><span class=\"img-title\">ALESSANDRO DI BATTISTA E IL PRANZO IN OSPEDALE A CUBA<\/span><\/a><\/p>\n<\/div>\n<article><a href=\"https:\/\/www.dagospia.com\/politica\/quale-episodio-giulia-presutti-era-habitue-cefalu-bistro-dove-piu-e-485248\"><\/p>\n<div class=\"img-wrapper\"><img decoding=\"async\" src=\"https:\/\/static.dagospia.com\/img\/patch\/08-2026\/ranucci-presutti-cianfoni-floridia-2300757_600_q50.webp\" alt=\"ranucci presutti cianfoni floridia\" loading=\"lazy\"><time class=\"data-ora\">30 ago 19:14<\/time><\/div>\n<div class=\"excerpt\">\n<p>DAGOREPORT &#8211;<span>\u00a0MA QUALE &#8220;EPISODIO&#8221;! GIULIA PRESUTTI ERA UN HABITU\u00c8 DEL \u201cCEFAL\u00d9 BISTR\u00d2\u201d<\/span> DOVE PI\u00d9 VOLTE \u00c8 STATA VISTA INSIEME ALL\u2019AMICA LAURA CIANFONI, CHE A SUA VOLTA \u00c8 LEGATISSIMA A RANUCCI E CARISSIMA A LAVITOLA (COME \u00c8 TESTIMONIATO DALLE FOTO DI DAGOSPIA IN OCCASIONE DEL PREMIO COLALUCCI, SETTEMBRE 2020) &#8211; <span>NELLA DECISIONE DI SCEGLIERE GIULIA PRESUTTI, ACCREDITATA COME ESPRESSIONE DI M5S E AVS, <\/span>PER DARE UN CONTENTINO ALL\u2019OPPOSIZIONE, SAREBBE AVVENUTA UNA INTERLOCUZIONE TRA L\u2019AD RAI, GIAMPAOLO ROSSI, E L\u2019EX PRESIDENTE DELLA VIGILANZA RAI, LA GRILLINA BARBARA FLORIDIA, CHE AVREBBE DATO IL SUO PLACET &#8211; <span>ANCHE SULLA SCELTA DI PIERVINCENZI ALLA CONDUZIONE DI &#8220;REPORT&#8221;, CHE VA A BILANCIARE LA PRESUTTI DI SINISTRA, SI ADDENSANO ALCUNE DOMANDINE<\/span>: A PARTIRE DALLA PASSIONE PER IL RUGBY\u2026<\/p>\n<\/div>\n<p><\/a><\/article>\n<article><a href=\"https:\/\/www.dagospia.com\/politica\/risiko-s-ingrossa-l-apertura-assicurazioni-generali-valutare-l-offerta-484996\"><\/p>\n<div class=\"img-wrapper\"><img decoding=\"async\" src=\"https:\/\/static.dagospia.com\/img\/patch\/08-2026\/generali-philippe-donnet-luigi-lovaglio-carlo-messina-2292458_600_q50.webp\" alt=\"generali philippe donnet luigi lovaglio carlo messina \" loading=\"lazy\"><time class=\"data-ora\">27 ago 21:02<\/time><\/div>\n<div class=\"excerpt\">\n<p>DAGOREPORT &#8211; <span>IL RISIKO S&#8217;INGROSSA!<\/span> L\u2019APERTURA DI ASSICURAZIONI GENERALI A VALUTARE L&#8217;OFFERTA\u201d DI MPS PER L\u2019ACQUISIZIONE DI BANCA GENERALI, <span>\u00c8 UN GRAN PASSO AVANTI PER IL PIANO DI LOVAGLIO PER DISINNESCARE L\u2019OPAS SUL \u201cMONTE\u201d DI BANCA INTESA <\/span>&#8211; SECONDO PIAZZA AFFARI, L\u2019OPERAZIONE TRIESTE-SIENA POTREBBE AVERE DALLA SUA <span>L\u2019APPOGGIO DEI POTENTISSIMI FONDI DI INVESTIMENTO INTERNAZIONALI, TRA CUI BLACKROCK<\/span>, CHE HA PERALTRO IMPORTANTI INTERESSI NELLE BANCHE ITALIANE, TRA CUI INTESA &#8211; <span>ORA INIZIA UNA PARTITA APERTISSIMA DAL PUNTO DI VISTA FINANZIARIO, MA ANCHE DA QUELLO POLITICO:<\/span> IL 26 OTTOBRE\u00a0 L\u2019ASSEMBLEA STRAORDINARIA DI MPS SARA&#8217; CHIAMATA AD APPROVARE L&#8217;ACQUISIZIONE E TUTTO PUO&#8217; SUCCEDERE&#8230;<\/p>\n<\/div>\n<p><\/a><\/article>\n<article><a href=\"https:\/\/www.dagospia.com\/cronache\/voluto-trump-t-attacchi-scorta-i-leader-silicon-valley-484985\"><\/p>\n<div class=\"img-wrapper\"><img decoding=\"async\" src=\"https:\/\/static.dagospia.com\/img\/patch\/08-2026\/mark-zuckerberg-proteste-2299936_600_q50.webp\" alt=\"mark zuckerberg proteste \" loading=\"lazy\"><time class=\"data-ora\">27 ago 19:54<\/time><\/div>\n<div class=\"excerpt\">\n<p>HAI VOLUTO TRUMP? E ORA T\u2019ATTACCHI ALLA SCORTA! \u2013<span> I LEADER DELLA SILICON VALLEY SONO OSSESSIONATI DALLA LORO SICUREZZA, E SPENDONO VAGONATE DI DOLLARI IN PROTEZIONE, GUARDIE DEL CORPO, BUNKER. <\/span>COLPA DELLA SVOLTA TRUMPIANA E DELLA RIVOLUZIONE DELL\u2019ACCELERAZIONE INCONTROLLABILE DELL\u2019INTELLIGENZA ARTIFICIALE, CHE RISCHIA DI PRODURRE FOLLE DI DISOCCUPATI INCAZZATI PRONTI AD ASSALTARE, OLTRE AI DATA CENTER, I VILLONI DEI PAPERONI \u2013 <span>IL PI\u00d9 PARANOICO DI TUTTI? MARK ZUCKERBERG! META SPENDE OLTRE 25 MILIONI DI DOLLARI ALL\u2019ANNO ESCLUSIVAMENTE PER LA PROTEZIONE DEL SUO FONDATORE<\/span> \u2013 L\u2019OSSESSIONE DEI MILIARDARI PER BUNKER DI LUSSO, FORTEZZE SOTTERRANEE, RIFUGI IN NUOVA ZELANDA E HAWAII, CON INVESTIMENTI CHE OSCILLAVANO TRA I DIECI E I CINQUANTA MILIONI DI DOLLARI CIASCUNO&#8230;<\/p>\n<\/div>\n<p><\/a><\/article>\n<article><a href=\"https:\/\/www.dagospia.com\/politica\/flash-giorgia-meloni-manda-armi-sottobanco-all-ucraina-per-non-spaccare-484982\"><\/p>\n<div class=\"img-wrapper\"><img decoding=\"async\" src=\"https:\/\/static.dagospia.com\/img\/patch\/08-2026\/giorgia-meloni-volodymyr-zelensky-mario-draghi-2299913_600_q50.webp\" alt=\"giorgia meloni volodymyr zelensky mario draghi \" loading=\"lazy\"><time class=\"data-ora\">27 ago 17:21<\/time><\/div>\n<div class=\"excerpt\">\n<p>FLASH \u2013<span> GIORGIA MELONI MANDA LE ARMI SOTTOBANCO ALL\u2019UCRAINA PER NON SPACCARE LA SUA MAGGIORANZA. IL PRIMO A FARLO FU DRAGHI: <\/span>\u201cMARIOPIO\u201d NEL 2022 INTRODUSSE IL RICORSO A DECRETI INTERMINISTERIALI CON ELENCHI SECRETATI PER L&#8217;INVIO DI FORNITURE MILITARI ALL&#8217;UCRAINA. AVENDO COME AZIONISTI MAGGIORANZA I PUTINIANI DI LEGA\u00a0E MOVIMENTO 5 STELLE, L\u2019UNICO MODO PER MANDARE AVANTI LA BARACCA ERA \u201cNASCONDERE\u201d L\u2019INVIO DI ARMI\u2026<\/p>\n<\/div>\n<p><\/a><\/article>\n<article><a href=\"https:\/\/www.dagospia.com\/politica\/qual-era-scopo-blitz-capo-cia-mosca-i-beninformati-washington-484881\"><\/p>\n<div class=\"img-wrapper\"><img decoding=\"async\" src=\"https:\/\/static.dagospia.com\/img\/patch\/12-2025\/vladimir-putin-donald-trump-volodymyr-zelensky-2214409_600_q50.webp\" alt=\"vladimir putin donald trump volodymyr zelensky\" loading=\"lazy\"><time class=\"data-ora\">26 ago 20:31<\/time><\/div>\n<div class=\"excerpt\">\n<p>FLASH! \u2013 QUANDO LE COSE GIRANO SUL PEGGIO, INTERVENGONO I SERVIZI SEGRETI &#8211;\u00a0<span>IL BENINFORMATO\u00a0CAPO DELLA CIA,\u00a0JOHN RATCLIFFE, SAREBBE VOLATO A MOSCA,\u00a0<\/span>SECONDO RUMORS DI WASHINGTON, PER CONSEGNARE UN DURO AVVERTIMENTO ALLA CRICCA DI PUTIN, FINITA IN UN CUL DE SAC NEL CONFLITTO UCRAINO \u2013 <span>CARO VLADIMIR, UN&#8217;EVENTUALE ESCALATION CON USO DI ARMI NUCLEARI TATTICHE, CAPACI DI DISTRUGGERE KM DI TERRITORIO UCRAINO, \u00c8 UNA LINEA ASSOLUTAMENTE DA NON OLTREPASSARE<\/span>: GLI STATI UNITI NON STAREBBERO CON LE MANI IN MANO\u2026\u00a0<\/p>\n<\/div>\n<p><\/a><\/article>\n<article><a href=\"https:\/\/www.dagospia.com\/politica\/prossima-destinazione-enrico-mentana-padrone-supremo-tutta-l-informazione-484639\"><\/p>\n<div class=\"img-wrapper\"><img decoding=\"async\" src=\"https:\/\/static.dagospia.com\/img\/patch\/08-2026\/kyriakou-pier-silvio-berlusconi-enrico-mentana-crippa-fedele-confalonieri-medias-2298828_600_q50.webp\" alt=\"kyriakou pier silvio berlusconi enrico mentana crippa fedele confalonieri mediaset urbano cairo marina\" loading=\"lazy\"><time class=\"data-ora\">24 ago 19:47<\/time><\/div>\n<div class=\"excerpt\">\n<p>DAGOREPORT &#8211; RITORNA A CASA, LESSO! <span>SI ACCAVALLANO LE VOCI CHE LA PROSSIMA DESTINAZIONE DI ENRICO MENTANA SIA QUELLA DI PADRONE SUPREMO DI TUTTA L\u2019INFORMAZIONE MEDIASET<\/span> &#8211; RUOLO CHE DAL 1998 RICOPRE IL FEDELISSIMO \u201cFELDMARESCIALLO\u201d DI FEDELE CONFALONIERI, MAURO CRIPPA, ARTEFICE MAGICO DEL \u201cRETEQUATTRISMO\u201d DEI DEL DEBBIO-PORRO-GIORDANO-SALLUSTI CHE HA APPARECCHIATO L\u2019AVANZATA POPULISTA DI SALVINI E POI IL MELONISMO SENZA LIMITISMO &#8211; <span>CHE PIER SILVIO (E LA SORELLA SUPERIORE MARINA) ABBIA LE PALLE IN SATURAZIONE DEL \u201cCRIPPISMO ALLA FIAMMA\u201d <\/span>SI ERA BEN CAPITO DALLO SBARCO SU RETE4 DI BIANCA BERLINGUER, POI DI TOMMASO LABATE E INFINE DI MILO INFANTE CHE, OLTRE A CONDURRE DUE PROGRAMMI, E&#8217; NOMINATO CONDIRETTORE DELLA \u201cSTANZA DEI BOTTONI\u201d DEL CRIPPA-PENSIERO, VIDEONEWS &#8211; <span>L\u2019IPOTESI MENTANA \u00c8 STATA ACCOLTA DALLA CRICCA DI CRIPPA OVVIAMENTE MALE, MALISSIMO,<\/span> CONOSCENDO ALTRES\u00cc BENE IL CARATTERINO DI CHICCO. E GIRANO A MEZZA VOCE BATTUTINE DEL TIPO: <span>\u2018\u2019PIER SILVIO MANDA IN PENSIONE IL 67ENNE CRIPPA PER SOSTITUIRLO CON MENTANA, PENSIONATO DI 71 ANNI&#8230;\u2019\u2019<\/span><\/p>\n<\/div>\n<p><\/a><\/article>\n<article><a href=\"https:\/\/www.dagospia.com\/cronache\/come-sta-alessandro-battista-condizioni-salute-dell-ex-deputato-485182\"><\/p>\n<div class=\"img-wrapper\"><img decoding=\"async\" src=\"https:\/\/static.dagospia.com\/img\/patch\/08-2026\/di-battista-grillo-di-maio-alessandro-2300529_600_q50.webp\" alt=\"di battista grillo di maio alessandro\" loading=\"lazy\"><\/div>\n<div class=\"excerpt\">COME STA ALESSANDRO DI BATTISTA? &#8211; LE CONDIZIONI DI SALUTE DELL&#8217;EX DEPUTATO DEL MOVIMENTO 5 STELLE,\u2026<\/div>\n<p><\/a><\/article>\n<article><a href=\"https:\/\/www.dagospia.com\/media-tv\/milanospia-brumotti-meloni-pier-silvio-485225\"><\/p>\n<div class=\"img-wrapper\"><img decoding=\"async\" src=\"https:\/\/static.dagospia.com\/img\/patch\/08-2026\/milanospia-dandolo-2300670_600_q50.webp\" alt=\"milanospia dandolo\" loading=\"lazy\"><\/div>\n<div class=\"excerpt\">MILANOSPIA! DANDOLO: LA NUOVA PASSIONE TELEVISIVA DELLE SORELLE MELONI? VITTORIO BRUMOTTI &#8211; L&#8217;EX\u2026<\/div>\n<p><\/a><\/article>\n<article><a href=\"https:\/\/www.dagospia.com\/media-tv\/pillole-gossip-ilary-l-addio-nubilato-il-matrimonio-ilaria-cucchi-sarah-485235\"><\/p>\n<div class=\"img-wrapper\"><img decoding=\"async\" src=\"https:\/\/static.dagospia.com\/img\/patch\/08-2026\/pillole-avanti-gossip-2300709_600_q50.webp\" alt=\"pillole avanti gossip\" loading=\"lazy\"><\/div>\n<div class=\"excerpt\">PILLOLE DI GOSSIP! \u201cQUELLO CHE SUCCEDE A MAIORCA, RESTA A MAIORCA\u201d. ILARY, CHE SI SPOSER\u00c0 IL 13\u2026<\/div>\n<p><\/a><\/article>\n<article><a href=\"https:\/\/www.dagospia.com\/cronache\/clic-riconoscete-dalle-ciapett-marmo-mostrate-favor-fotocamera-484754\"><\/p>\n<div class=\"img-wrapper\"><img decoding=\"async\" src=\"https:\/\/static.dagospia.com\/img\/patch\/08-2026\/belen-foto-di-gente-2299178_600_q50.webp\" alt=\"belen - foto di gente\" loading=\"lazy\"><\/div>\n<div class=\"excerpt\">TUTTI AL MARE A MOSTRAR LE CHIAPPE CHIARE! &#8211; LA RICONOSCETE DALLE CIAPETT DI MARMO MOSTRATE A FAVOR\u2026<\/div>\n<p><\/a><\/article>\n<article><a href=\"https:\/\/www.dagospia.com\/politica\/quale-episodio-giulia-presutti-era-habitue-cefalu-bistro-dove-piu-e-485248\"><\/p>\n<div class=\"img-wrapper\"><img decoding=\"async\" src=\"https:\/\/static.dagospia.com\/img\/patch\/08-2026\/ranucci-presutti-cianfoni-floridia-2300757_600_q50.webp\" alt=\"ranucci presutti cianfoni floridia\" loading=\"lazy\"><\/div>\n<div class=\"excerpt\">DAGOREPORT &#8211;\u00a0MA QUALE &#8220;EPISODIO&#8221;! GIULIA PRESUTTI ERA UN HABITU\u00c8 DEL \u201cCEFAL\u00d9 BISTR\u00d2\u201d DOVE PI\u00d9 VOLTE\u2026<\/div>\n<p><\/a><\/article>\n<article><a href=\"https:\/\/www.dagospia.com\/politica\/risiko-s-ingrossa-l-apertura-assicurazioni-generali-valutare-l-offerta-484996\"><\/p>\n<div class=\"img-wrapper\"><img decoding=\"async\" src=\"https:\/\/static.dagospia.com\/img\/patch\/08-2026\/generali-philippe-donnet-luigi-lovaglio-carlo-messina-2292458_600_q50.webp\" alt=\"generali philippe donnet luigi lovaglio carlo messina \" loading=\"lazy\"><\/div>\n<div class=\"excerpt\">DAGOREPORT &#8211; IL RISIKO S&#8217;INGROSSA! L\u2019APERTURA DI ASSICURAZIONI GENERALI A VALUTARE L&#8217;OFFERTA\u201d DI\u2026<\/div>\n<p><\/a><\/article>\n<article><a href=\"https:\/\/www.dagospia.com\/cronache\/voluto-trump-t-attacchi-scorta-i-leader-silicon-valley-484985\"><\/p>\n<div class=\"img-wrapper\"><img decoding=\"async\" src=\"https:\/\/static.dagospia.com\/img\/patch\/08-2026\/mark-zuckerberg-proteste-2299936_600_q50.webp\" alt=\"mark zuckerberg proteste \" loading=\"lazy\"><\/div>\n<div class=\"excerpt\">HAI VOLUTO TRUMP? E ORA T\u2019ATTACCHI ALLA SCORTA! \u2013 I LEADER DELLA SILICON VALLEY SONO OSSESSIONATI\u2026<\/div>\n<p><\/a><\/article>\n<article><a href=\"https:\/\/www.dagospia.com\/politica\/flash-giorgia-meloni-manda-armi-sottobanco-all-ucraina-per-non-spaccare-484982\"><\/p>\n<div class=\"img-wrapper\"><img decoding=\"async\" src=\"https:\/\/static.dagospia.com\/img\/patch\/08-2026\/giorgia-meloni-volodymyr-zelensky-mario-draghi-2299913_600_q50.webp\" alt=\"giorgia meloni volodymyr zelensky mario draghi \" loading=\"lazy\"><\/div>\n<div class=\"excerpt\">FLASH \u2013 GIORGIA MELONI MANDA LE ARMI SOTTOBANCO ALL\u2019UCRAINA PER NON SPACCARE LA SUA MAGGIORANZA. IL\u2026<\/div>\n<p><\/a><\/article>\n<article><a href=\"https:\/\/www.dagospia.com\/politica\/qual-era-scopo-blitz-capo-cia-mosca-i-beninformati-washington-484881\"><\/p>\n<div class=\"img-wrapper\"><img decoding=\"async\" src=\"https:\/\/static.dagospia.com\/img\/patch\/12-2025\/vladimir-putin-donald-trump-volodymyr-zelensky-2214409_600_q50.webp\" alt=\"vladimir putin donald trump volodymyr zelensky\" loading=\"lazy\"><\/div>\n<div class=\"excerpt\">FLASH! \u2013 QUANDO LE COSE GIRANO SUL PEGGIO, INTERVENGONO I SERVIZI SEGRETI &#8211;\u00a0IL BENINFORMATO\u00a0CAPO\u2026<\/div>\n<p><\/a><\/article>\n<article><a href=\"https:\/\/www.dagospia.com\/politica\/prossima-destinazione-enrico-mentana-padrone-supremo-tutta-l-informazione-484639\"><\/p>\n<div class=\"img-wrapper\"><img decoding=\"async\" src=\"https:\/\/static.dagospia.com\/img\/patch\/08-2026\/kyriakou-pier-silvio-berlusconi-enrico-mentana-crippa-fedele-confalonieri-medias-2298828_600_q50.webp\" alt=\"kyriakou pier silvio berlusconi enrico mentana crippa fedele confalonieri mediaset urbano cairo marina\" loading=\"lazy\"><\/div>\n<div class=\"excerpt\">DAGOREPORT &#8211; RITORNA A CASA, LESSO! SI ACCAVALLANO LE VOCI CHE LA PROSSIMA DESTINAZIONE DI ENRICO\u2026<\/div>\n<p><\/a><\/article>\n<article><a href=\"https:\/\/www.dagospia.com\/media-tv\/martedi-prossimo-calera-sipario-ranucci-ottobre-quando-ritornera-in-onda-484460\"><\/p>\n<div class=\"img-wrapper\"><img decoding=\"async\" src=\"https:\/\/static.dagospia.com\/img\/patch\/07-2026\/sigfrido-ranucci-valter-lavitola-giampaolo-rossi-2287105_600_q50.webp\" alt=\"sigfrido ranucci valter lavitola giampaolo rossi \" loading=\"lazy\"><\/div>\n<div class=\"excerpt\">DAGOREPORT &#8211;\u00a0MARTED\u00cc PROSSIMO CALER\u00c0 IL SIPARIO SU RANUCCI: A OTTOBRE, QUANDO RITORNER\u00c0 IN ONDA\u2026<\/div>\n<p><\/a><\/article>\n<article><a href=\"https:\/\/www.dagospia.com\/politica\/dagoreport-come-si-arriva-clamoroso-scazzo-diplomatico-l-etiopia-bisogna-484514\"><\/p>\n<div class=\"img-wrapper\"><img decoding=\"async\" src=\"https:\/\/static.dagospia.com\/img\/patch\/08-2026\/giorgia-meloni-e-primo-ministro-etiope-abiy-ahmed-sem-fabrizi-2298489_600_q50.webp\" alt=\"giorgia meloni e primo ministro etiope abiy ahmed sem fabrizi\" loading=\"lazy\"><\/div>\n<div class=\"excerpt\">DAGOREPORT \u2013 COME SI \u00c8 ARRIVATI AL CLAMOROSO SCAZZO DIPLOMATICO CON L\u2019ETIOPIA? BISOGNA TORNARE AL\u2026<\/div>\n<p><\/a><\/article>\n<article><a href=\"https:\/\/www.dagospia.com\/politica\/flash-in-pochi-sottolineano-quali-gli-unici-grandi-paesi-dell-ue-non-484512\"><\/p>\n<div class=\"img-wrapper\"><img decoding=\"async\" src=\"https:\/\/static.dagospia.com\/img\/patch\/08-2026\/ceuta-migranti-spagna-francia-pedro-sanchez-giorgia-meloni-emmanuel-macron-2291912_600_q50.webp\" alt=\"ceuta migranti spagna francia pedro sanchez giorgia meloni emmanuel macron\" loading=\"lazy\"><\/div>\n<div class=\"excerpt\">FLASH \u2013 IN POCHI SOTTOLINEANO QUALI SONO GLI UNICI DUE GRANDI PAESI DELL\u2019UE A NON ACCODARSI AI\u2026<\/div>\n<p><\/a><\/article>\n<article><a href=\"https:\/\/www.dagospia.com\/politica\/lega-e-resa-dei-conti-forza-italia-non-sta-messa-benissimo-484219\"><\/p>\n<div class=\"img-wrapper\"><img decoding=\"async\" src=\"https:\/\/static.dagospia.com\/img\/patch\/08-2026\/giorgia-meloni-antonio-tajani-matteo-salvini-2297713_600_q50.webp\" alt=\"giorgia meloni antonio tajani matteo salvini \" loading=\"lazy\"><\/div>\n<div class=\"excerpt\">DAGOREPORT \u2013 I FRANCHI-TIRATORI PER IL \u201cMELONELLUM\u201d INIZIANO A ESSERE TANTI, FORSE TROPPI \u2013 SE LA\u2026<\/div>\n<p><\/a><\/article>\n<article><a href=\"https:\/\/www.dagospia.com\/cafonal\/cafonalino-roma-proiezione-documentario-marco-bellocchio-marco-travaglio-485081\"><\/p>\n<div class=\"img-wrapper\"><img decoding=\"async\" src=\"https:\/\/static.dagospia.com\/img\/patch\/08-2026\/2026bellocchio-anteprima-film-di-marco-bellocchio-2300339_600_q50.webp\" alt=\"2026bellocchio anteprima film di marco bellocchio\" loading=\"lazy\"><\/div>\n<div class=\"excerpt\">CAFONALINO! AL CINEMA QUATTRO FONTANE DI ROMA LA PROIEZIONE SPECIALE DEL DOCUMENTARIO \u201cMARCO\u2026<\/div>\n<p><\/a><\/article>\n<article><a href=\"https:\/\/www.dagospia.com\/cafonal\/cafonal-show-ranucci-cerveteri-freni-ho-fatto-scoop-nazionali-484807\"><\/p>\n<div class=\"img-wrapper\"><img decoding=\"async\" src=\"https:\/\/static.dagospia.com\/img\/patch\/08-2026\/2026ranucci-sigfrido-ranucci-2299409_600_q50.webp\" alt=\"2026ranucci sigfrido ranucci\" loading=\"lazy\"><\/div>\n<div class=\"excerpt\">SIGFRIDO, IL MASANIELLO DE NOANTRI \u2013 RANUCCI HA PERSO OGNI FRENO E, ALLA PRESENTAZIONE DEL SUO\u2026<\/div>\n<p><\/a><\/article>\n<article><a href=\"https:\/\/www.dagospia.com\/cafonal\/funeralino-l-ultimo-saluto-mitico-produttore-cinematografico-fulvio-484127\"><\/p>\n<div class=\"img-wrapper\"><img decoding=\"async\" src=\"https:\/\/static.dagospia.com\/img\/patch\/08-2026\/2026lucisano-2297424_600_q50.webp\" alt=\"2026lucisano\" loading=\"lazy\"><\/div>\n<div class=\"excerpt\">FUNERALINO \u2013 NELLA CALLARA ROMANA D\u2019AGOSTO, L\u2019ULTIMO SALUTO AL MITICO PRODUTTORE CINEMATOGRAFICO\u2026<\/div>\n<p><\/a><\/article>\n<article><a href=\"https:\/\/www.dagospia.com\/cafonal\/cafonalino-pizza-riformista-matteo-renzi-raduna-i-suoi-prima-delle-480816\"><\/p>\n<div class=\"img-wrapper\"><img decoding=\"async\" src=\"https:\/\/static.dagospia.com\/img\/patch\/07-2026\/2026kraken-matteo-renzi-2286047_600_q50.webp\" alt=\"2026kraken matteo renzi \" loading=\"lazy\"><\/div>\n<div class=\"excerpt\">CAFONALINO DELLA PIZZA RIFORMISTA \u2013 RENZI RADUNA I SUOI PRIMA DELLE VACANZE ESTIVE AL SATYRUS DI\u2026<\/div>\n<p><\/a><\/article>\n<article><a href=\"https:\/\/www.dagospia.com\/cafonal\/cafonalino-moreno-party-roma-manuela-moreno-festeggia-i-60-anni-480777\"><\/p>\n<div class=\"img-wrapper\"><img decoding=\"async\" src=\"https:\/\/static.dagospia.com\/img\/patch\/07-2026\/manuela-moreno-festa-60-anni-2285871_600_q50.webp\" alt=\"manuela moreno festa 60 anni \" loading=\"lazy\"><\/div>\n<div class=\"excerpt\">CAFONALINO! NO MORENO, NO PARTY \u2013 A ROMA, AL LOVE BAR DI PONTE MILVIO, MANUELA MORENO, CONDUTTRICE\u2026<\/div>\n<p><\/a><\/article>\n<article><a href=\"https:\/\/www.dagospia.com\/cafonal\/cafonalino-firenze-tevere-direttori-redattori-forchettoni-scrocconi-480745\"><\/p>\n<div class=\"img-wrapper\"><img decoding=\"async\" src=\"https:\/\/static.dagospia.com\/img\/patch\/07-2026\/2026agno-marco-agnoletti-2285763_600_q50.webp\" alt=\"2026agno marco agnoletti \" loading=\"lazy\"><\/div>\n<div class=\"excerpt\">CAFONALINO DEGLI AGNOLETTI IN BRODO &#8211; DIRETTORI, REDATTORI, FORCHETTONI E SCROCCONI SFIDANO\u2026<\/div>\n<p><\/a><\/article>\n<p>[analyse_source url=&#8221;https:\/\/www.dagospia.com\/cronache\/dramma-battista-diventa-caso-politico-caso-volo-sanitario-messo-485270&#8243;]<\/p>\n","protected":false},"excerpt":{"rendered":"<p>[analyse_image type=&#8221;featured&#8221; src=&#8221;https:\/\/static.dagospia.com\/img\/patch\/08-2026\/alessandro-di-battista-giorgia-meloni-antonio-tajani-2300812_600_q50.webp&#8221;] 31 ago 2026 10:12 IL DRAMMA DI DI BATTISTA DIVENTA UN CASO POLITICO \u2013 NEL GOVERNO SONO ENTRATI IN ALLARME PER LE POLEMICHE SUL POSSIBILE VOLO DI STATO ORGANIZZATO PER RIPORTARE IN ITALIA L\u2019EX DEPUTATO DEL M5S, RICOVERATO A CUBA IN GRAVI CONDIZIONI. PALAZZO CHIGI SI AFFRETTA A FAR SAPERE CHE L\u2019AEREO [&hellip;]<\/p>\n","protected":false},"author":1,"featured_media":0,"comment_status":"open","ping_status":"","sticky":false,"template":"","format":"standard","meta":{"footnotes":""},"categories":[87],"tags":[226,149],"class_list":["post-2120353","post","type-post","status-publish","format-standard","hentry","category-italy","tag-crawlmanager","tag-dagospia-com"],"_links":{"self":[{"href":"https:\/\/analyse.optim.biz\/index.php?rest_route=\/wp\/v2\/posts\/2120353","targetHints":{"allow":["GET"]}}],"collection":[{"href":"https:\/\/analyse.optim.biz\/index.php?rest_route=\/wp\/v2\/posts"}],"about":[{"href":"https:\/\/analyse.optim.biz\/index.php?rest_route=\/wp\/v2\/types\/post"}],"author":[{"embeddable":true,"href":"https:\/\/analyse.optim.biz\/index.php?rest_route=\/wp\/v2\/users\/1"}],"replies":[{"embeddable":true,"href":"https:\/\/analyse.optim.biz\/index.php?rest_route=%2Fwp%2Fv2%2Fcomments&post=2120353"}],"version-history":[{"count":0,"href":"https:\/\/analyse.optim.biz\/index.php?rest_route=\/wp\/v2\/posts\/2120353\/revisions"}],"wp:attachment":[{"href":"https:\/\/analyse.optim.biz\/index.php?rest_route=%2Fwp%2Fv2%2Fmedia&parent=2120353"}],"wp:term":[{"taxonomy":"category","embeddable":true,"href":"https:\/\/analyse.optim.biz\/index.php?rest_route=%2Fwp%2Fv2%2Fcategories&post=2120353"},{"taxonomy":"post_tag","embeddable":true,"href":"https:\/\/analyse.optim.biz\/index.php?rest_route=%2Fwp%2Fv2%2Ftags&post=2120353"}],"curies":[{"name":"wp","href":"https:\/\/api.w.org\/{rel}","templated":true}]}}