{"id":2120351,"date":"2026-08-31T12:01:11","date_gmt":"2026-08-31T09:01:11","guid":{"rendered":"https:\/\/analyse.optim.biz\/?p=2120351"},"modified":"2026-08-31T12:01:11","modified_gmt":"2026-08-31T09:01:11","slug":"agenda-bogata-in-evenimente-la-inceput-de-toamna-de-la-festivalul-simfonii-de-toamna-la-festivalul-fructelor-de-padure","status":"publish","type":"post","link":"https:\/\/analyse.optim.biz\/?p=2120351","title":{"rendered":"Agend\u0103 bogat\u0103 \u00een evenimente la \u00eenceput de toamn\u0103. De la Festivalul \u201dSimfonii de Toamn\u0103\u201d la Festivalul Fructelor de P\u0103dure"},"content":{"rendered":"<p>[analyse_image type=&#8221;featured&#8221; src=&#8221;https:\/\/img.svnews.ro\/foto\/2026\/08\/31\/557067\/3ab370e4674c84d2d64112a76.jpg&#8221;]<\/p>\n<div class=\"entry\"><img loading=\"lazy\" decoding=\"async\" width=\"650\" height=\"325\" src=\"https:\/\/img.svnews.ro\/foto\/2026\/08\/31\/557067\/3ab370e4674c84d2d64112a7606500325.jpg\" alt><\/p>\n<div class=\"entry_content\">\n<p>Consiliul Jude\u021bean Suceava le propune sucevenilor \u0219i turi\u0219tilor o nou\u0103 agend\u0103 s\u0103pt\u0103m\u00e2nal\u0103, care reune\u0219te evenimente organizate de institu\u021biile sale, ac\u021biuni derulate \u00een parteneriat \u0219i proiecte sprijinite de administra\u021bia jude\u021bean\u0103.<\/p>\n<p>Luni, 31 august<\/p>\n<p>\ud83d\udcda Ziua Limbii Rom\u00e2ne \u2013 \u201ec\u00e2nd cuv\u00e2ntul se rostuie\u0219te-n carte\u201d<\/p>\n<p>\ud83d\udccd Sala Unirii, Palatul Administrativ Suceava<\/p>\n<p>\ud83d\udd53 Ora 16:00<\/p>\n<p>Ziua Limbii Rom\u00e2ne va fi marcat\u0103 la Suceava printr-o \u00eent\u00e2lnire cu scriitori, prezent\u0103ri de carte \u0219i recitaluri de muzic\u0103 \u0219i poezie. Evenimentul este organizat de Biblioteca Bucovinei \u201eI.G. Sbiera\u201d Suceava, institu\u021bie aflat\u0103 \u00een subordinea Consiliului Jude\u021bean Suceava, \u00een colaborare cu Societatea Scriitorilor Bucovineni, Asocia\u021bia Cultural\u0103 \u201eNicolae B\u0103ciu\u021b\u201d T\u00e2rgu Mure\u0219 \u0219i Liga Pensionarilor Mure\u0219.<\/p>\n<p>Joi, 3 septembrie<\/p>\n<p>\ud83c\udfa8 \u201eGeometrii de toamn\u0103\u201d \u2013 expozi\u021bie aniversar\u0103 Radu Bercea<\/p>\n<p>\ud83d\udccd Galeria de Art\u0103 a Centrului Cultural \u201eBucovina\u201d<\/p>\n<p>\ud83d\udd51 Ora 14:00<\/p>\n<p>Galeria de Art\u0103 g\u0103zduie\u0219te o nou\u0103 expozi\u021bie dedicat\u0103 arti\u0219tilor plastici, de aceast\u0103 dat\u0103 o expozi\u021bie aniversar\u0103 a artistului Radu Bercea. Evenimentul este organizat de Centrul Cultural \u201eBucovina\u201d, institu\u021bie aflat\u0103 \u00een subordinea Consiliului Jude\u021bean Suceava.<\/p>\n<p>\u00a0<\/p>\n<p>Vineri, 4 septembrie<\/p>\n<p>\ud83d\udcf7 \u201ePove\u0219tile fascinante ale Chinei\u201d<\/p>\n<p>\ud83d\udccd Muzeul de Istorie Suceava<\/p>\n<p>\ud83d\udd55 Vernisaj: ora 18:00<\/p>\n<p>O c\u0103l\u0103torie fotografic\u0103 de-a lungul \u0219oselei G219, un traseu de aproximativ 10.000 de kilometri care str\u0103bate unele dintre cele mai spectaculoase regiuni ale Chinei. Expozi\u021bia reune\u0219te 50 de fotografii cu peisaje din Guangxi, Yunnan, Tibet \u0219i Xinjiang, iar la vernisaj va fi prezent \u0219i autorul imaginilor, Yu Lap Tang. Expozi\u021bia este organizat\u0103 de Muzeul Na\u021bional al Bucovinei, institu\u021bie aflat\u0103 \u00een subordinea Consiliului Jude\u021bean Suceava, \u0219i va putea fi vizitat\u0103 p\u00e2n\u0103 pe 25 octombrie.<\/p>\n<p>4\u20135 septembrie<\/p>\n<p>\ud83c\udfbc Festivalul \u201eSimfonii de Toamn\u0103\u201d \u2013 edi\u021bia a XIII-a<\/p>\n<p>\ud83d\udccd Esplanada Casei de Cultur\u0103 Suceava<\/p>\n<p>Pentru prima dat\u0103, \u201eSimfonii de Toamn\u0103\u201d se desf\u0103\u0219oar\u0103 pe parcursul a dou\u0103 seri, cu dou\u0103 nume importante pe scena din centrul Sucevei.<\/p>\n<p>\ud83c\udfb6 4 septembrie \u2013 Angela Gheorghiu, acompaniat\u0103 de Orchestra Operei Na\u021bionale Rom\u00e2ne Ia\u0219i, sub bagheta dirijorului Ciprian Teodora\u0219cu.<\/p>\n<p>\ud83c\udfb6 5 septembrie \u2013 Edward Maya, cu proiectul \u201eHYPERBOREA\u201d, un spectacol care \u00eembin\u0103 muzica electronic\u0103 \u0219i orchestra\u021bia cinematic\u0103.<\/p>\n<p>Festivalul este organizat de Rotary Club Suceava-Bucovina \u0219i KIMARO Entertainment, cu sprijinul Consiliului Jude\u021bean Suceava \u0219i al Prim\u0103riei Municipiului Suceava.<\/p>\n<p>\u00a0<\/p>\n<p>S\u00e2mb\u0103t\u0103, 5 septembrie<\/p>\n<p>\ud83c\udfa4 Festivalul-Concurs Interjude\u021bean de Interpretare a C\u00e2ntecului Popular \u201eMaria Surpat \u2013 Mina P\u00e2slaru\u201d<\/p>\n<p>\ud83d\udccd C\u0103minul Cultural Sadova<\/p>\n<p>Festivalul este dedicat memoriei celor dou\u0103 cunoscute interprete ale c\u00e2ntecului popular bucovinean, Maria Surpat \u0219i Mina P\u00e2slaru, ambele str\u00e2ns legate de comuna Sadova. Concursul are dou\u0103 sec\u021biuni: una dedicat\u0103 tinerilor interpre\u021bi cu v\u00e2rste \u00eentre 10 \u0219i 17 ani, iar cea de-a doua celor cu v\u00e2rste \u00eentre 18 \u0219i 35 de ani.<\/p>\n<p>Evenimentul este organizat de Prim\u0103ria \u0219i Consiliul Local Sadova, cu sprijinul Consiliului Jude\u021bean Suceava, prin Centrul Cultural \u201eBucovina\u201d.<\/p>\n<p>Duminic\u0103, 6 septembrie<\/p>\n<p>\ud83c\udfb6 Spectacol al Ansamblului Artistic Profesionist \u201eCiprian Porumbescu\u201d<\/p>\n<p>\ud83d\udccd Co\u0219na<\/p>\n<p>\ud83d\udd53 Ora 16:00<\/p>\n<p>Ansamblul Artistic Profesionist \u201eCiprian Porumbescu\u201d, al\u0103turi de colaboratorii s\u0103i, va sus\u021bine un spectacol de folclor \u00een cadrul Festivalului Fructelor de P\u0103dure, edi\u021bia a XIX-a. Evenimentul este organizat de Prim\u0103ria \u0219i Consiliul Local Co\u0219na.<\/p>\n<p>Expozi\u021bii deschise la Muzeul de Istorie<\/p>\n<p>\u00cen aceast\u0103 s\u0103pt\u0103m\u00e2n\u0103 pot fi vizitate \u0219i:<\/p>\n<p>\u25aa\ufe0f \u201ePatrimonii Culturale Vizibile: Costume Tradi\u021bionale din Rom\u00e2nia \u0219i Japonia\u201d \u2013 p\u00e2n\u0103 la 4 octombrie;<\/p>\n<p>\u25aa\ufe0f \u201eModa la Por\u021bile Levantului\u201d \u2013 p\u00e2n\u0103 la 4 octombrie.<\/p>\n<p>\ud83d\udd59 Program de vizitare: 10:00\u201318:00.<\/p>\n<p>\u2139\ufe0f Programul evenimentelor poate suferi modific\u0103ri. Pentru informa\u021bii actualizate, v\u0103 recomand\u0103m s\u0103 consulta\u021bi paginile oficiale ale organizat<\/p>\n<\/div>\n<div>\n<div>VN:F [1.9.22_1171]<\/div>\n<div class=\"ratingblock \">\n<div class=\"ratingstars \">\n<div id=\"article_loader_557067\" class=\"ratingloaderarticle\">\n<div class=\"loader arrows \">\n<div class=\"loaderinner\">se actualizeaz\u0103&#8230;<\/div>\n<\/div>\n<\/div>\n<\/div>\n<div class=\"ratingtext \">\n<div id=\"gdr_text_a557067\">Rating: 0.0\/<strong>10<\/strong> (0 votes cast)<\/div>\n<\/div>\n<\/div>\n<\/div>\n<\/div>\n<div class=\"entry_content\">\n<p>Consiliul Jude\u021bean Suceava le propune sucevenilor \u0219i turi\u0219tilor o nou\u0103 agend\u0103 s\u0103pt\u0103m\u00e2nal\u0103, care reune\u0219te evenimente organizate de institu\u021biile sale, ac\u021biuni derulate \u00een parteneriat \u0219i proiecte sprijinite de administra\u021bia jude\u021bean\u0103.<\/p>\n<p>Luni, 31 august<\/p>\n<p>\ud83d\udcda Ziua Limbii Rom\u00e2ne \u2013 \u201ec\u00e2nd cuv\u00e2ntul se rostuie\u0219te-n carte\u201d<\/p>\n<p>\ud83d\udccd Sala Unirii, Palatul Administrativ Suceava<\/p>\n<p>\ud83d\udd53 Ora 16:00<\/p>\n<p>Ziua Limbii Rom\u00e2ne va fi marcat\u0103 la Suceava printr-o \u00eent\u00e2lnire cu scriitori, prezent\u0103ri de carte \u0219i recitaluri de muzic\u0103 \u0219i poezie. Evenimentul este organizat de Biblioteca Bucovinei \u201eI.G. Sbiera\u201d Suceava, institu\u021bie aflat\u0103 \u00een subordinea Consiliului Jude\u021bean Suceava, \u00een colaborare cu Societatea Scriitorilor Bucovineni, Asocia\u021bia Cultural\u0103 \u201eNicolae B\u0103ciu\u021b\u201d T\u00e2rgu Mure\u0219 \u0219i Liga Pensionarilor Mure\u0219.<\/p>\n<p>Joi, 3 septembrie<\/p>\n<p>\ud83c\udfa8 \u201eGeometrii de toamn\u0103\u201d \u2013 expozi\u021bie aniversar\u0103 Radu Bercea<\/p>\n<p>\ud83d\udccd Galeria de Art\u0103 a Centrului Cultural \u201eBucovina\u201d<\/p>\n<p>\ud83d\udd51 Ora 14:00<\/p>\n<p>Galeria de Art\u0103 g\u0103zduie\u0219te o nou\u0103 expozi\u021bie dedicat\u0103 arti\u0219tilor plastici, de aceast\u0103 dat\u0103 o expozi\u021bie aniversar\u0103 a artistului Radu Bercea. Evenimentul este organizat de Centrul Cultural \u201eBucovina\u201d, institu\u021bie aflat\u0103 \u00een subordinea Consiliului Jude\u021bean Suceava.<\/p>\n<p>\u00a0<\/p>\n<p>Vineri, 4 septembrie<\/p>\n<p>\ud83d\udcf7 \u201ePove\u0219tile fascinante ale Chinei\u201d<\/p>\n<p>\ud83d\udccd Muzeul de Istorie Suceava<\/p>\n<p>\ud83d\udd55 Vernisaj: ora 18:00<\/p>\n<p>O c\u0103l\u0103torie fotografic\u0103 de-a lungul \u0219oselei G219, un traseu de aproximativ 10.000 de kilometri care str\u0103bate unele dintre cele mai spectaculoase regiuni ale Chinei. Expozi\u021bia reune\u0219te 50 de fotografii cu peisaje din Guangxi, Yunnan, Tibet \u0219i Xinjiang, iar la vernisaj va fi prezent \u0219i autorul imaginilor, Yu Lap Tang. Expozi\u021bia este organizat\u0103 de Muzeul Na\u021bional al Bucovinei, institu\u021bie aflat\u0103 \u00een subordinea Consiliului Jude\u021bean Suceava, \u0219i va putea fi vizitat\u0103 p\u00e2n\u0103 pe 25 octombrie.<\/p>\n<p>4\u20135 septembrie<\/p>\n<p>\ud83c\udfbc Festivalul \u201eSimfonii de Toamn\u0103\u201d \u2013 edi\u021bia a XIII-a<\/p>\n<p>\ud83d\udccd Esplanada Casei de Cultur\u0103 Suceava<\/p>\n<p>Pentru prima dat\u0103, \u201eSimfonii de Toamn\u0103\u201d se desf\u0103\u0219oar\u0103 pe parcursul a dou\u0103 seri, cu dou\u0103 nume importante pe scena din centrul Sucevei.<\/p>\n<p>\ud83c\udfb6 4 septembrie \u2013 Angela Gheorghiu, acompaniat\u0103 de Orchestra Operei Na\u021bionale Rom\u00e2ne Ia\u0219i, sub bagheta dirijorului Ciprian Teodora\u0219cu.<\/p>\n<p>\ud83c\udfb6 5 septembrie \u2013 Edward Maya, cu proiectul \u201eHYPERBOREA\u201d, un spectacol care \u00eembin\u0103 muzica electronic\u0103 \u0219i orchestra\u021bia cinematic\u0103.<\/p>\n<p>Festivalul este organizat de Rotary Club Suceava-Bucovina \u0219i KIMARO Entertainment, cu sprijinul Consiliului Jude\u021bean Suceava \u0219i al Prim\u0103riei Municipiului Suceava.<\/p>\n<p>\u00a0<\/p>\n<p>S\u00e2mb\u0103t\u0103, 5 septembrie<\/p>\n<p>\ud83c\udfa4 Festivalul-Concurs Interjude\u021bean de Interpretare a C\u00e2ntecului Popular \u201eMaria Surpat \u2013 Mina P\u00e2slaru\u201d<\/p>\n<p>\ud83d\udccd C\u0103minul Cultural Sadova<\/p>\n<p>Festivalul este dedicat memoriei celor dou\u0103 cunoscute interprete ale c\u00e2ntecului popular bucovinean, Maria Surpat \u0219i Mina P\u00e2slaru, ambele str\u00e2ns legate de comuna Sadova. Concursul are dou\u0103 sec\u021biuni: una dedicat\u0103 tinerilor interpre\u021bi cu v\u00e2rste \u00eentre 10 \u0219i 17 ani, iar cea de-a doua celor cu v\u00e2rste \u00eentre 18 \u0219i 35 de ani.<\/p>\n<p>Evenimentul este organizat de Prim\u0103ria \u0219i Consiliul Local Sadova, cu sprijinul Consiliului Jude\u021bean Suceava, prin Centrul Cultural \u201eBucovina\u201d.<\/p>\n<p>Duminic\u0103, 6 septembrie<\/p>\n<p>\ud83c\udfb6 Spectacol al Ansamblului Artistic Profesionist \u201eCiprian Porumbescu\u201d<\/p>\n<p>\ud83d\udccd Co\u0219na<\/p>\n<p>\ud83d\udd53 Ora 16:00<\/p>\n<p>Ansamblul Artistic Profesionist \u201eCiprian Porumbescu\u201d, al\u0103turi de colaboratorii s\u0103i, va sus\u021bine un spectacol de folclor \u00een cadrul Festivalului Fructelor de P\u0103dure, edi\u021bia a XIX-a. Evenimentul este organizat de Prim\u0103ria \u0219i Consiliul Local Co\u0219na.<\/p>\n<p>Expozi\u021bii deschise la Muzeul de Istorie<\/p>\n<p>\u00cen aceast\u0103 s\u0103pt\u0103m\u00e2n\u0103 pot fi vizitate \u0219i:<\/p>\n<p>\u25aa\ufe0f \u201ePatrimonii Culturale Vizibile: Costume Tradi\u021bionale din Rom\u00e2nia \u0219i Japonia\u201d \u2013 p\u00e2n\u0103 la 4 octombrie;<\/p>\n<p>\u25aa\ufe0f \u201eModa la Por\u021bile Levantului\u201d \u2013 p\u00e2n\u0103 la 4 octombrie.<\/p>\n<p>\ud83d\udd59 Program de vizitare: 10:00\u201318:00.<\/p>\n<p>\u2139\ufe0f Programul evenimentelor poate suferi modific\u0103ri. Pentru informa\u021bii actualizate, v\u0103 recomand\u0103m s\u0103 consulta\u021bi paginile oficiale ale organizat<\/p>\n<\/div>\n<p>[analyse_source url=&#8221;https:\/\/www.svnews.ro\/agenda-bogata-in-evenimente-la-inceput-de-toamna-de-la-festivalul-simfonii-de-toamna-la-festivalul-fructelor-de-padure\/557067\/&#8221;]<\/p>\n","protected":false},"excerpt":{"rendered":"<p>[analyse_image type=&#8221;featured&#8221; src=&#8221;https:\/\/img.svnews.ro\/foto\/2026\/08\/31\/557067\/3ab370e4674c84d2d64112a76.jpg&#8221;] Consiliul Jude\u021bean Suceava le propune sucevenilor \u0219i turi\u0219tilor o nou\u0103 agend\u0103 s\u0103pt\u0103m\u00e2nal\u0103, care reune\u0219te evenimente organizate de institu\u021biile sale, ac\u021biuni derulate \u00een parteneriat \u0219i proiecte sprijinite de administra\u021bia jude\u021bean\u0103. Luni, 31 august \ud83d\udcda Ziua Limbii Rom\u00e2ne \u2013 \u201ec\u00e2nd cuv\u00e2ntul se rostuie\u0219te-n carte\u201d \ud83d\udccd Sala Unirii, Palatul Administrativ Suceava \ud83d\udd53 Ora 16:00 Ziua [&hellip;]<\/p>\n","protected":false},"author":1,"featured_media":0,"comment_status":"open","ping_status":"","sticky":false,"template":"","format":"standard","meta":{"footnotes":""},"categories":[89],"tags":[226,175],"class_list":["post-2120351","post","type-post","status-publish","format-standard","hentry","category-romania","tag-crawlmanager","tag-svnews-ro"],"_links":{"self":[{"href":"https:\/\/analyse.optim.biz\/index.php?rest_route=\/wp\/v2\/posts\/2120351","targetHints":{"allow":["GET"]}}],"collection":[{"href":"https:\/\/analyse.optim.biz\/index.php?rest_route=\/wp\/v2\/posts"}],"about":[{"href":"https:\/\/analyse.optim.biz\/index.php?rest_route=\/wp\/v2\/types\/post"}],"author":[{"embeddable":true,"href":"https:\/\/analyse.optim.biz\/index.php?rest_route=\/wp\/v2\/users\/1"}],"replies":[{"embeddable":true,"href":"https:\/\/analyse.optim.biz\/index.php?rest_route=%2Fwp%2Fv2%2Fcomments&post=2120351"}],"version-history":[{"count":0,"href":"https:\/\/analyse.optim.biz\/index.php?rest_route=\/wp\/v2\/posts\/2120351\/revisions"}],"wp:attachment":[{"href":"https:\/\/analyse.optim.biz\/index.php?rest_route=%2Fwp%2Fv2%2Fmedia&parent=2120351"}],"wp:term":[{"taxonomy":"category","embeddable":true,"href":"https:\/\/analyse.optim.biz\/index.php?rest_route=%2Fwp%2Fv2%2Fcategories&post=2120351"},{"taxonomy":"post_tag","embeddable":true,"href":"https:\/\/analyse.optim.biz\/index.php?rest_route=%2Fwp%2Fv2%2Ftags&post=2120351"}],"curies":[{"name":"wp","href":"https:\/\/api.w.org\/{rel}","templated":true}]}}