{"id":2120344,"date":"2026-08-31T11:36:46","date_gmt":"2026-08-31T08:36:46","guid":{"rendered":"https:\/\/analyse.optim.biz\/?p=2120344"},"modified":"2026-08-31T11:36:46","modified_gmt":"2026-08-31T08:36:46","slug":"a-vandalizat-masina-unei-firme-dupa-ce-s-a-certat-cu-un-individ-pe-o-terasa-din-burdujeni-stiri-suceava","status":"publish","type":"post","link":"https:\/\/analyse.optim.biz\/?p=2120344","title":{"rendered":"A vandalizat ma\u0219ina unei firme dup\u0103 ce s-a certat cu un individ pe o teras\u0103 din Burdujeni &#8211; Stiri Suceava"},"content":{"rendered":"<p>[analyse_image type=&#8221;featured&#8221; src=&#8221;https:\/\/www.informatiata.ro\/wp-content\/uploads\/2026\/08\/scandalagiu-936&#215;1024.jpg&#8221;]<\/p>\n<div class=\"td-post-content tagdiv-type\">\n<div class=\"td-post-featured-image\"><a href=\"https:\/\/www.informatiata.ro\/wp-content\/uploads\/2026\/08\/scandalagiu-scaled.jpg\" data-caption><img loading=\"lazy\" decoding=\"async\" width=\"696\" height=\"762\" class=\"entry-thumb td-modal-image\" src=\"https:\/\/www.informatiata.ro\/wp-content\/uploads\/2026\/08\/scandalagiu-696x762.jpg\" alt title=\"scandalagiu\"><img loading=\"lazy\" decoding=\"async\" width=\"696\" height=\"762\" class=\"entry-thumb td-modal-image\" src=\"https:\/\/www.informatiata.ro\/wp-content\/uploads\/2026\/08\/scandalagiu-696x762.jpg\" alt title=\"scandalagiu\"><\/a><\/div>\n<p>A vandalizat ma\u0219ina unei firme dup\u0103 ce s-a certat cu un individ pe o teras\u0103 din Burdujeni. B\u0103rbatul este c\u0103utat de poli\u021bi\u0219ti, care au ridicat imagini surpeinse de camerele de supraveghere \u00een timp ce acesta distrugea cu pumnul luneta unui vehicul.<\/p>\n<p>Duminic\u0103, \u00een jurul orei 16:00, Poli\u021bia Municipiului Suceava a fost sesizat\u0103 cu privire la faptul c\u0103 o persoan\u0103 necunoscut\u0103 a distrus luneta unui autoturism.<\/p>\n<div class=\"td-a-rec td-a-rec-id-content_inlineright  tdi_7 td_block_template_1\"><img loading=\"lazy\" decoding=\"async\" class=\"aligncenter size-full wp-image-66137\" src=\"https:\/\/www.informatiata.ro\/wp-content\/uploads\/2026\/08\/SAVCOM-6.gif\" alt width=\"299\" height=\"250\"><img loading=\"lazy\" decoding=\"async\" class=\"aligncenter size-full wp-image-66137\" src=\"https:\/\/www.informatiata.ro\/wp-content\/uploads\/2026\/08\/SAVCOM-6.gif\" alt width=\"299\" height=\"250\"><img loading=\"lazy\" decoding=\"async\" class=\"aligncenter size-full wp-image-66138\" src=\"https:\/\/www.informatiata.ro\/wp-content\/uploads\/2026\/08\/FACOS-5.gif\" alt width=\"300\" height=\"250\"><img loading=\"lazy\" decoding=\"async\" class=\"aligncenter size-full wp-image-66138\" src=\"https:\/\/www.informatiata.ro\/wp-content\/uploads\/2026\/08\/FACOS-5.gif\" alt width=\"300\" height=\"250\"><\/div>\n<p>Av\u00e2nd \u00een vedere cele sesizate, echipa operativ\u0103 din cadrul subunit\u0103\u0163ii s-a deplasat la fa\u021ba locului \u0219i a demerat cercet\u0103ri.<\/p>\n<p>S-a stabilit c\u0103, \u00een data de 30.08.2026, \u00een jurul orei 13:40, dou\u0103 persoane de sex masculin, afl\u00e2ndu-se pe terasa Complexului Ramiro din municipiul Suceava, strada Gheorghe Doja, au avut un conflict verbal \u00een urma c\u0103ruia, una dintre cele dou\u0103 persoane a aruncat dou\u0103 scaune.<\/p>\n<p>\u00cen continuare, respectiva persoan\u0103 a p\u0103r\u0103sit incinta terasei, a f\u0103cut circ \u00een strad\u0103 \u0219i a distrus, prin lovirea un pumnul, luneta autoturismului marca Volkswagen, u\u00a0 autoturism parcat pe strada Putna, \u00een proximitatea unei sp\u0103l\u0103torii auto.<\/p>\n<p>\u00cen cauz\u0103 a fost \u00eentocmit dosar penal sub aspectul comiterii infrac\u021biunii de distrugere fapt\u0103 prev. \u0219i ped. de art.253, alin.1 Cod Penal, cercet\u0103rile fiind continuate de c\u0103tre lucr\u0103torii BIC.<\/p>\n<div class=\"td-a-rec td-a-rec-id-content_bottom  td-rec-hide-on-m tdi_8 td_block_template_1\"><img loading=\"lazy\" decoding=\"async\" class=\"aligncenter size-large wp-image-66091\" src=\"https:\/\/www.informatiata.ro\/wp-content\/uploads\/2026\/08\/LEVANT-300-x-250-pixels-2025-1024x852.jpg\" alt width=\"696\" height=\"579\"><img loading=\"lazy\" decoding=\"async\" class=\"aligncenter size-large wp-image-66091\" src=\"https:\/\/www.informatiata.ro\/wp-content\/uploads\/2026\/08\/LEVANT-300-x-250-pixels-2025-1024x852.jpg\" alt width=\"696\" height=\"579\"><img loading=\"lazy\" decoding=\"async\" class=\"aligncenter size-large wp-image-66092\" src=\"https:\/\/www.informatiata.ro\/wp-content\/uploads\/2026\/08\/costume-Japonia-Romania-300-x-250-pixels-2025-1024x888.jpg\" alt width=\"696\" height=\"604\"><img loading=\"lazy\" decoding=\"async\" class=\"aligncenter size-large wp-image-66092\" src=\"https:\/\/www.informatiata.ro\/wp-content\/uploads\/2026\/08\/costume-Japonia-Romania-300-x-250-pixels-2025-1024x888.jpg\" alt width=\"696\" height=\"604\"><\/p>\n<p>\u00a0<\/p><\/div>\n<\/div>\n<p>[analyse_source url=&#8221;https:\/\/www.informatiata.ro\/a-vandalizat-masina-parcata-dupa-o-cearta\/&#8221;]<\/p>\n","protected":false},"excerpt":{"rendered":"<p>[analyse_image type=&#8221;featured&#8221; src=&#8221;https:\/\/www.informatiata.ro\/wp-content\/uploads\/2026\/08\/scandalagiu-936&#215;1024.jpg&#8221;] A vandalizat ma\u0219ina unei firme dup\u0103 ce s-a certat cu un individ pe o teras\u0103 din Burdujeni. B\u0103rbatul este c\u0103utat de poli\u021bi\u0219ti, care au ridicat imagini surpeinse de camerele de supraveghere \u00een timp ce acesta distrugea cu pumnul luneta unui vehicul. Duminic\u0103, \u00een jurul orei 16:00, Poli\u021bia Municipiului Suceava a fost sesizat\u0103 [&hellip;]<\/p>\n","protected":false},"author":1,"featured_media":0,"comment_status":"open","ping_status":"","sticky":false,"template":"","format":"standard","meta":{"footnotes":""},"categories":[89],"tags":[226,167],"class_list":["post-2120344","post","type-post","status-publish","format-standard","hentry","category-romania","tag-crawlmanager","tag-informatiata-ro"],"_links":{"self":[{"href":"https:\/\/analyse.optim.biz\/index.php?rest_route=\/wp\/v2\/posts\/2120344","targetHints":{"allow":["GET"]}}],"collection":[{"href":"https:\/\/analyse.optim.biz\/index.php?rest_route=\/wp\/v2\/posts"}],"about":[{"href":"https:\/\/analyse.optim.biz\/index.php?rest_route=\/wp\/v2\/types\/post"}],"author":[{"embeddable":true,"href":"https:\/\/analyse.optim.biz\/index.php?rest_route=\/wp\/v2\/users\/1"}],"replies":[{"embeddable":true,"href":"https:\/\/analyse.optim.biz\/index.php?rest_route=%2Fwp%2Fv2%2Fcomments&post=2120344"}],"version-history":[{"count":0,"href":"https:\/\/analyse.optim.biz\/index.php?rest_route=\/wp\/v2\/posts\/2120344\/revisions"}],"wp:attachment":[{"href":"https:\/\/analyse.optim.biz\/index.php?rest_route=%2Fwp%2Fv2%2Fmedia&parent=2120344"}],"wp:term":[{"taxonomy":"category","embeddable":true,"href":"https:\/\/analyse.optim.biz\/index.php?rest_route=%2Fwp%2Fv2%2Fcategories&post=2120344"},{"taxonomy":"post_tag","embeddable":true,"href":"https:\/\/analyse.optim.biz\/index.php?rest_route=%2Fwp%2Fv2%2Ftags&post=2120344"}],"curies":[{"name":"wp","href":"https:\/\/api.w.org\/{rel}","templated":true}]}}