{"id":2120340,"date":"2026-08-31T10:12:42","date_gmt":"2026-08-31T07:12:42","guid":{"rendered":"https:\/\/analyse.optim.biz\/?p=2120340"},"modified":"2026-08-31T10:12:42","modified_gmt":"2026-08-31T07:12:42","slug":"islanda-a-demonstrat-ca-ue-merge-spre-dezintegrare-sub-conducerea-urssulei-von-der-leyen","status":"publish","type":"post","link":"https:\/\/analyse.optim.biz\/?p=2120340","title":{"rendered":"Islanda a demonstrat c\u0103 UE merge spre dezintegrare, sub conducerea URSSulei von der Leyen"},"content":{"rendered":"<p>[analyse_image type=&#8221;featured&#8221; src=&#8221;https:\/\/ortodoxinfo.ro\/wp-content\/uploads\/2026\/08\/FB_IMG_1788166126874.jpghttps:\/\/ortodoxinfo.ro\/wp-content\/uploads\/2026\/08\/FB_IMG_1788166126874.jpg&#8221;]<\/p>\n<article id=\"post-263231\" class=\"post-263231 post type-post status-publish format-standard has-post-thumbnail category-uniunea-europeana\">\n<header class=\"single-header\">\n<aside class=\"breadcrumb-wrap breadcrumb-yoast s-breadcrumb\">\n<div class=\"breadcrumb-inner\"><span><span><a href=\"https:\/\/ortodoxinfo.ro\/\">Prima pagin\u0103<\/a><\/span> \u00bb <span><a href=\"https:\/\/ortodoxinfo.ro\/blog\/\">Blog<\/a><\/span> \u00bb <span class=\"breadcrumb_last\" aria-current=\"page\">Islanda a demonstrat c\u0103 UE merge spre dezintegrare, sub conducerea URSSulei von der Leyen<\/span><\/span><\/div>\n<\/aside>\n<h1 class=\"s-title fw-headline\">Islanda a demonstrat c\u0103 UE merge spre dezintegrare, sub conducerea URSSulei von der Leyen<\/h1>\n<div class=\"single-meta meta-s-default yes-0\">\n<div class=\"smeta-in\"><a class=\"meta-el meta-avatar\" href=\"https:\/\/ortodoxinfo.ro\/author\/redactor\/\"><img loading=\"lazy\" decoding=\"async\" alt=\"OrtodoxINFO\" src=\"https:\/\/secure.gravatar.com\/avatar\/21010332354a182ce4de6016685c5586f21c51866d0ec5bc8ef383240b3c3e02?s=120&amp;r=g\" class=\"avatar avatar-120 photo\" height=\"120\" width=\"120\"><\/a><\/p>\n<div class=\"smeta-sec\">\n<div class=\"p-meta\">\n<div class=\"meta-inner is-meta\"><span class=\"meta-el meta-date\"><time datetime=\"2026-08-31T13:13:08+03:00\">31 august 2026<\/time><\/span><span class=\"meta-el meta-category meta-bold\"><a class=\"meta-separate category-1538\" href=\"https:\/\/ortodoxinfo.ro\/category\/anti-sistem\/uniunea-europeana\/\">Uniunea european\u0103<\/a><\/span><span class=\"meta-el meta-view\">1.2k vizualiz\u0103ri\t\t<\/span><span class=\"meta-el meta-comment mobile-last-meta tablet-last-meta\"><a href=\"https:\/\/ortodoxinfo.ro\/2026\/08\/31\/islanda-a-demonstrat-ca-ue-merge-spre-dezintegrare-sub-conducerea-urssulei-von-der-leyen\/#respond\">Comentarii<\/a><\/span><\/div>\n<\/div>\n<\/div>\n<\/div>\n<div class=\"smeta-extra\">\n<div class=\"t-shared-sec tooltips-n has-read-meta is-color\">\n<div class=\"t-shared-header is-meta\"><span class=\"share-label\">Share<\/span><\/div>\n<\/div>\n<div class=\"single-right-meta single-time-read is-meta\"><span class=\"meta-el meta-read\">4 Min Read<\/span><\/div>\n<\/div>\n<\/div>\n<\/header>\n<div class=\"grid-container\">\n<div class=\"s-ct\">\n<div class=\"s-feat-outer\">\n<div class=\"s-feat\">\n<div class=\"featured-lightbox-trigger\" data-source=\"https:\/\/ortodoxinfo.ro\/wp-content\/uploads\/2026\/08\/FB_IMG_1788166126874.jpg\" data-caption data-attribution><img fetchpriority=\"high\" decoding=\"async\" width=\"860\" height=\"496\" src=\"https:\/\/ortodoxinfo.ro\/wp-content\/uploads\/2026\/08\/FB_IMG_1788166126874-860x496.jpg\" class=\"attachment-foxiz_crop_o1 size-foxiz_crop_o1 wp-post-image\" alt loading=\"eager\"><\/div>\n<\/div>\n<\/div>\n<div class=\"s-ct-wrap has-lsl\">\n<div class=\"s-ct-inner\">\n<div class=\"l-shared-sec-outer show-mobile\">\n<div class=\"l-shared-sec\">\n<div class=\"l-shared-header meta-text\"><span class=\"share-label\">SHARE<\/span><\/div>\n<\/div>\n<\/div>\n<div class=\"e-ct-outer\">\n<div class=\"entry-top\">\n<div id=\"custom_html-3\" class=\"widget_text widget entry-widget clearfix widget_custom_html\">\n<div class=\"textwidget custom-html-widget\">\n<div><small><br \/>\n    OrtodoxINFO este supus unui sabotaj sistematic din partea reprezentan\u021bilor Google Rom\u00e2nia, at\u00e2t la afi\u0219\u0103ri c\u00e2t \u0219i \u00een rezultatele de c\u0103utare.<br \/>\n        Astfel c\u0103 veniturile din publicitate au sc\u0103zut de p\u00e2n\u0103 la <strong>10 ori<\/strong>. Situa\u021bia este similar\u0103 \u0219i pe Facebook.<\/p>\n<p>        V\u0103 invit\u0103m s\u0103 accesa\u021bi direct site-ul \u0219i s\u0103 v\u0103 abona\u021bi la notific\u0103ri.<\/p>\n<p>    Dac\u0103 dori\u021bi s\u0103 ne sus\u021bine\u021bi \u00een aceast\u0103 perioad\u0103 dificil\u0103, orice <a href=\"https:\/\/ortodoxinfo.ro\/donatii\/\">dona\u021bie<\/a> este binevenit\u0103.<br \/>\n    Dumnezeu s\u0103 v\u0103 r\u0103spl\u0103teasc\u0103!<br \/>\n<\/small><\/div>\n<\/div>\n<\/div>\n<\/div>\n<div class=\"entry-content rbct clearfix is-highlight-shares\">\n<p>Referendumul din Islanda din 29 august, pe tema relu\u0103rii negocierilor de aderare la Uniunea European\u0103 a fost, de fapt, un semn al faptului c\u0103, pentru o na\u021biune decent de prosper\u0103, apartenen\u021ba la Uniune nu este binevenit\u0103.<\/p>\n<p>Uniunea a intrat pe o cale gre\u0219it\u0103 odat\u0103 cu Comisiile von der Leyen \u0219i trebuie s\u0103 revin\u0103 la situa\u021bia de dinainte de 2019!<\/p>\n<p>Uniunea European\u0103 a r\u0103mas un proiect atractiv doar pentru na\u021biunile s\u0103race din Est, care v\u0103d \u00een UE o surs\u0103 de bani pentru dezvoltare \u0219i o cenzur\u0103 la adresa politicienilor locali, venali \u0219i cinic de corup\u021bi.<\/p>\n<p>Practic, Uniunea European\u0103 a devenit neatractiv\u0103 din cauza politicilor gre\u0219ite de silire a \u021b\u0103rilor membre s\u0103 accepte distrugerea industriei \u0219i a energeticii pentru a compensa ni\u0219te \u201eschimb\u0103ri climatice\u201d \u00eendoielnice , din cauza politicilor gre\u0219ite de for\u021bare a ader\u0103rii la euro \u0219i din cauza politicilor gre\u0219ite de a muta prea mult\u0103 decizie de la nivel na\u021bional la nivel european.<\/p>\n<p>Practic, referendumul din Islanda indic\u0103, cu certitudine c\u0103, Uniunea nu are ce oferi celor care au atins deja un nivel de dezvoltare.<\/p>\n<p>Rezultatul plebiscitului din Islanda: 223 379 voturi, din care 105 339 pentru reluarea negocierilor de aderare \u0219i 118 040\u00eempotriva ader\u0103rii la UE. Argumentele care au contat pentru votul \u00eempotriva ader\u0103rii au fost urm\u0103toarele:<br \/>\n\u2013 refuzul de a accepta politica comun\u0103 de pescuit ( Common Fisheries Policy), un set de reglement\u0103ri UE care impune cote de pescuit statelor membre, \u00een contextul \u00een care pescuitul aduce 8% din PIB \u0219i 40% din exporturi;<br \/>\n\u2013 p\u0103strarea suveranit\u0103\u021bii, de\u0219i Islanda practic a bifat cele mai nepopulare m\u0103suri ale UE , inclusiv sistemul ETS, de impunere a pl\u0103\u021bii pentru certificate de emisii de gaze cu efect de ser\u0103;<br \/>\n\u2013 refuzul categoric de a adopta euro \u0219i de a renun\u021ba la moneda local\u0103, Krona, \u00een contextul \u00een care trecerea la euro este v\u0103zut\u0103 de islandezi ca o modalitate de cre\u0219tere a costului vie\u021bii.<\/p>\n<p>Petri\u0219or Peiu<\/p>\n<hr>\n<h3>Gheorghe Piperea: La poarta UE mai bat doar \u021b\u0103rile corupte<\/h3>\n<p>\u021a\u0103rile prospere \u0219i bine guvernate ale Europei \u2013 m\u0103 refer la Elve\u021bia, Norvegia \u0219i Islanda \u2013 au refuzat \u00een repetate r\u00e2nduri adeziunea la UE. Islanda, ieri, a refuzat p\u00e2n\u0103 \u0219i ideea de a demara negocieri de aderare.<\/p>\n<p>\u00cen schimb, la poarta UE bat insistent state s\u0103race \u0219i corupte, ca Republica Moldova, Ucraina sau Albania.<\/p>\n<div class=\"inline-single-ad ad_single_3_index alignfull\">\n<div class=\"ad-wrap ad-script-wrap\">\n<div class=\"ad-script non-adsense edge-padding\">\n<div>\n\u203c\ufe0f\u203c\ufe0f NU recunoa\u0219tem ca pre\u0219edinte al Rom\u00e2niei pe marioneta retard\u0103 Nicu\u0219or Dan! Rom\u00e2ni, boicota\u021bi aceast\u0103 f\u0103c\u0103tur\u0103, care ne face \u021bara de r\u00e2s! NU rom\u00e2nii l-au votat pe Nicusoro\u0219 &#8211; cu unele excep\u021bii de persoane infantile, manipulabile \u0219i chiar idioate &#8211; ci l-au ajutat Maia Soro\u0219, Emanuel Macrou \u0219i tr\u0103d\u0103torii de la B.E.C. \u0219i CCR!<br \/>\n La \u00eenchisoare cu cei care au fraudat alegerile!\n<\/div>\n<\/div>\n<\/div>\n<\/div>\n<p>Un stat membru al UE, cel mai s\u0103rac \u0219i cel mai prost condus din \u00eentreaga Uniune \u2013 m\u0103 refer la Rom\u00e2nia \u2013 a f\u0103cut un curent politic din \u201cpro-europenism\u201d, de\u0219i este deja membru al UE, iar UE nu mai e deloc pro-, ci anti-european\u0103, prin e\u0219ecurile pe linie \u00een materie de economie \u0219i, mai ales, de democra\u021bie, e\u0219ecuri de care Xi \u0219i Putin se amuz\u0103 \u0219i care nu au alte explica\u021bii dec\u00e2t ho\u021bia, corup\u021bia, prostia \u0219i chiar demen\u021ba birocra\u021bilor senili care o conduc \u00een zid, cu 200 km\/h.<\/p>\n<p>Referendumul din Islanda spune mult mai multe despre UE dec\u00e2t despre islandezi. Mai abitir spune despre Rom\u00e2nia \u0219i despre \u201cpro-europenii\u201d care m\u0103 acuzau pe mine anul trecut c\u0103 am vrut s\u0103 dau o \u0219ans\u0103 UE prin demiterea prin mo\u021biune de cenzur\u0103 a Ursulei von der Leyen.<\/p>\n<p>Referendumul din Islanda spune despre UE c\u0103 e o ghei\u0219\u0103 b\u0103tr\u00e2n\u0103, prost fardat\u0103, de dispre\u021buit, iar nu de dorit. Iar despre Rom\u00e2nia spune c\u0103 majorit\u0103\u021bile elective din ultimii 19 ani au fost populate de ni\u0219te suferinzi de sindromul Stockholm, de ni\u0219te victime ale r\u0103pitorilor lor politico-birocratici, care ne \u021bin pe to\u021bi captivi.<\/p>\n<\/div>\n<div class=\"entry-bottom\">\n<div id=\"block-9\" class=\"widget entry-widget clearfix widget_block\">\n<div><a href=\"https:\/\/suspend.ro\" target=\"_blank\" rel=\"noopener noreferrer\"><img decoding=\"async\" src=\"https:\/\/ortodoxinfo.ro\/wp-content\/uploads\/2026\/08\/FB_IMG_1786185261439.jpg\" alt=\"Verific\u0103 pe suspend.ro \u2013 Parlamentarii din jude\u021bul t\u0103u sus\u021bin suspendarea lui Nicu\u0219or Dan?\"><\/a><\/div>\n<\/div>\n<\/div>\n<\/div>\n<\/div>\n<div class=\"e-shared-sec entry-sec\">\n<div class=\"e-shared-header h4\"><span>Distribuie<\/span><\/div>\n<div class=\"rbbsl tooltips-n effect-fadeout is-bg\"><a class=\"share-action share-trigger icon-facebook\" aria-label=\"Share on Facebook\" href=\"https:\/\/www.facebook.com\/sharer.php?u=https%3A%2F%2Fortodoxinfo.ro%2F2026%2F08%2F31%2Fislanda-a-demonstrat-ca-ue-merge-spre-dezintegrare-sub-conducerea-urssulei-von-der-leyen%2F\" data-title=\"Facebook\" rel=\"nofollow\"><span>Facebook<\/span><\/a><a class=\"share-action share-trigger icon-twitter\" aria-label=\"Share on X\" href=\"https:\/\/twitter.com\/intent\/tweet?text=Islanda+a+demonstrat+c%C4%83+UE+merge+spre+dezintegrare%2C+sub+conducerea+URSSulei+von+der+Leyen&amp;url=https%3A%2F%2Fortodoxinfo.ro%2F2026%2F08%2F31%2Fislanda-a-demonstrat-ca-ue-merge-spre-dezintegrare-sub-conducerea-urssulei-von-der-leyen%2F&amp;via=ortodoxinforo\" data-title=\"X\" rel=\"nofollow\"><span>X<\/span><\/a><a class=\"share-action icon-whatsapp is-web\" aria-label=\"Share on Whatsapp\" href=\"https:\/\/web.whatsapp.com\/send?text=Islanda+a+demonstrat+c%C4%83+UE+merge+spre+dezintegrare%2C+sub+conducerea+URSSulei+von+der+Leyen%20%E2%98%9E%20https%3A%2F%2Fortodoxinfo.ro%2F2026%2F08%2F31%2Fislanda-a-demonstrat-ca-ue-merge-spre-dezintegrare-sub-conducerea-urssulei-von-der-leyen%2F\" target=\"_blank\" data-title=\"WhatsApp\" rel=\"nofollow\"><span>Whatsapp<\/span><\/a><a class=\"share-action icon-whatsapp is-mobile\" aria-label=\"Share on Whatsapp\" href=\"\/\/send?text=Islanda+a+demonstrat+c%C4%83+UE+merge+spre+dezintegrare%2C+sub+conducerea+URSSulei+von+der+Leyen%20%E2%98%9E%20https%3A%2F%2Fortodoxinfo.ro%2F2026%2F08%2F31%2Fislanda-a-demonstrat-ca-ue-merge-spre-dezintegrare-sub-conducerea-urssulei-von-der-leyen%2F\" target=\"_blank\" data-title=\"WhatsApp\" rel=\"nofollow\"><span>Whatsapp<\/span><\/a><a class=\"share-action share-trigger icon-telegram\" aria-label=\"Share on Telegram\" href=\"https:\/\/t.me\/share\/?url=https%3A%2F%2Fortodoxinfo.ro%2F2026%2F08%2F31%2Fislanda-a-demonstrat-ca-ue-merge-spre-dezintegrare-sub-conducerea-urssulei-von-der-leyen%2F&amp;text=Islanda+a+demonstrat+c%C4%83+UE+merge+spre+dezintegrare%2C+sub+conducerea+URSSulei+von+der+Leyen\" data-title=\"Telegram\" rel=\"nofollow\"><span>Telegram<\/span><\/a><a class=\"share-action icon-copy copy-trigger\" aria-label=\"Copy Link\" href=\"https:\/\/ortodoxinfo.ro\/2026\/08\/31\/islanda-a-demonstrat-ca-ue-merge-spre-dezintegrare-sub-conducerea-urssulei-von-der-leyen\/\" data-copied=\"Copied!\" data-link=\"https:\/\/ortodoxinfo.ro\/2026\/08\/31\/islanda-a-demonstrat-ca-ue-merge-spre-dezintegrare-sub-conducerea-urssulei-von-der-leyen\/\" rel=\"nofollow\" data-copy=\"Copy Link\"><span>Copy Link<\/span><\/a><a class=\"share-action icon-print\" aria-label=\"Print\" rel=\"nofollow\" data-title=\"Print\"><span>Print<\/span><\/a><\/div>\n<\/div>\n<\/div>\n<div id=\"tabs\" class=\"dntplgn_form_wrapper\"><span><\/p>\n<h2>\u0218tirile sunt sub cenzur\u0103! Sprijini\u021bi OrtodoxINFO!<\/h2>\n<p>Guvernul nu dore\u0219te aflarea adev\u0103rului despre lovitura de stat \u0219i \u00eengenuncherea Rom\u00e2niei. \u00cencerc\u0103m s\u0103 men\u021binem viu acest site \u0219i s\u0103 v\u0103 punem la dispozi\u021bie informa\u021bii care s\u0103 fac\u0103 lumin\u0103 \u00een cea mai mare provocare pe care o tr\u0103im. Jurnalismul independent al portalului OrtodoxINFO func\u021bioneaz\u0103 strict cu ajutorul cititorilor.<br \/>\nNe pute\u021bi sprijini printr-o <b><a href=\"https:\/\/ortodoxinfo.ro\/donatii\/\">dona\u021bie bancar\u0103<\/a> sau prin PayPal, complet\u00e2nd formularul de mai jos.<\/b><\/span><\/p>\n<ul>\n<li><a href=\"https:\/\/ortodoxinfo.ro\/2026\/08\/31\/islanda-a-demonstrat-ca-ue-merge-spre-dezintegrare-sub-conducerea-urssulei-von-der-leyen\/#tabs-1\">Dona\u021bie lunar\u0103<\/a><\/li>\n<li><a href=\"https:\/\/ortodoxinfo.ro\/2026\/08\/31\/islanda-a-demonstrat-ca-ue-merge-spre-dezintegrare-sub-conducerea-urssulei-von-der-leyen\/#tabs-2\">Doar acum<\/a><\/li>\n<\/ul>\n<div id=\"tabs-1\"><img loading=\"lazy\" decoding=\"async\" alt border=\"0\" src=\"https:\/\/www.paypalobjects.com\/en_US\/i\/scr\/pixel.gif\" width=\"1\" height=\"1\"><\/div>\n<div id=\"tabs-2\">\n<p>\t\t     \u20ac<\/p>\n<p>\t\t    <img loading=\"lazy\" decoding=\"async\" alt border=\"0\" src=\"https:\/\/www.paypalobjects.com\/en_US\/i\/scr\/pixel.gif\" width=\"1\" height=\"1\"><\/div>\n<p>Mul\u021bumim celor care ne-au ajutat p\u00e2n\u0103 acum!\n\t<\/p><\/div>\n<div class=\"comment-box-wrap entry-sec\">\n<div class=\"comment-box-header\"><span class=\"h3\">Las\u0103 un comentariu<\/span><\/div>\n<div class=\"comment-holder no-comment\">\n<div id=\"comments\" class=\"comments-area\">\n<div id=\"respond\" class=\"comment-respond\">\n<h3 id=\"reply-title\" class=\"comment-reply-title\">Las\u0103 un r\u0103spuns <small><a rel=\"nofollow\" id=\"cancel-comment-reply-link\" href=\"https:\/\/ortodoxinfo.ro\/2026\/08\/31\/islanda-a-demonstrat-ca-ue-merge-spre-dezintegrare-sub-conducerea-urssulei-von-der-leyen\/#respond\">Anuleaz\u0103 r\u0103spunsul<\/a><\/small><\/h3>\n<p class=\"comment-notes\"><span id=\"email-notes\">Adresa ta de email nu va fi publicat\u0103.<\/span><span class=\"required-field-message\">C\u00e2mpurile obligatorii sunt marcate cu <span class=\"required\">*<\/span><\/span><\/p>\n<\/div>\n<\/div>\n<\/div>\n<\/div>\n<\/div>\n<div class=\"sidebar-wrap single-sidebar\">\n<div class=\"sidebar-inner clearfix\">\n<div id=\"widget-post-2\" class=\"widget rb-section w-sidebar clearfix widget-post\">\n<div class=\"block-h widget-heading heading-layout-1\">\n<div class=\"heading-inner\">\n<h4 class=\"heading-title\"><span>Articole recente<\/span><\/h4>\n<\/div>\n<\/div>\n<div class=\"widget-p-listing\">\n<div class=\"p-wrap p-small p-list-small-2\" data-pid=\"263233\">\n<div class=\"feat-holder\">\n<div class=\"p-featured ratio-v1\"><a class=\"p-flink\" href=\"https:\/\/ortodoxinfo.ro\/2026\/08\/31\/de-ce-cea-mai-bogata-regiune-din-vestul-germaniei-voteaza-cu-afd\/\" title=\"De ce cea mai bogat\u0103 regiune din Vestul Germaniei voteaz\u0103 cu AfD?\"><img decoding=\"async\" width=\"150\" height=\"150\" src=\"https:\/\/ortodoxinfo.ro\/wp-content\/uploads\/2026\/08\/de-ce-voteaza-cu-afd-cea-mai-bogata-regiune-din-vestul-germaniei-84371-150x150.png\" class=\"featured-img wp-post-image\" alt loading=\"lazy\"><\/a><\/div>\n<\/div>\n<div class=\"p-content\">\n<h5 class=\"entry-title\"><a class=\"p-url\" href=\"https:\/\/ortodoxinfo.ro\/2026\/08\/31\/de-ce-cea-mai-bogata-regiune-din-vestul-germaniei-voteaza-cu-afd\/\" rel=\"bookmark\">De ce cea mai bogat\u0103 regiune din Vestul Germaniei voteaz\u0103 cu AfD?<\/a><\/h5>\n<div class=\"p-meta\">\n<div class=\"meta-inner is-meta\"><span class=\"meta-el meta-date\"><time datetime=\"2026-08-31T13:30:18+03:00\">31 august 2026<\/time><\/span><span class=\"meta-el meta-category meta-bold\"><a class=\"meta-separate category-20289\" href=\"https:\/\/ortodoxinfo.ro\/category\/suveranism\/\">Suveranism<\/a><\/span><span class=\"meta-el meta-view\">856 vizualiz\u0103ri\t\t<\/span><\/div>\n<\/div>\n<\/div>\n<\/div>\n<div class=\"p-wrap p-small p-list-small-2\" data-pid=\"263222\">\n<div class=\"feat-holder\">\n<div class=\"p-featured ratio-v1\"><a class=\"p-flink\" href=\"https:\/\/ortodoxinfo.ro\/2026\/08\/31\/george-simion-pana-cel-putin-pe-21-septembrie-nu-va-fi-desemnat-niciun-premier-ce-spune-liderul-aur-despre-participarea-la-guvernare\/\" title=\"George Simion: P\u00e2n\u0103 cel pu\u021bin pe 21 septembrie nu va fi desemnat niciun premier. Ce spune liderul AUR despre participarea la guvernare\"><img decoding=\"async\" width=\"150\" height=\"150\" src=\"https:\/\/ortodoxinfo.ro\/wp-content\/uploads\/2026\/08\/george-simion-plen-1536x1024-1-e1783790461942-150x150.jpg\" class=\"featured-img wp-post-image\" alt loading=\"lazy\"><\/a><\/div>\n<\/div>\n<div class=\"p-content\">\n<h5 class=\"entry-title\"><a class=\"p-url\" href=\"https:\/\/ortodoxinfo.ro\/2026\/08\/31\/george-simion-pana-cel-putin-pe-21-septembrie-nu-va-fi-desemnat-niciun-premier-ce-spune-liderul-aur-despre-participarea-la-guvernare\/\" rel=\"bookmark\">George Simion: P\u00e2n\u0103 cel pu\u021bin pe 21 septembrie nu va fi desemnat niciun premier. Ce spune liderul AUR despre participarea la guvernare<\/a><\/h5>\n<div class=\"p-meta\">\n<div class=\"meta-inner is-meta\"><span class=\"meta-el meta-date\"><time datetime=\"2026-08-31T13:27:37+03:00\">31 august 2026<\/time><\/span><span class=\"meta-el meta-category meta-bold\"><a class=\"meta-separate category-19866\" href=\"https:\/\/ortodoxinfo.ro\/category\/lupta-pentru-romania\/\">Lupt\u0103 pentru Rom\u00e2nia<\/a><\/span><span class=\"meta-el meta-view\">1.1k vizualiz\u0103ri\t\t<\/span><\/div>\n<\/div>\n<\/div>\n<\/div>\n<div class=\"p-wrap p-small p-list-small-2\" data-pid=\"263144\">\n<div class=\"feat-holder\">\n<div class=\"p-featured ratio-v1\"><a class=\"p-flink\" href=\"https:\/\/ortodoxinfo.ro\/2026\/08\/31\/frica-arma-preferata-a-sistemului-merz-sperie-germania-cu-afd-ajuns-la-40-exact-cum-s-a-facut-si-in-romania\/\" title=\"Frica, arma preferat\u0103 a sistemului: Merz sperie Germania cu AfD \u2013 ajuns la 40%, exact cum s-a f\u0103cut \u0219i \u00een Rom\u00e2nia\"><img decoding=\"async\" width=\"150\" height=\"150\" src=\"https:\/\/ortodoxinfo.ro\/wp-content\/uploads\/2026\/08\/8093873-hepta_mediafax_foto-abacapress_hepta-scaled-150x150.jpg\" class=\"featured-img wp-post-image\" alt loading=\"lazy\"><\/a><\/div>\n<\/div>\n<div class=\"p-content\">\n<h5 class=\"entry-title\"><a class=\"p-url\" href=\"https:\/\/ortodoxinfo.ro\/2026\/08\/31\/frica-arma-preferata-a-sistemului-merz-sperie-germania-cu-afd-ajuns-la-40-exact-cum-s-a-facut-si-in-romania\/\" rel=\"bookmark\">Frica, arma preferat\u0103 a sistemului: Merz sperie Germania cu AfD \u2013 ajuns la 40%, exact cum s-a f\u0103cut \u0219i \u00een Rom\u00e2nia<\/a><\/h5>\n<div class=\"p-meta\">\n<div class=\"meta-inner is-meta\"><span class=\"meta-el meta-date\"><time datetime=\"2026-08-31T10:49:16+03:00\">31 august 2026<\/time><\/span><span class=\"meta-el meta-category meta-bold\"><a class=\"meta-separate category-20289\" href=\"https:\/\/ortodoxinfo.ro\/category\/suveranism\/\">Suveranism<\/a><\/span><span class=\"meta-el meta-view\">2.5k vizualiz\u0103ri\t\t<\/span><\/div>\n<\/div>\n<\/div>\n<\/div>\n<div class=\"p-wrap p-small p-list-small-2\" data-pid=\"263150\">\n<div class=\"feat-holder\">\n<div class=\"p-featured ratio-v1\"><a class=\"p-flink\" href=\"https:\/\/ortodoxinfo.ro\/2026\/08\/31\/bucurestiul-ramane-majoritar-imbecil-o-capitala-ce-nu-a-inteles-ca-romania-trebuie-sa-elimine-total-mafia-psd-pnl-usr\/\" title=\"Bucure\u0219tiul r\u0103m\u00e2ne majoritar IMBECIL! O Capital\u0103 ce nu a \u00een\u021beles c\u0103 Rom\u00e2nia trebuie s\u0103 elimine TOTAL mafia PSD-PNL-USR\"><img decoding=\"async\" width=\"150\" height=\"150\" src=\"https:\/\/ortodoxinfo.ro\/wp-content\/uploads\/2026\/08\/sondaj.webp-150x150.webp\" class=\"featured-img wp-post-image\" alt loading=\"lazy\"><\/a><\/div>\n<\/div>\n<div class=\"p-content\">\n<h5 class=\"entry-title\"><a class=\"p-url\" href=\"https:\/\/ortodoxinfo.ro\/2026\/08\/31\/bucurestiul-ramane-majoritar-imbecil-o-capitala-ce-nu-a-inteles-ca-romania-trebuie-sa-elimine-total-mafia-psd-pnl-usr\/\" rel=\"bookmark\">Bucure\u0219tiul r\u0103m\u00e2ne majoritar IMBECIL! O Capital\u0103 ce nu a \u00een\u021beles c\u0103 Rom\u00e2nia trebuie s\u0103 elimine TOTAL mafia PSD-PNL-USR<\/a><\/h5>\n<div class=\"p-meta\">\n<div class=\"meta-inner is-meta\"><span class=\"meta-el meta-date\"><time datetime=\"2026-08-31T10:41:31+03:00\">31 august 2026<\/time><\/span><span class=\"meta-el meta-category meta-bold\"><a class=\"meta-separate category-19885\" href=\"https:\/\/ortodoxinfo.ro\/category\/anti-sistem\/anti-romanism\/asasinii-tarii\/\">Asasinii \u021b\u0103rii<\/a><\/span><span class=\"meta-el meta-view\">7.5k vizualiz\u0103ri\t\t<\/span><\/div>\n<\/div>\n<\/div>\n<\/div>\n<\/div>\n<\/div>\n<div id=\"custom_html-2\" class=\"widget_text widget rb-section w-sidebar clearfix widget_custom_html\">\n<div class=\"block-h widget-heading heading-layout-1\">\n<div class=\"heading-inner\">\n<h4 class=\"heading-title\"><span>DONA\u021aII \u00een cont bancar<\/span><\/h4>\n<\/div>\n<\/div>\n<div class=\"textwidget custom-html-widget\">\n<table class=\"donatii\">\n<tbody>\n<tr>\n<th colspan=\"2\"><strong><span>Asicia\u021bia SMI-B<\/span><\/strong><\/th>\n<\/tr>\n<tr>\n<th>Cont LEI<\/th>\n<td>RO67CECEB00030RON2081955<\/td>\n<\/tr>\n<tr>\n<th>Cont EURO<\/th>\n<td>RO33CECEB000C1EUR2081978<\/td>\n<\/tr>\n<tr>\n<th>Cod SWIFT<\/th>\n<td>CECEROBU<\/td>\n<\/tr>\n<tr>\n<th colspan=\"2\"><strong>CEC BANK SA<\/strong><\/th>\n<\/tr>\n<\/tbody>\n<\/table>\n<\/div>\n<\/div>\n<\/div>\n<\/div>\n<\/div>\n<\/article>\n<div class=\"entry-content rbct clearfix is-highlight-shares\">\n<p>Referendumul din Islanda din 29 august, pe tema relu\u0103rii negocierilor de aderare la Uniunea European\u0103 a fost, de fapt, un semn al faptului c\u0103, pentru o na\u021biune decent de prosper\u0103, apartenen\u021ba la Uniune nu este binevenit\u0103.<\/p>\n<p>Uniunea a intrat pe o cale gre\u0219it\u0103 odat\u0103 cu Comisiile von der Leyen \u0219i trebuie s\u0103 revin\u0103 la situa\u021bia de dinainte de 2019!<\/p>\n<p>Uniunea European\u0103 a r\u0103mas un proiect atractiv doar pentru na\u021biunile s\u0103race din Est, care v\u0103d \u00een UE o surs\u0103 de bani pentru dezvoltare \u0219i o cenzur\u0103 la adresa politicienilor locali, venali \u0219i cinic de corup\u021bi.<\/p>\n<p>Practic, Uniunea European\u0103 a devenit neatractiv\u0103 din cauza politicilor gre\u0219ite de silire a \u021b\u0103rilor membre s\u0103 accepte distrugerea industriei \u0219i a energeticii pentru a compensa ni\u0219te \u201eschimb\u0103ri climatice\u201d \u00eendoielnice , din cauza politicilor gre\u0219ite de for\u021bare a ader\u0103rii la euro \u0219i din cauza politicilor gre\u0219ite de a muta prea mult\u0103 decizie de la nivel na\u021bional la nivel european.<\/p>\n<p>Practic, referendumul din Islanda indic\u0103, cu certitudine c\u0103, Uniunea nu are ce oferi celor care au atins deja un nivel de dezvoltare.<\/p>\n<p>Rezultatul plebiscitului din Islanda: 223 379 voturi, din care 105 339 pentru reluarea negocierilor de aderare \u0219i 118 040\u00eempotriva ader\u0103rii la UE. Argumentele care au contat pentru votul \u00eempotriva ader\u0103rii au fost urm\u0103toarele:<br \/>\n\u2013 refuzul de a accepta politica comun\u0103 de pescuit ( Common Fisheries Policy), un set de reglement\u0103ri UE care impune cote de pescuit statelor membre, \u00een contextul \u00een care pescuitul aduce 8% din PIB \u0219i 40% din exporturi;<br \/>\n\u2013 p\u0103strarea suveranit\u0103\u021bii, de\u0219i Islanda practic a bifat cele mai nepopulare m\u0103suri ale UE , inclusiv sistemul ETS, de impunere a pl\u0103\u021bii pentru certificate de emisii de gaze cu efect de ser\u0103;<br \/>\n\u2013 refuzul categoric de a adopta euro \u0219i de a renun\u021ba la moneda local\u0103, Krona, \u00een contextul \u00een care trecerea la euro este v\u0103zut\u0103 de islandezi ca o modalitate de cre\u0219tere a costului vie\u021bii.<\/p>\n<p>Petri\u0219or Peiu<\/p>\n<hr>\n<h3>Gheorghe Piperea: La poarta UE mai bat doar \u021b\u0103rile corupte<\/h3>\n<p>\u021a\u0103rile prospere \u0219i bine guvernate ale Europei \u2013 m\u0103 refer la Elve\u021bia, Norvegia \u0219i Islanda \u2013 au refuzat \u00een repetate r\u00e2nduri adeziunea la UE. Islanda, ieri, a refuzat p\u00e2n\u0103 \u0219i ideea de a demara negocieri de aderare.<\/p>\n<p>\u00cen schimb, la poarta UE bat insistent state s\u0103race \u0219i corupte, ca Republica Moldova, Ucraina sau Albania.<\/p>\n<div class=\"inline-single-ad ad_single_3_index alignfull\">\n<div class=\"ad-wrap ad-script-wrap\">\n<div class=\"ad-script non-adsense edge-padding\">\n<div>\n\u203c\ufe0f\u203c\ufe0f NU recunoa\u0219tem ca pre\u0219edinte al Rom\u00e2niei pe marioneta retard\u0103 Nicu\u0219or Dan! Rom\u00e2ni, boicota\u021bi aceast\u0103 f\u0103c\u0103tur\u0103, care ne face \u021bara de r\u00e2s! NU rom\u00e2nii l-au votat pe Nicusoro\u0219 &#8211; cu unele excep\u021bii de persoane infantile, manipulabile \u0219i chiar idioate &#8211; ci l-au ajutat Maia Soro\u0219, Emanuel Macrou \u0219i tr\u0103d\u0103torii de la B.E.C. \u0219i CCR!<br \/>\n La \u00eenchisoare cu cei care au fraudat alegerile!\n<\/div>\n<\/div>\n<\/div>\n<\/div>\n<p>Un stat membru al UE, cel mai s\u0103rac \u0219i cel mai prost condus din \u00eentreaga Uniune \u2013 m\u0103 refer la Rom\u00e2nia \u2013 a f\u0103cut un curent politic din \u201cpro-europenism\u201d, de\u0219i este deja membru al UE, iar UE nu mai e deloc pro-, ci anti-european\u0103, prin e\u0219ecurile pe linie \u00een materie de economie \u0219i, mai ales, de democra\u021bie, e\u0219ecuri de care Xi \u0219i Putin se amuz\u0103 \u0219i care nu au alte explica\u021bii dec\u00e2t ho\u021bia, corup\u021bia, prostia \u0219i chiar demen\u021ba birocra\u021bilor senili care o conduc \u00een zid, cu 200 km\/h.<\/p>\n<p>Referendumul din Islanda spune mult mai multe despre UE dec\u00e2t despre islandezi. Mai abitir spune despre Rom\u00e2nia \u0219i despre \u201cpro-europenii\u201d care m\u0103 acuzau pe mine anul trecut c\u0103 am vrut s\u0103 dau o \u0219ans\u0103 UE prin demiterea prin mo\u021biune de cenzur\u0103 a Ursulei von der Leyen.<\/p>\n<p>Referendumul din Islanda spune despre UE c\u0103 e o ghei\u0219\u0103 b\u0103tr\u00e2n\u0103, prost fardat\u0103, de dispre\u021buit, iar nu de dorit. Iar despre Rom\u00e2nia spune c\u0103 majorit\u0103\u021bile elective din ultimii 19 ani au fost populate de ni\u0219te suferinzi de sindromul Stockholm, de ni\u0219te victime ale r\u0103pitorilor lor politico-birocratici, care ne \u021bin pe to\u021bi captivi.<\/p>\n<\/div>\n<p>[analyse_source url=&#8221;https:\/\/ortodoxinfo.ro\/2026\/08\/31\/islanda-a-demonstrat-ca-ue-merge-spre-dezintegrare-sub-conducerea-urssulei-von-der-leyen\/&#8221;]<\/p>\n","protected":false},"excerpt":{"rendered":"<p>[analyse_image type=&#8221;featured&#8221; src=&#8221;https:\/\/ortodoxinfo.ro\/wp-content\/uploads\/2026\/08\/FB_IMG_1788166126874.jpghttps:\/\/ortodoxinfo.ro\/wp-content\/uploads\/2026\/08\/FB_IMG_1788166126874.jpg&#8221;] Prima pagin\u0103 \u00bb Blog \u00bb Islanda a demonstrat c\u0103 UE merge spre dezintegrare, sub conducerea URSSulei von der Leyen Islanda a demonstrat c\u0103 UE merge spre dezintegrare, sub conducerea URSSulei von der Leyen 31 august 2026Uniunea european\u01031.2k vizualiz\u0103ri Comentarii Share 4 Min Read SHARE OrtodoxINFO este supus unui sabotaj sistematic din partea [&hellip;]<\/p>\n","protected":false},"author":1,"featured_media":0,"comment_status":"open","ping_status":"","sticky":false,"template":"","format":"standard","meta":{"footnotes":""},"categories":[89],"tags":[226,94],"class_list":["post-2120340","post","type-post","status-publish","format-standard","hentry","category-romania","tag-crawlmanager","tag-ortodoxinfo-ro"],"_links":{"self":[{"href":"https:\/\/analyse.optim.biz\/index.php?rest_route=\/wp\/v2\/posts\/2120340","targetHints":{"allow":["GET"]}}],"collection":[{"href":"https:\/\/analyse.optim.biz\/index.php?rest_route=\/wp\/v2\/posts"}],"about":[{"href":"https:\/\/analyse.optim.biz\/index.php?rest_route=\/wp\/v2\/types\/post"}],"author":[{"embeddable":true,"href":"https:\/\/analyse.optim.biz\/index.php?rest_route=\/wp\/v2\/users\/1"}],"replies":[{"embeddable":true,"href":"https:\/\/analyse.optim.biz\/index.php?rest_route=%2Fwp%2Fv2%2Fcomments&post=2120340"}],"version-history":[{"count":0,"href":"https:\/\/analyse.optim.biz\/index.php?rest_route=\/wp\/v2\/posts\/2120340\/revisions"}],"wp:attachment":[{"href":"https:\/\/analyse.optim.biz\/index.php?rest_route=%2Fwp%2Fv2%2Fmedia&parent=2120340"}],"wp:term":[{"taxonomy":"category","embeddable":true,"href":"https:\/\/analyse.optim.biz\/index.php?rest_route=%2Fwp%2Fv2%2Fcategories&post=2120340"},{"taxonomy":"post_tag","embeddable":true,"href":"https:\/\/analyse.optim.biz\/index.php?rest_route=%2Fwp%2Fv2%2Ftags&post=2120340"}],"curies":[{"name":"wp","href":"https:\/\/api.w.org\/{rel}","templated":true}]}}