{"id":2120339,"date":"2026-08-31T07:57:01","date_gmt":"2026-08-31T04:57:01","guid":{"rendered":"https:\/\/analyse.optim.biz\/?p=2120339"},"modified":"2026-08-31T07:57:01","modified_gmt":"2026-08-31T04:57:01","slug":"frica-arma-preferata-a-sistemului-merz-sperie-germania-cu-afd-ajuns-la-40-exact-cum-s-a-facut-si-in-romania","status":"publish","type":"post","link":"https:\/\/analyse.optim.biz\/?p=2120339","title":{"rendered":"Frica, arma preferat\u0103 a sistemului: Merz sperie Germania cu AfD \u2013 ajuns la 40%, exact cum s-a f\u0103cut \u0219i \u00een Rom\u00e2nia"},"content":{"rendered":"<p>[analyse_image type=&#8221;featured&#8221; src=&#8221;https:\/\/ortodoxinfo.ro\/wp-content\/uploads\/2026\/08\/8093873-hepta_mediafax_foto-abacapress_hepta-scaled.jpghttps:\/\/ortodoxinfo.ro\/wp-content\/uploads\/2026\/08\/8093873-hepta_mediafax_foto-abacapress_hepta-scaled.jpg&#8221;]<\/p>\n<article id=\"post-263144\" class=\"post-263144 post type-post status-publish format-standard has-post-thumbnail category-suveranism\">\n<header class=\"single-header\">\n<aside class=\"breadcrumb-wrap breadcrumb-yoast s-breadcrumb\">\n<div class=\"breadcrumb-inner\"><span><span><a href=\"https:\/\/ortodoxinfo.ro\/\">Prima pagin\u0103<\/a><\/span> \u00bb <span><a href=\"https:\/\/ortodoxinfo.ro\/blog\/\">Blog<\/a><\/span> \u00bb <span class=\"breadcrumb_last\" aria-current=\"page\">Frica, arma preferat\u0103 a sistemului: Merz sperie Germania cu AfD \u2013 ajuns la 40%, exact cum s-a f\u0103cut \u0219i \u00een Rom\u00e2nia<\/span><\/span><\/div>\n<\/aside>\n<h1 class=\"s-title fw-headline\">Frica, arma preferat\u0103 a sistemului: Merz sperie Germania cu AfD \u2013 ajuns la 40%, exact cum s-a f\u0103cut \u0219i \u00een Rom\u00e2nia<\/h1>\n<div class=\"single-meta meta-s-default yes-0\">\n<div class=\"smeta-in\"><a class=\"meta-el meta-avatar\" href=\"https:\/\/ortodoxinfo.ro\/author\/redactor\/\"><img loading=\"lazy\" decoding=\"async\" alt=\"OrtodoxINFO\" src=\"https:\/\/secure.gravatar.com\/avatar\/21010332354a182ce4de6016685c5586f21c51866d0ec5bc8ef383240b3c3e02?s=120&amp;r=g\" class=\"avatar avatar-120 photo\" height=\"120\" width=\"120\"><\/a><\/p>\n<div class=\"smeta-sec\">\n<div class=\"p-meta\">\n<div class=\"meta-inner is-meta\"><span class=\"meta-el meta-date\"><time datetime=\"2026-08-31T10:49:16+03:00\">31 august 2026<\/time><\/span><span class=\"meta-el meta-category meta-bold\"><a class=\"meta-separate category-20289\" href=\"https:\/\/ortodoxinfo.ro\/category\/suveranism\/\">Suveranism<\/a><\/span><span class=\"meta-el meta-view\">2.5k vizualiz\u0103ri\t\t<\/span><span class=\"meta-el meta-comment mobile-last-meta tablet-last-meta\"><a href=\"https:\/\/ortodoxinfo.ro\/2026\/08\/31\/frica-arma-preferata-a-sistemului-merz-sperie-germania-cu-afd-ajuns-la-40-exact-cum-s-a-facut-si-in-romania\/#respond\">Comentarii<\/a><\/span><\/div>\n<\/div>\n<\/div>\n<\/div>\n<div class=\"smeta-extra\">\n<div class=\"t-shared-sec tooltips-n has-read-meta is-color\">\n<div class=\"t-shared-header is-meta\"><span class=\"share-label\">Share<\/span><\/div>\n<\/div>\n<div class=\"single-right-meta single-time-read is-meta\"><span class=\"meta-el meta-read\">4 Min Read<\/span><\/div>\n<\/div>\n<\/div>\n<\/header>\n<div class=\"grid-container\">\n<div class=\"s-ct\">\n<div class=\"s-feat-outer\">\n<div class=\"s-feat\">\n<div class=\"featured-lightbox-trigger\" data-source=\"https:\/\/ortodoxinfo.ro\/wp-content\/uploads\/2026\/08\/8093873-hepta_mediafax_foto-abacapress_hepta-scaled.jpg\" data-caption data-attribution><img fetchpriority=\"high\" decoding=\"async\" width=\"860\" height=\"573\" src=\"https:\/\/ortodoxinfo.ro\/wp-content\/uploads\/2026\/08\/8093873-hepta_mediafax_foto-abacapress_hepta-scaled-860x573.jpg\" class=\"attachment-foxiz_crop_o1 size-foxiz_crop_o1 wp-post-image\" alt loading=\"eager\"><\/div>\n<\/div>\n<\/div>\n<div class=\"s-ct-wrap has-lsl\">\n<div class=\"s-ct-inner\">\n<div class=\"l-shared-sec-outer show-mobile\">\n<div class=\"l-shared-sec\">\n<div class=\"l-shared-header meta-text\"><span class=\"share-label\">SHARE<\/span><\/div>\n<\/div>\n<\/div>\n<div class=\"e-ct-outer\">\n<div class=\"entry-top\">\n<div id=\"custom_html-3\" class=\"widget_text widget entry-widget clearfix widget_custom_html\">\n<div class=\"textwidget custom-html-widget\">\n<div><small><br \/>\n    OrtodoxINFO este supus unui sabotaj sistematic din partea reprezentan\u021bilor Google Rom\u00e2nia, at\u00e2t la afi\u0219\u0103ri c\u00e2t \u0219i \u00een rezultatele de c\u0103utare.<br \/>\n        Astfel c\u0103 veniturile din publicitate au sc\u0103zut de p\u00e2n\u0103 la <strong>10 ori<\/strong>. Situa\u021bia este similar\u0103 \u0219i pe Facebook.<\/p>\n<p>        V\u0103 invit\u0103m s\u0103 accesa\u021bi direct site-ul \u0219i s\u0103 v\u0103 abona\u021bi la notific\u0103ri.<\/p>\n<p>    Dac\u0103 dori\u021bi s\u0103 ne sus\u021bine\u021bi \u00een aceast\u0103 perioad\u0103 dificil\u0103, orice <a href=\"https:\/\/ortodoxinfo.ro\/donatii\/\">dona\u021bie<\/a> este binevenit\u0103.<br \/>\n    Dumnezeu s\u0103 v\u0103 r\u0103spl\u0103teasc\u0103!<br \/>\n<\/small><\/div>\n<\/div>\n<\/div>\n<\/div>\n<div class=\"entry-content rbct clearfix is-highlight-shares\">\n<div class=\"ruby-table-contents rbtoc table-left table-fw-single-col\">\n<div class=\"toc-header\"><span class=\"h3\">Sumar<\/span><\/div>\n<div class=\"toc-content h5\"><a href=\"https:\/\/ortodoxinfo.ro\/2026\/08\/31\/frica-arma-preferata-a-sistemului-merz-sperie-germania-cu-afd-ajuns-la-40-exact-cum-s-a-facut-si-in-romania\/#aceeasi-reteta-folosita-si-la-noi\" class=\"table-link no-link anchor-link\" data-index=\"rb-heading-index-0\">Aceea\u0219i re\u021bet\u0103 folosit\u0103 \u0219i la noi<\/a><a href=\"https:\/\/ortodoxinfo.ro\/2026\/08\/31\/frica-arma-preferata-a-sistemului-merz-sperie-germania-cu-afd-ajuns-la-40-exact-cum-s-a-facut-si-in-romania\/#merz-si-logica-sistemului\" class=\"table-link no-link anchor-link\" data-index=\"rb-heading-index-1\">Merz \u0219i logica sistemului<\/a><a href=\"https:\/\/ortodoxinfo.ro\/2026\/08\/31\/frica-arma-preferata-a-sistemului-merz-sperie-germania-cu-afd-ajuns-la-40-exact-cum-s-a-facut-si-in-romania\/#lectia-pentru-noi\" class=\"table-link no-link anchor-link\" data-index=\"rb-heading-index-2\">Lec\u021bia pentru noi<\/a><\/div>\n<\/div>\n<p>Cancelarul german Friedrich Merz a scos din nou arma fricii. Cu o s\u0103pt\u0103m\u00e2n\u0103 \u00eenaintea alegerilor regionale din Saxonia-Anhalt, a avertizat c\u0103 o victorie a Alternativelor pentru Germania (AfD) ar provoca \u201edaune considerabile\u201d landului. Investitorii str\u0103ini ar fugi, economia ar suferi, guvernabilitatea ar fi pus\u0103 \u00een pericol. Mesajul e clar: voteaz\u0103-ne pe noi, altfel vine apocalipsa.<\/p>\n<p>AfD conduce deta\u0219at \u00een sondaje, cu aproximativ 40%, fa\u021b\u0103 de 23% pentru CDU-ul lui Merz. Forma\u021biunea vrea ie\u0219irea din Schengen, renun\u021barea la euro \u0219i controlul grani\u021belor. \u00cen viziunea establishmentului, asta \u00eenseamn\u0103 \u201eextrem\u0103 dreapt\u0103\u201d. \u00cen realitate, \u00eenseamn\u0103 suveranitate. Exact tipul de discurs pe care sistemul \u00eel demonizeaz\u0103 oriunde amenin\u021b\u0103 s\u0103-i fure puterea.<\/p>\n<h3 id=\"aceeasi-reteta-folosita-si-la-noi\" class=\"rb-heading-index-0\">Aceea\u0219i re\u021bet\u0103 folosit\u0103 \u0219i la noi<\/h3>\n<p>Schema e identic\u0103 cu cea aplicat\u0103 \u00een Rom\u00e2nia. C\u00e2nd partidele \u0219i candida\u021bii care vorbeau despre interes na\u021bional, controlul migra\u021biei, respingerea agendei exterioare sau simpla prioritate acordat\u0103 rom\u00e2nilor au \u00eenceput s\u0103 creasc\u0103, s-a activat ma\u0219in\u0103ria fricii. \u201eExtrem\u0103 dreapt\u0103\u201d, \u201epericol pentru democra\u021bie\u201d, \u201eizolare interna\u021bional\u0103\u201d, \u201epierderea fondurilor europene\u201d, \u201ehaos economic\u201d. O parte din electorat s-a l\u0103sat capturat de aceste scenarii. A votat \u201ecu fric\u0103\u201d, a ales personajele sistemului, cele care promit stabilitate \u0219i continuitate.<\/p>\n<p>Rezultatul se vede acum. Rom\u00e2nia culege roadele amare ale acelor alegeri. Politici care nu mai \u021bin cont de interesul na\u021bional, ci execut\u0103 o agend\u0103 venit din afar\u0103: migrare necontrolat\u0103, pre\u021buri energetice absurde, industrializare invers\u0103, cenzur\u0103 soft \u0219i o clas\u0103 politic\u0103 mai atent\u0103 la semnalele de la Bruxelles sau de aiurea dec\u00e2t la cet\u0103\u021benii proprii. Cei care au votat din team\u0103 au primit exact ceea ce li s-a promis c\u0103 vor evita: o \u021bar\u0103 din ce \u00een ce mai pu\u021bin st\u0103p\u00e2n\u0103 pe destinul ei.<\/p>\n<h3 id=\"merz-si-logica-sistemului\" class=\"rb-heading-index-1\">Merz \u0219i logica sistemului<\/h3>\n<p>Cancelarul german nu se opre\u0219te la avertismente economice. Spune c\u0103 nu-\u0219i poate imagina investitori interna\u021bionali inaugur\u00e2nd fabrici al\u0103turi de un ministru-pre\u0219edinte AfD. Traducerea e simpl\u0103: dac\u0103 nu ne vota\u021bi pe noi, capitalul va pedepsi regiunea. Este un \u0219antaj elegant, \u00eempachetat \u00een limbajul responsabilit\u0103\u021bii. CDU promite c\u0103 va face \u201etot posibilul\u201d s\u0103 \u00eempiedice un guvern AfD, inclusiv prin coali\u021bii complicate cu st\u00e2nga, dac\u0103 e nevoie. Principiul \u201ecordonului sanitar\u201d func\u021bioneaz\u0103 la fel peste tot: suverani\u0219tii sunt izola\u021bi, indiferent de scorul electoral.<\/p>\n<p>AfD nu are majoritate absolut\u0103 garantat\u0103 nici m\u0103car la 40%. Landurile au competen\u021be reale \u00een educa\u021bie, s\u0103n\u0103tate, poli\u021bie \u0219i migra\u021bie. O guvernare regional\u0103 AfD ar \u00eensemna, pentru prima dat\u0103, c\u0103 un partid care nu c\u00e2nt\u0103 pe partitura oficial\u0103 de\u021bine putere executiv\u0103. De aceea panic\u0103. De aceea Merz vorbe\u0219te despre \u201edaune\u201d. Nu despre programul economic al AfD, nu despre e\u0219ecurile politicilor actuale din estul Germaniei, ci despre monstrul care vine dac\u0103 oamenii voteaz\u0103 gre\u0219it.<\/p>\n<h3 id=\"lectia-pentru-noi\" class=\"rb-heading-index-2\">Lec\u021bia pentru noi<\/h3>\n<p>C\u00e2nd puterea \u00eencepe s\u0103 vorbeasc\u0103 intens despre \u201epericolul extremismului\u201d, de obicei \u00eenseamn\u0103 c\u0103 alternativele reale c\u00e2\u0219tig\u0103 teren. \u00cen Germania, frica este folosit\u0103 acum \u00eempotriva AfD. \u00cen Rom\u00e2nia a fost folosit\u0103 \u00eempotriva oricui a \u00eendr\u0103znit s\u0103 pun\u0103 interesul na\u021bional \u00eenaintea loialit\u0103\u021bii fa\u021b\u0103 de structurile externe. O parte din votan\u021bi a cedat. Azi pl\u0103te\u0219te pre\u021bul.<\/p>\n<p>Alegerile nu sunt despre a alege \u00eentre \u201ebine\u201d \u0219i \u201er\u0103u\u201d a\u0219a cum ni-l define\u0219te televiziunea \u0219i cancelarul. Sunt despre cine decide: poporul sau cei care \u021bin frica la \u00eendem\u00e2n\u0103 ca instrument de control. Saxonia-Anhalt va ar\u0103ta, peste c\u00e2teva zile, dac\u0103 germanii din est mai accept\u0103 s\u0103 fie speria\u021bi. Rom\u00e2nia a ar\u0103tat deja ce se \u00eent\u00e2mpl\u0103 c\u00e2nd o parte semnificativ\u0103 a aleg\u0103torilor alege frica \u00een loc de curaj. Roadele sunt amare. \u0218i tot mai greu de \u00eenghi\u021bit.<\/p>\n<\/div>\n<div class=\"entry-bottom\">\n<div id=\"block-9\" class=\"widget entry-widget clearfix widget_block\">\n<div><a href=\"https:\/\/suspend.ro\" target=\"_blank\" rel=\"noopener noreferrer\"><img decoding=\"async\" src=\"https:\/\/ortodoxinfo.ro\/wp-content\/uploads\/2026\/08\/FB_IMG_1786185261439.jpg\" alt=\"Verific\u0103 pe suspend.ro \u2013 Parlamentarii din jude\u021bul t\u0103u sus\u021bin suspendarea lui Nicu\u0219or Dan?\"><\/a><\/div>\n<\/div>\n<\/div>\n<\/div>\n<\/div>\n<div class=\"e-shared-sec entry-sec\">\n<div class=\"e-shared-header h4\"><span>Distribuie<\/span><\/div>\n<div class=\"rbbsl tooltips-n effect-fadeout is-bg\"><a class=\"share-action share-trigger icon-facebook\" aria-label=\"Share on Facebook\" href=\"https:\/\/www.facebook.com\/sharer.php?u=https%3A%2F%2Fortodoxinfo.ro%2F2026%2F08%2F31%2Ffrica-arma-preferata-a-sistemului-merz-sperie-germania-cu-afd-ajuns-la-40-exact-cum-s-a-facut-si-in-romania%2F\" data-title=\"Facebook\" rel=\"nofollow\"><span>Facebook<\/span><\/a><a class=\"share-action share-trigger icon-twitter\" aria-label=\"Share on X\" href=\"https:\/\/twitter.com\/intent\/tweet?text=Frica%2C+arma+preferat%C4%83+a+sistemului%3A+Merz+sperie+Germania+cu+AfD+%E2%80%93+ajuns+la+40%25%2C+exact+cum+s-a+f%C4%83cut+%C8%99i+%C3%AEn+Rom%C3%A2nia&amp;url=https%3A%2F%2Fortodoxinfo.ro%2F2026%2F08%2F31%2Ffrica-arma-preferata-a-sistemului-merz-sperie-germania-cu-afd-ajuns-la-40-exact-cum-s-a-facut-si-in-romania%2F&amp;via=ortodoxinforo\" data-title=\"X\" rel=\"nofollow\"><span>X<\/span><\/a><a class=\"share-action icon-whatsapp is-web\" aria-label=\"Share on Whatsapp\" href=\"https:\/\/web.whatsapp.com\/send?text=Frica%2C+arma+preferat%C4%83+a+sistemului%3A+Merz+sperie+Germania+cu+AfD+%E2%80%93+ajuns+la+40%25%2C+exact+cum+s-a+f%C4%83cut+%C8%99i+%C3%AEn+Rom%C3%A2nia%20%E2%98%9E%20https%3A%2F%2Fortodoxinfo.ro%2F2026%2F08%2F31%2Ffrica-arma-preferata-a-sistemului-merz-sperie-germania-cu-afd-ajuns-la-40-exact-cum-s-a-facut-si-in-romania%2F\" target=\"_blank\" data-title=\"WhatsApp\" rel=\"nofollow\"><span>Whatsapp<\/span><\/a><a class=\"share-action icon-whatsapp is-mobile\" aria-label=\"Share on Whatsapp\" href=\"\/\/send?text=Frica%2C+arma+preferat%C4%83+a+sistemului%3A+Merz+sperie+Germania+cu+AfD+%E2%80%93+ajuns+la+40%25%2C+exact+cum+s-a+f%C4%83cut+%C8%99i+%C3%AEn+Rom%C3%A2nia%20%E2%98%9E%20https%3A%2F%2Fortodoxinfo.ro%2F2026%2F08%2F31%2Ffrica-arma-preferata-a-sistemului-merz-sperie-germania-cu-afd-ajuns-la-40-exact-cum-s-a-facut-si-in-romania%2F\" target=\"_blank\" data-title=\"WhatsApp\" rel=\"nofollow\"><span>Whatsapp<\/span><\/a><a class=\"share-action share-trigger icon-telegram\" aria-label=\"Share on Telegram\" href=\"https:\/\/t.me\/share\/?url=https%3A%2F%2Fortodoxinfo.ro%2F2026%2F08%2F31%2Ffrica-arma-preferata-a-sistemului-merz-sperie-germania-cu-afd-ajuns-la-40-exact-cum-s-a-facut-si-in-romania%2F&amp;text=Frica%2C+arma+preferat%C4%83+a+sistemului%3A+Merz+sperie+Germania+cu+AfD+%E2%80%93+ajuns+la+40%25%2C+exact+cum+s-a+f%C4%83cut+%C8%99i+%C3%AEn+Rom%C3%A2nia\" data-title=\"Telegram\" rel=\"nofollow\"><span>Telegram<\/span><\/a><a class=\"share-action icon-copy copy-trigger\" aria-label=\"Copy Link\" href=\"https:\/\/ortodoxinfo.ro\/2026\/08\/31\/frica-arma-preferata-a-sistemului-merz-sperie-germania-cu-afd-ajuns-la-40-exact-cum-s-a-facut-si-in-romania\/\" data-copied=\"Copied!\" data-link=\"https:\/\/ortodoxinfo.ro\/2026\/08\/31\/frica-arma-preferata-a-sistemului-merz-sperie-germania-cu-afd-ajuns-la-40-exact-cum-s-a-facut-si-in-romania\/\" rel=\"nofollow\" data-copy=\"Copy Link\"><span>Copy Link<\/span><\/a><a class=\"share-action icon-print\" aria-label=\"Print\" rel=\"nofollow\" data-title=\"Print\"><span>Print<\/span><\/a><\/div>\n<\/div>\n<\/div>\n<div id=\"tabs\" class=\"dntplgn_form_wrapper\"><span><\/p>\n<h2>\u0218tirile sunt sub cenzur\u0103! Sprijini\u021bi OrtodoxINFO!<\/h2>\n<p>Guvernul nu dore\u0219te aflarea adev\u0103rului despre lovitura de stat \u0219i \u00eengenuncherea Rom\u00e2niei. \u00cencerc\u0103m s\u0103 men\u021binem viu acest site \u0219i s\u0103 v\u0103 punem la dispozi\u021bie informa\u021bii care s\u0103 fac\u0103 lumin\u0103 \u00een cea mai mare provocare pe care o tr\u0103im. Jurnalismul independent al portalului OrtodoxINFO func\u021bioneaz\u0103 strict cu ajutorul cititorilor.<br \/>\nNe pute\u021bi sprijini printr-o <b><a href=\"https:\/\/ortodoxinfo.ro\/donatii\/\">dona\u021bie bancar\u0103<\/a> sau prin PayPal, complet\u00e2nd formularul de mai jos.<\/b><\/span><\/p>\n<ul>\n<li><a href=\"https:\/\/ortodoxinfo.ro\/2026\/08\/31\/frica-arma-preferata-a-sistemului-merz-sperie-germania-cu-afd-ajuns-la-40-exact-cum-s-a-facut-si-in-romania\/#tabs-1\">Dona\u021bie lunar\u0103<\/a><\/li>\n<li><a href=\"https:\/\/ortodoxinfo.ro\/2026\/08\/31\/frica-arma-preferata-a-sistemului-merz-sperie-germania-cu-afd-ajuns-la-40-exact-cum-s-a-facut-si-in-romania\/#tabs-2\">Doar acum<\/a><\/li>\n<\/ul>\n<div id=\"tabs-1\"><img loading=\"lazy\" decoding=\"async\" alt border=\"0\" src=\"https:\/\/www.paypalobjects.com\/en_US\/i\/scr\/pixel.gif\" width=\"1\" height=\"1\"><\/div>\n<div id=\"tabs-2\">\n<p>\t\t     \u20ac<\/p>\n<p>\t\t    <img loading=\"lazy\" decoding=\"async\" alt border=\"0\" src=\"https:\/\/www.paypalobjects.com\/en_US\/i\/scr\/pixel.gif\" width=\"1\" height=\"1\"><\/div>\n<p>Mul\u021bumim celor care ne-au ajutat p\u00e2n\u0103 acum!\n\t<\/p><\/div>\n<div class=\"comment-box-wrap entry-sec\">\n<div class=\"comment-box-header\"><span class=\"h3\">Las\u0103 un comentariu<\/span><\/div>\n<div class=\"comment-holder no-comment\">\n<div id=\"comments\" class=\"comments-area\">\n<div id=\"respond\" class=\"comment-respond\">\n<h3 id=\"reply-title\" class=\"comment-reply-title\">Las\u0103 un r\u0103spuns <small><a rel=\"nofollow\" id=\"cancel-comment-reply-link\" href=\"https:\/\/ortodoxinfo.ro\/2026\/08\/31\/frica-arma-preferata-a-sistemului-merz-sperie-germania-cu-afd-ajuns-la-40-exact-cum-s-a-facut-si-in-romania\/#respond\">Anuleaz\u0103 r\u0103spunsul<\/a><\/small><\/h3>\n<p class=\"comment-notes\"><span id=\"email-notes\">Adresa ta de email nu va fi publicat\u0103.<\/span><span class=\"required-field-message\">C\u00e2mpurile obligatorii sunt marcate cu <span class=\"required\">*<\/span><\/span><\/p>\n<\/div>\n<\/div>\n<\/div>\n<\/div>\n<\/div>\n<div class=\"sidebar-wrap single-sidebar\">\n<div class=\"sidebar-inner clearfix\">\n<div id=\"widget-post-2\" class=\"widget rb-section w-sidebar clearfix widget-post\">\n<div class=\"block-h widget-heading heading-layout-1\">\n<div class=\"heading-inner\">\n<h4 class=\"heading-title\"><span>Articole recente<\/span><\/h4>\n<\/div>\n<\/div>\n<div class=\"widget-p-listing\">\n<div class=\"p-wrap p-small p-list-small-2\" data-pid=\"263233\">\n<div class=\"feat-holder\">\n<div class=\"p-featured ratio-v1\"><a class=\"p-flink\" href=\"https:\/\/ortodoxinfo.ro\/2026\/08\/31\/de-ce-cea-mai-bogata-regiune-din-vestul-germaniei-voteaza-cu-afd\/\" title=\"De ce cea mai bogat\u0103 regiune din Vestul Germaniei voteaz\u0103 cu AfD?\"><img decoding=\"async\" width=\"150\" height=\"150\" src=\"https:\/\/ortodoxinfo.ro\/wp-content\/uploads\/2026\/08\/de-ce-voteaza-cu-afd-cea-mai-bogata-regiune-din-vestul-germaniei-84371-150x150.png\" class=\"featured-img wp-post-image\" alt loading=\"lazy\"><\/a><\/div>\n<\/div>\n<div class=\"p-content\">\n<h5 class=\"entry-title\"><a class=\"p-url\" href=\"https:\/\/ortodoxinfo.ro\/2026\/08\/31\/de-ce-cea-mai-bogata-regiune-din-vestul-germaniei-voteaza-cu-afd\/\" rel=\"bookmark\">De ce cea mai bogat\u0103 regiune din Vestul Germaniei voteaz\u0103 cu AfD?<\/a><\/h5>\n<div class=\"p-meta\">\n<div class=\"meta-inner is-meta\"><span class=\"meta-el meta-date\"><time datetime=\"2026-08-31T13:30:18+03:00\">31 august 2026<\/time><\/span><span class=\"meta-el meta-category meta-bold\"><a class=\"meta-separate category-20289\" href=\"https:\/\/ortodoxinfo.ro\/category\/suveranism\/\">Suveranism<\/a><\/span><span class=\"meta-el meta-view\">854 vizualiz\u0103ri\t\t<\/span><\/div>\n<\/div>\n<\/div>\n<\/div>\n<div class=\"p-wrap p-small p-list-small-2\" data-pid=\"263222\">\n<div class=\"feat-holder\">\n<div class=\"p-featured ratio-v1\"><a class=\"p-flink\" href=\"https:\/\/ortodoxinfo.ro\/2026\/08\/31\/george-simion-pana-cel-putin-pe-21-septembrie-nu-va-fi-desemnat-niciun-premier-ce-spune-liderul-aur-despre-participarea-la-guvernare\/\" title=\"George Simion: P\u00e2n\u0103 cel pu\u021bin pe 21 septembrie nu va fi desemnat niciun premier. Ce spune liderul AUR despre participarea la guvernare\"><img decoding=\"async\" width=\"150\" height=\"150\" src=\"https:\/\/ortodoxinfo.ro\/wp-content\/uploads\/2026\/08\/george-simion-plen-1536x1024-1-e1783790461942-150x150.jpg\" class=\"featured-img wp-post-image\" alt loading=\"lazy\"><\/a><\/div>\n<\/div>\n<div class=\"p-content\">\n<h5 class=\"entry-title\"><a class=\"p-url\" href=\"https:\/\/ortodoxinfo.ro\/2026\/08\/31\/george-simion-pana-cel-putin-pe-21-septembrie-nu-va-fi-desemnat-niciun-premier-ce-spune-liderul-aur-despre-participarea-la-guvernare\/\" rel=\"bookmark\">George Simion: P\u00e2n\u0103 cel pu\u021bin pe 21 septembrie nu va fi desemnat niciun premier. Ce spune liderul AUR despre participarea la guvernare<\/a><\/h5>\n<div class=\"p-meta\">\n<div class=\"meta-inner is-meta\"><span class=\"meta-el meta-date\"><time datetime=\"2026-08-31T13:27:37+03:00\">31 august 2026<\/time><\/span><span class=\"meta-el meta-category meta-bold\"><a class=\"meta-separate category-19866\" href=\"https:\/\/ortodoxinfo.ro\/category\/lupta-pentru-romania\/\">Lupt\u0103 pentru Rom\u00e2nia<\/a><\/span><span class=\"meta-el meta-view\">1.1k vizualiz\u0103ri\t\t<\/span><\/div>\n<\/div>\n<\/div>\n<\/div>\n<div class=\"p-wrap p-small p-list-small-2\" data-pid=\"263231\">\n<div class=\"feat-holder\">\n<div class=\"p-featured ratio-v1\"><a class=\"p-flink\" href=\"https:\/\/ortodoxinfo.ro\/2026\/08\/31\/islanda-a-demonstrat-ca-ue-merge-spre-dezintegrare-sub-conducerea-urssulei-von-der-leyen\/\" title=\"Islanda a demonstrat c\u0103 UE merge spre dezintegrare, sub conducerea URSSulei von der Leyen\"><img decoding=\"async\" width=\"150\" height=\"150\" src=\"https:\/\/ortodoxinfo.ro\/wp-content\/uploads\/2026\/08\/FB_IMG_1788166126874-150x150.jpg\" class=\"featured-img wp-post-image\" alt loading=\"lazy\"><\/a><\/div>\n<\/div>\n<div class=\"p-content\">\n<h5 class=\"entry-title\"><a class=\"p-url\" href=\"https:\/\/ortodoxinfo.ro\/2026\/08\/31\/islanda-a-demonstrat-ca-ue-merge-spre-dezintegrare-sub-conducerea-urssulei-von-der-leyen\/\" rel=\"bookmark\">Islanda a demonstrat c\u0103 UE merge spre dezintegrare, sub conducerea URSSulei von der Leyen<\/a><\/h5>\n<div class=\"p-meta\">\n<div class=\"meta-inner is-meta\"><span class=\"meta-el meta-date\"><time datetime=\"2026-08-31T13:13:08+03:00\">31 august 2026<\/time><\/span><span class=\"meta-el meta-category meta-bold\"><a class=\"meta-separate category-1538\" href=\"https:\/\/ortodoxinfo.ro\/category\/anti-sistem\/uniunea-europeana\/\">Uniunea european\u0103<\/a><\/span><span class=\"meta-el meta-view\">1.2k vizualiz\u0103ri\t\t<\/span><\/div>\n<\/div>\n<\/div>\n<\/div>\n<div class=\"p-wrap p-small p-list-small-2\" data-pid=\"263150\">\n<div class=\"feat-holder\">\n<div class=\"p-featured ratio-v1\"><a class=\"p-flink\" href=\"https:\/\/ortodoxinfo.ro\/2026\/08\/31\/bucurestiul-ramane-majoritar-imbecil-o-capitala-ce-nu-a-inteles-ca-romania-trebuie-sa-elimine-total-mafia-psd-pnl-usr\/\" title=\"Bucure\u0219tiul r\u0103m\u00e2ne majoritar IMBECIL! O Capital\u0103 ce nu a \u00een\u021beles c\u0103 Rom\u00e2nia trebuie s\u0103 elimine TOTAL mafia PSD-PNL-USR\"><img decoding=\"async\" width=\"150\" height=\"150\" src=\"https:\/\/ortodoxinfo.ro\/wp-content\/uploads\/2026\/08\/sondaj.webp-150x150.webp\" class=\"featured-img wp-post-image\" alt loading=\"lazy\"><\/a><\/div>\n<\/div>\n<div class=\"p-content\">\n<h5 class=\"entry-title\"><a class=\"p-url\" href=\"https:\/\/ortodoxinfo.ro\/2026\/08\/31\/bucurestiul-ramane-majoritar-imbecil-o-capitala-ce-nu-a-inteles-ca-romania-trebuie-sa-elimine-total-mafia-psd-pnl-usr\/\" rel=\"bookmark\">Bucure\u0219tiul r\u0103m\u00e2ne majoritar IMBECIL! O Capital\u0103 ce nu a \u00een\u021beles c\u0103 Rom\u00e2nia trebuie s\u0103 elimine TOTAL mafia PSD-PNL-USR<\/a><\/h5>\n<div class=\"p-meta\">\n<div class=\"meta-inner is-meta\"><span class=\"meta-el meta-date\"><time datetime=\"2026-08-31T10:41:31+03:00\">31 august 2026<\/time><\/span><span class=\"meta-el meta-category meta-bold\"><a class=\"meta-separate category-19885\" href=\"https:\/\/ortodoxinfo.ro\/category\/anti-sistem\/anti-romanism\/asasinii-tarii\/\">Asasinii \u021b\u0103rii<\/a><\/span><span class=\"meta-el meta-view\">7.5k vizualiz\u0103ri\t\t<\/span><\/div>\n<\/div>\n<\/div>\n<\/div>\n<\/div>\n<\/div>\n<div id=\"custom_html-2\" class=\"widget_text widget rb-section w-sidebar clearfix widget_custom_html\">\n<div class=\"block-h widget-heading heading-layout-1\">\n<div class=\"heading-inner\">\n<h4 class=\"heading-title\"><span>DONA\u021aII \u00een cont bancar<\/span><\/h4>\n<\/div>\n<\/div>\n<div class=\"textwidget custom-html-widget\">\n<table class=\"donatii\">\n<tbody>\n<tr>\n<th colspan=\"2\"><strong><span>Asicia\u021bia SMI-B<\/span><\/strong><\/th>\n<\/tr>\n<tr>\n<th>Cont LEI<\/th>\n<td>RO67CECEB00030RON2081955<\/td>\n<\/tr>\n<tr>\n<th>Cont EURO<\/th>\n<td>RO33CECEB000C1EUR2081978<\/td>\n<\/tr>\n<tr>\n<th>Cod SWIFT<\/th>\n<td>CECEROBU<\/td>\n<\/tr>\n<tr>\n<th colspan=\"2\"><strong>CEC BANK SA<\/strong><\/th>\n<\/tr>\n<\/tbody>\n<\/table>\n<\/div>\n<\/div>\n<\/div>\n<\/div>\n<\/div>\n<\/article>\n<div class=\"entry-content rbct clearfix is-highlight-shares\">\n<div class=\"ruby-table-contents rbtoc table-left table-fw-single-col\">\n<div class=\"toc-header\"><span class=\"h3\">Sumar<\/span><\/div>\n<div class=\"toc-content h5\"><a href=\"https:\/\/ortodoxinfo.ro\/2026\/08\/31\/frica-arma-preferata-a-sistemului-merz-sperie-germania-cu-afd-ajuns-la-40-exact-cum-s-a-facut-si-in-romania\/#aceeasi-reteta-folosita-si-la-noi\" class=\"table-link no-link anchor-link\" data-index=\"rb-heading-index-0\">Aceea\u0219i re\u021bet\u0103 folosit\u0103 \u0219i la noi<\/a><a href=\"https:\/\/ortodoxinfo.ro\/2026\/08\/31\/frica-arma-preferata-a-sistemului-merz-sperie-germania-cu-afd-ajuns-la-40-exact-cum-s-a-facut-si-in-romania\/#merz-si-logica-sistemului\" class=\"table-link no-link anchor-link\" data-index=\"rb-heading-index-1\">Merz \u0219i logica sistemului<\/a><a href=\"https:\/\/ortodoxinfo.ro\/2026\/08\/31\/frica-arma-preferata-a-sistemului-merz-sperie-germania-cu-afd-ajuns-la-40-exact-cum-s-a-facut-si-in-romania\/#lectia-pentru-noi\" class=\"table-link no-link anchor-link\" data-index=\"rb-heading-index-2\">Lec\u021bia pentru noi<\/a><\/div>\n<\/div>\n<p>Cancelarul german Friedrich Merz a scos din nou arma fricii. Cu o s\u0103pt\u0103m\u00e2n\u0103 \u00eenaintea alegerilor regionale din Saxonia-Anhalt, a avertizat c\u0103 o victorie a Alternativelor pentru Germania (AfD) ar provoca \u201edaune considerabile\u201d landului. Investitorii str\u0103ini ar fugi, economia ar suferi, guvernabilitatea ar fi pus\u0103 \u00een pericol. Mesajul e clar: voteaz\u0103-ne pe noi, altfel vine apocalipsa.<\/p>\n<p>AfD conduce deta\u0219at \u00een sondaje, cu aproximativ 40%, fa\u021b\u0103 de 23% pentru CDU-ul lui Merz. Forma\u021biunea vrea ie\u0219irea din Schengen, renun\u021barea la euro \u0219i controlul grani\u021belor. \u00cen viziunea establishmentului, asta \u00eenseamn\u0103 \u201eextrem\u0103 dreapt\u0103\u201d. \u00cen realitate, \u00eenseamn\u0103 suveranitate. Exact tipul de discurs pe care sistemul \u00eel demonizeaz\u0103 oriunde amenin\u021b\u0103 s\u0103-i fure puterea.<\/p>\n<h3 id=\"aceeasi-reteta-folosita-si-la-noi\" class=\"rb-heading-index-0\">Aceea\u0219i re\u021bet\u0103 folosit\u0103 \u0219i la noi<\/h3>\n<p>Schema e identic\u0103 cu cea aplicat\u0103 \u00een Rom\u00e2nia. C\u00e2nd partidele \u0219i candida\u021bii care vorbeau despre interes na\u021bional, controlul migra\u021biei, respingerea agendei exterioare sau simpla prioritate acordat\u0103 rom\u00e2nilor au \u00eenceput s\u0103 creasc\u0103, s-a activat ma\u0219in\u0103ria fricii. \u201eExtrem\u0103 dreapt\u0103\u201d, \u201epericol pentru democra\u021bie\u201d, \u201eizolare interna\u021bional\u0103\u201d, \u201epierderea fondurilor europene\u201d, \u201ehaos economic\u201d. O parte din electorat s-a l\u0103sat capturat de aceste scenarii. A votat \u201ecu fric\u0103\u201d, a ales personajele sistemului, cele care promit stabilitate \u0219i continuitate.<\/p>\n<p>Rezultatul se vede acum. Rom\u00e2nia culege roadele amare ale acelor alegeri. Politici care nu mai \u021bin cont de interesul na\u021bional, ci execut\u0103 o agend\u0103 venit din afar\u0103: migrare necontrolat\u0103, pre\u021buri energetice absurde, industrializare invers\u0103, cenzur\u0103 soft \u0219i o clas\u0103 politic\u0103 mai atent\u0103 la semnalele de la Bruxelles sau de aiurea dec\u00e2t la cet\u0103\u021benii proprii. Cei care au votat din team\u0103 au primit exact ceea ce li s-a promis c\u0103 vor evita: o \u021bar\u0103 din ce \u00een ce mai pu\u021bin st\u0103p\u00e2n\u0103 pe destinul ei.<\/p>\n<h3 id=\"merz-si-logica-sistemului\" class=\"rb-heading-index-1\">Merz \u0219i logica sistemului<\/h3>\n<p>Cancelarul german nu se opre\u0219te la avertismente economice. Spune c\u0103 nu-\u0219i poate imagina investitori interna\u021bionali inaugur\u00e2nd fabrici al\u0103turi de un ministru-pre\u0219edinte AfD. Traducerea e simpl\u0103: dac\u0103 nu ne vota\u021bi pe noi, capitalul va pedepsi regiunea. Este un \u0219antaj elegant, \u00eempachetat \u00een limbajul responsabilit\u0103\u021bii. CDU promite c\u0103 va face \u201etot posibilul\u201d s\u0103 \u00eempiedice un guvern AfD, inclusiv prin coali\u021bii complicate cu st\u00e2nga, dac\u0103 e nevoie. Principiul \u201ecordonului sanitar\u201d func\u021bioneaz\u0103 la fel peste tot: suverani\u0219tii sunt izola\u021bi, indiferent de scorul electoral.<\/p>\n<p>AfD nu are majoritate absolut\u0103 garantat\u0103 nici m\u0103car la 40%. Landurile au competen\u021be reale \u00een educa\u021bie, s\u0103n\u0103tate, poli\u021bie \u0219i migra\u021bie. O guvernare regional\u0103 AfD ar \u00eensemna, pentru prima dat\u0103, c\u0103 un partid care nu c\u00e2nt\u0103 pe partitura oficial\u0103 de\u021bine putere executiv\u0103. De aceea panic\u0103. De aceea Merz vorbe\u0219te despre \u201edaune\u201d. Nu despre programul economic al AfD, nu despre e\u0219ecurile politicilor actuale din estul Germaniei, ci despre monstrul care vine dac\u0103 oamenii voteaz\u0103 gre\u0219it.<\/p>\n<h3 id=\"lectia-pentru-noi\" class=\"rb-heading-index-2\">Lec\u021bia pentru noi<\/h3>\n<p>C\u00e2nd puterea \u00eencepe s\u0103 vorbeasc\u0103 intens despre \u201epericolul extremismului\u201d, de obicei \u00eenseamn\u0103 c\u0103 alternativele reale c\u00e2\u0219tig\u0103 teren. \u00cen Germania, frica este folosit\u0103 acum \u00eempotriva AfD. \u00cen Rom\u00e2nia a fost folosit\u0103 \u00eempotriva oricui a \u00eendr\u0103znit s\u0103 pun\u0103 interesul na\u021bional \u00eenaintea loialit\u0103\u021bii fa\u021b\u0103 de structurile externe. O parte din votan\u021bi a cedat. Azi pl\u0103te\u0219te pre\u021bul.<\/p>\n<p>Alegerile nu sunt despre a alege \u00eentre \u201ebine\u201d \u0219i \u201er\u0103u\u201d a\u0219a cum ni-l define\u0219te televiziunea \u0219i cancelarul. Sunt despre cine decide: poporul sau cei care \u021bin frica la \u00eendem\u00e2n\u0103 ca instrument de control. Saxonia-Anhalt va ar\u0103ta, peste c\u00e2teva zile, dac\u0103 germanii din est mai accept\u0103 s\u0103 fie speria\u021bi. Rom\u00e2nia a ar\u0103tat deja ce se \u00eent\u00e2mpl\u0103 c\u00e2nd o parte semnificativ\u0103 a aleg\u0103torilor alege frica \u00een loc de curaj. Roadele sunt amare. \u0218i tot mai greu de \u00eenghi\u021bit.<\/p>\n<\/div>\n<p>[analyse_source url=&#8221;https:\/\/ortodoxinfo.ro\/2026\/08\/31\/frica-arma-preferata-a-sistemului-merz-sperie-germania-cu-afd-ajuns-la-40-exact-cum-s-a-facut-si-in-romania\/&#8221;]<\/p>\n","protected":false},"excerpt":{"rendered":"<p>[analyse_image type=&#8221;featured&#8221; src=&#8221;https:\/\/ortodoxinfo.ro\/wp-content\/uploads\/2026\/08\/8093873-hepta_mediafax_foto-abacapress_hepta-scaled.jpghttps:\/\/ortodoxinfo.ro\/wp-content\/uploads\/2026\/08\/8093873-hepta_mediafax_foto-abacapress_hepta-scaled.jpg&#8221;] Prima pagin\u0103 \u00bb Blog \u00bb Frica, arma preferat\u0103 a sistemului: Merz sperie Germania cu AfD \u2013 ajuns la 40%, exact cum s-a f\u0103cut \u0219i \u00een Rom\u00e2nia Frica, arma preferat\u0103 a sistemului: Merz sperie Germania cu AfD \u2013 ajuns la 40%, exact cum s-a f\u0103cut \u0219i \u00een Rom\u00e2nia 31 august 2026Suveranism2.5k vizualiz\u0103ri Comentarii [&hellip;]<\/p>\n","protected":false},"author":1,"featured_media":0,"comment_status":"open","ping_status":"","sticky":false,"template":"","format":"standard","meta":{"footnotes":""},"categories":[89],"tags":[226,94],"class_list":["post-2120339","post","type-post","status-publish","format-standard","hentry","category-romania","tag-crawlmanager","tag-ortodoxinfo-ro"],"_links":{"self":[{"href":"https:\/\/analyse.optim.biz\/index.php?rest_route=\/wp\/v2\/posts\/2120339","targetHints":{"allow":["GET"]}}],"collection":[{"href":"https:\/\/analyse.optim.biz\/index.php?rest_route=\/wp\/v2\/posts"}],"about":[{"href":"https:\/\/analyse.optim.biz\/index.php?rest_route=\/wp\/v2\/types\/post"}],"author":[{"embeddable":true,"href":"https:\/\/analyse.optim.biz\/index.php?rest_route=\/wp\/v2\/users\/1"}],"replies":[{"embeddable":true,"href":"https:\/\/analyse.optim.biz\/index.php?rest_route=%2Fwp%2Fv2%2Fcomments&post=2120339"}],"version-history":[{"count":0,"href":"https:\/\/analyse.optim.biz\/index.php?rest_route=\/wp\/v2\/posts\/2120339\/revisions"}],"wp:attachment":[{"href":"https:\/\/analyse.optim.biz\/index.php?rest_route=%2Fwp%2Fv2%2Fmedia&parent=2120339"}],"wp:term":[{"taxonomy":"category","embeddable":true,"href":"https:\/\/analyse.optim.biz\/index.php?rest_route=%2Fwp%2Fv2%2Fcategories&post=2120339"},{"taxonomy":"post_tag","embeddable":true,"href":"https:\/\/analyse.optim.biz\/index.php?rest_route=%2Fwp%2Fv2%2Ftags&post=2120339"}],"curies":[{"name":"wp","href":"https:\/\/api.w.org\/{rel}","templated":true}]}}