{"id":2120337,"date":"2026-08-31T10:46:12","date_gmt":"2026-08-31T07:46:12","guid":{"rendered":"https:\/\/analyse.optim.biz\/?p=2120337"},"modified":"2026-08-31T10:46:12","modified_gmt":"2026-08-31T07:46:12","slug":"george-simion-pana-cel-putin-pe-21-septembrie-nu-va-fi-desemnat-niciun-premier-ce-spune-liderul-aur-despre-participarea-la-guvernare","status":"publish","type":"post","link":"https:\/\/analyse.optim.biz\/?p=2120337","title":{"rendered":"George Simion: P\u00e2n\u0103 cel pu\u021bin pe 21 septembrie nu va fi desemnat niciun premier. Ce spune liderul AUR despre participarea la guvernare"},"content":{"rendered":"<p>[analyse_image type=&#8221;featured&#8221; src=&#8221;https:\/\/ortodoxinfo.ro\/wp-content\/uploads\/2026\/08\/george-simion-plen-1536&#215;1024-1-e1783790461942.jpghttps:\/\/ortodoxinfo.ro\/wp-content\/uploads\/2026\/08\/george-simion-plen-1536&#215;1024-1-e1783790461942.jpg&#8221;]<\/p>\n<article id=\"post-263222\" class=\"post-263222 post type-post status-publish format-standard has-post-thumbnail category-lupta-pentru-romania\">\n<header class=\"single-header\">\n<aside class=\"breadcrumb-wrap breadcrumb-yoast s-breadcrumb\">\n<div class=\"breadcrumb-inner\"><span><span><a href=\"https:\/\/ortodoxinfo.ro\/\">Prima pagin\u0103<\/a><\/span> \u00bb <span><a href=\"https:\/\/ortodoxinfo.ro\/blog\/\">Blog<\/a><\/span> \u00bb <span class=\"breadcrumb_last\" aria-current=\"page\">George Simion: P\u00e2n\u0103 cel pu\u021bin pe 21 septembrie nu va fi desemnat niciun premier. Ce spune liderul AUR despre participarea la guvernare<\/span><\/span><\/div>\n<\/aside>\n<h1 class=\"s-title fw-headline\">George Simion: P\u00e2n\u0103 cel pu\u021bin pe 21 septembrie nu va fi desemnat niciun premier. Ce spune liderul AUR despre participarea la guvernare<\/h1>\n<div class=\"single-meta meta-s-default yes-0\">\n<div class=\"smeta-in\"><a class=\"meta-el meta-avatar\" href=\"https:\/\/ortodoxinfo.ro\/author\/redactor\/\"><img loading=\"lazy\" decoding=\"async\" alt=\"OrtodoxINFO\" src=\"https:\/\/secure.gravatar.com\/avatar\/21010332354a182ce4de6016685c5586f21c51866d0ec5bc8ef383240b3c3e02?s=120&amp;r=g\" class=\"avatar avatar-120 photo\" height=\"120\" width=\"120\"><\/a><\/p>\n<div class=\"smeta-sec\">\n<div class=\"p-meta\">\n<div class=\"meta-inner is-meta\"><span class=\"meta-el meta-date\"><time datetime=\"2026-08-31T13:27:37+03:00\">31 august 2026<\/time><\/span><span class=\"meta-el meta-category meta-bold\"><a class=\"meta-separate category-19866\" href=\"https:\/\/ortodoxinfo.ro\/category\/lupta-pentru-romania\/\">Lupt\u0103 pentru Rom\u00e2nia<\/a><\/span><span class=\"meta-el meta-view\">1k vizualiz\u0103ri\t\t<\/span><span class=\"meta-el meta-comment mobile-last-meta tablet-last-meta\"><a href=\"https:\/\/ortodoxinfo.ro\/2026\/08\/31\/george-simion-pana-cel-putin-pe-21-septembrie-nu-va-fi-desemnat-niciun-premier-ce-spune-liderul-aur-despre-participarea-la-guvernare\/#respond\">Comentarii<\/a><\/span><\/div>\n<\/div>\n<\/div>\n<\/div>\n<div class=\"smeta-extra\">\n<div class=\"t-shared-sec tooltips-n has-read-meta is-color\">\n<div class=\"t-shared-header is-meta\"><span class=\"share-label\">Share<\/span><\/div>\n<\/div>\n<div class=\"single-right-meta single-time-read is-meta\"><span class=\"meta-el meta-read\">3 Min Read<\/span><\/div>\n<\/div>\n<\/div>\n<\/header>\n<div class=\"grid-container\">\n<div class=\"s-ct\">\n<div class=\"s-feat-outer\">\n<div class=\"s-feat\">\n<div class=\"featured-lightbox-trigger\" data-source=\"https:\/\/ortodoxinfo.ro\/wp-content\/uploads\/2026\/08\/george-simion-plen-1536x1024-1-e1783790461942.jpg\" data-caption data-attribution><img fetchpriority=\"high\" decoding=\"async\" width=\"860\" height=\"492\" src=\"https:\/\/ortodoxinfo.ro\/wp-content\/uploads\/2026\/08\/george-simion-plen-1536x1024-1-e1783790461942-860x492.jpg\" class=\"attachment-foxiz_crop_o1 size-foxiz_crop_o1 wp-post-image\" alt loading=\"eager\"><\/div>\n<\/div>\n<\/div>\n<div class=\"s-ct-wrap has-lsl\">\n<div class=\"s-ct-inner\">\n<div class=\"l-shared-sec-outer show-mobile\">\n<div class=\"l-shared-sec\">\n<div class=\"l-shared-header meta-text\"><span class=\"share-label\">SHARE<\/span><\/div>\n<\/div>\n<\/div>\n<div class=\"e-ct-outer\">\n<div class=\"entry-top\">\n<div id=\"custom_html-3\" class=\"widget_text widget entry-widget clearfix widget_custom_html\">\n<div class=\"textwidget custom-html-widget\">\n<div><small><br \/>\n    OrtodoxINFO este supus unui sabotaj sistematic din partea reprezentan\u021bilor Google Rom\u00e2nia, at\u00e2t la afi\u0219\u0103ri c\u00e2t \u0219i \u00een rezultatele de c\u0103utare.<br \/>\n        Astfel c\u0103 veniturile din publicitate au sc\u0103zut de p\u00e2n\u0103 la <strong>10 ori<\/strong>. Situa\u021bia este similar\u0103 \u0219i pe Facebook.<\/p>\n<p>        V\u0103 invit\u0103m s\u0103 accesa\u021bi direct site-ul \u0219i s\u0103 v\u0103 abona\u021bi la notific\u0103ri.<\/p>\n<p>    Dac\u0103 dori\u021bi s\u0103 ne sus\u021bine\u021bi \u00een aceast\u0103 perioad\u0103 dificil\u0103, orice <a href=\"https:\/\/ortodoxinfo.ro\/donatii\/\">dona\u021bie<\/a> este binevenit\u0103.<br \/>\n    Dumnezeu s\u0103 v\u0103 r\u0103spl\u0103teasc\u0103!<br \/>\n<\/small><\/div>\n<\/div>\n<\/div>\n<\/div>\n<div class=\"entry-content rbct clearfix is-highlight-shares\">\n<p id=\"p-0\">George Simion declar\u0103 c\u0103 Nicu\u0219or Dan nu va desemna niciun premier cel pu\u021bin p\u00e2n\u0103 pe 21 septembrie. Liderul AUR a lansat un mesaj pe o re\u021bea de socializare \u00een care cere din nou alegeri anticipate \u0219i includerea forma\u021biunii sale \u00een formarea viitorului guvern. \u00cen urm\u0103 cu c\u00e2teva zile, pre\u0219edintele a anun\u021bat c\u0103 va re\u00eencepe de la 1 septembrie consult\u0103rile cu partidele \u0219i a precizat c\u0103 \u00een componen\u021ba viitorului executiv vor fi doar politicieni.<\/p>\n<p id=\"p-7\">\u201eP\u00e2n\u0103 cel pu\u021bin pe 21 septembrie nu va fi desemnat niciun premier! Ce merit\u0103 cei care au dus \u021bara \u00een aceast\u0103 gaur\u0103? vrem alegeri libere! L\u0103sa\u021bi-ne s\u0103 guvern\u0103m!\u201d, a scris George Simion, pe Facebook<\/p>\n<iframe loading=\"lazy\" src=\"https:\/\/www.facebook.com\/plugins\/post.php?href=https%3A%2F%2Fwww.facebook.com%2Fgeorge.simion.unire%2Fposts%2Fpfbid0DfwQt2JSgWQn5GCQGUKgpBbsPH7BDoNKNgbF2MMLGegNCEBpjKU1faZ2DFh44aGtl&amp;show_text=true&amp;width=500\" width=\"500\" height=\"480\" frameborder scrolling=\"no\" allowfullscreen=\"allowfullscreen\"><\/iframe>\n<p id=\"p-10\">\u201eCred c\u0103 con\u015ftientiz\u0103m cu to\u0163ii c\u0103 ar fi fost bine ca varianta Tomac s\u0103 treac\u0103 acum trei sau patru luni, c\u00e2nd a fost, \u015fi s\u0103 nu facem toat\u0103 aceast\u0103 echilibristic\u0103 cu Parlamentul, cu sesiuni extraordinare. Dup\u0103 cele dou\u0103 nominaliz\u0103ri am realizat c\u0103 nu exist\u0103 \u015fanse de majoritate pe perioada vacan\u0163ei parlamentare \u015fi atunci, inclusiv din perspectiva agen\u0163iilor de rating care urmau s\u0103 vin\u0103 s\u0103 evalueze Rom\u00e2nia, ar fi fost tare nefericit ca \u015ftirile din presa global\u0103 s\u0103 fie: al treilea guvern n-a fost \u00eenvestit, al patrulea guvern n-a fost \u00eenvestit \u00een Rom\u00e2nia. \u0102sta e motivul pentru care pe lunile iulie-august, \u00een afar\u0103 de discu\u0163ii permanente cu partidele politice, n-am f\u0103cut o desemnare. Acum, imediat, la 1 septembrie, o s\u0103 avem o nou\u0103 consultare, o s\u0103 vedem formal\u0103 sau informal\u0103, \u015fi eu cred c\u0103 vom g\u0103si o majoritate pentru un guvern care s\u0103 fie stabil\u201d, a afirmat Nicu\u015for Dan, joi sear\u0103, la Chi\u015fin\u0103u, unde a sus\u0163inut o conferin\u0163\u0103 de pres\u0103.<\/p>\n<p>El a precizat c\u0103 prima rund\u0103 de consult\u0103ri cu partidele va avea loc \u00eenainte de plecarea sa la summit-ul ONU de la New York. Pre\u015fedintele a refuzat s\u0103 discute eventuale variante de majorit\u0103\u0163i parlamentare care s\u0103 sus\u0163in\u0103 un viitor guvern.<\/p>\n<p>\u201eNu vreau s\u0103 m\u0103 lansez acum \u00een\u2026 Bine\u00een\u0163eles c\u0103 sunt multe ipoteze de lucru, c\u0103 pe aceste ipoteze au fost nenum\u0103rate discu\u0163ii cu toate p\u0103r\u0163ile, dar \u00eenainte s\u0103 venim cu nominalizare, nu cred c\u0103 e util s\u0103 facem discu\u0163ia asta \u00een spa\u0163iul public\u201d, a ad\u0103ugat Nicu\u015for Dan.<\/p>\n<p>Dan a precizat c\u0103 va fi, cel mai probabil, un guvern politic.<\/p>\n<p>\u201e\u00cen acest moment, nu v\u0103d sus\u0163inere pentru un guvern cu mini\u015ftri tehnocra\u0163i. Deci este mult mai probabil un guvern cu mini\u015ftri politici\u201d, a ad\u0103ugat Nicu\u015for Dan.<\/p>\n<\/div>\n<div class=\"entry-bottom\">\n<div id=\"block-9\" class=\"widget entry-widget clearfix widget_block\">\n<div><a href=\"https:\/\/suspend.ro\" target=\"_blank\" rel=\"noopener noreferrer\"><img decoding=\"async\" src=\"https:\/\/ortodoxinfo.ro\/wp-content\/uploads\/2026\/08\/FB_IMG_1786185261439.jpg\" alt=\"Verific\u0103 pe suspend.ro \u2013 Parlamentarii din jude\u021bul t\u0103u sus\u021bin suspendarea lui Nicu\u0219or Dan?\"><\/a><\/div>\n<\/div>\n<\/div>\n<\/div>\n<\/div>\n<div class=\"e-shared-sec entry-sec\">\n<div class=\"e-shared-header h4\"><span>Distribuie<\/span><\/div>\n<div class=\"rbbsl tooltips-n effect-fadeout is-bg\"><a class=\"share-action share-trigger icon-facebook\" aria-label=\"Share on Facebook\" href=\"https:\/\/www.facebook.com\/sharer.php?u=https%3A%2F%2Fortodoxinfo.ro%2F2026%2F08%2F31%2Fgeorge-simion-pana-cel-putin-pe-21-septembrie-nu-va-fi-desemnat-niciun-premier-ce-spune-liderul-aur-despre-participarea-la-guvernare%2F\" data-title=\"Facebook\" rel=\"nofollow\"><span>Facebook<\/span><\/a><a class=\"share-action share-trigger icon-twitter\" aria-label=\"Share on X\" href=\"https:\/\/twitter.com\/intent\/tweet?text=George+Simion%3A+P%C3%A2n%C4%83+cel+pu%C8%9Bin+pe+21+septembrie+nu+va+fi+desemnat+niciun+premier.+Ce+spune+liderul+AUR+despre+participarea+la+guvernare&amp;url=https%3A%2F%2Fortodoxinfo.ro%2F2026%2F08%2F31%2Fgeorge-simion-pana-cel-putin-pe-21-septembrie-nu-va-fi-desemnat-niciun-premier-ce-spune-liderul-aur-despre-participarea-la-guvernare%2F&amp;via=ortodoxinforo\" data-title=\"X\" rel=\"nofollow\"><span>X<\/span><\/a><a class=\"share-action icon-whatsapp is-web\" aria-label=\"Share on Whatsapp\" href=\"https:\/\/web.whatsapp.com\/send?text=George+Simion%3A+P%C3%A2n%C4%83+cel+pu%C8%9Bin+pe+21+septembrie+nu+va+fi+desemnat+niciun+premier.+Ce+spune+liderul+AUR+despre+participarea+la+guvernare%20%E2%98%9E%20https%3A%2F%2Fortodoxinfo.ro%2F2026%2F08%2F31%2Fgeorge-simion-pana-cel-putin-pe-21-septembrie-nu-va-fi-desemnat-niciun-premier-ce-spune-liderul-aur-despre-participarea-la-guvernare%2F\" target=\"_blank\" data-title=\"WhatsApp\" rel=\"nofollow\"><span>Whatsapp<\/span><\/a><a class=\"share-action icon-whatsapp is-mobile\" aria-label=\"Share on Whatsapp\" href=\"\/\/send?text=George+Simion%3A+P%C3%A2n%C4%83+cel+pu%C8%9Bin+pe+21+septembrie+nu+va+fi+desemnat+niciun+premier.+Ce+spune+liderul+AUR+despre+participarea+la+guvernare%20%E2%98%9E%20https%3A%2F%2Fortodoxinfo.ro%2F2026%2F08%2F31%2Fgeorge-simion-pana-cel-putin-pe-21-septembrie-nu-va-fi-desemnat-niciun-premier-ce-spune-liderul-aur-despre-participarea-la-guvernare%2F\" target=\"_blank\" data-title=\"WhatsApp\" rel=\"nofollow\"><span>Whatsapp<\/span><\/a><a class=\"share-action share-trigger icon-telegram\" aria-label=\"Share on Telegram\" href=\"https:\/\/t.me\/share\/?url=https%3A%2F%2Fortodoxinfo.ro%2F2026%2F08%2F31%2Fgeorge-simion-pana-cel-putin-pe-21-septembrie-nu-va-fi-desemnat-niciun-premier-ce-spune-liderul-aur-despre-participarea-la-guvernare%2F&amp;text=George+Simion%3A+P%C3%A2n%C4%83+cel+pu%C8%9Bin+pe+21+septembrie+nu+va+fi+desemnat+niciun+premier.+Ce+spune+liderul+AUR+despre+participarea+la+guvernare\" data-title=\"Telegram\" rel=\"nofollow\"><span>Telegram<\/span><\/a><a class=\"share-action icon-copy copy-trigger\" aria-label=\"Copy Link\" href=\"https:\/\/ortodoxinfo.ro\/2026\/08\/31\/george-simion-pana-cel-putin-pe-21-septembrie-nu-va-fi-desemnat-niciun-premier-ce-spune-liderul-aur-despre-participarea-la-guvernare\/\" data-copied=\"Copied!\" data-link=\"https:\/\/ortodoxinfo.ro\/2026\/08\/31\/george-simion-pana-cel-putin-pe-21-septembrie-nu-va-fi-desemnat-niciun-premier-ce-spune-liderul-aur-despre-participarea-la-guvernare\/\" rel=\"nofollow\" data-copy=\"Copy Link\"><span>Copy Link<\/span><\/a><a class=\"share-action icon-print\" aria-label=\"Print\" rel=\"nofollow\" data-title=\"Print\"><span>Print<\/span><\/a><\/div>\n<\/div>\n<\/div>\n<div id=\"tabs\" class=\"dntplgn_form_wrapper\"><span><\/p>\n<h2>\u0218tirile sunt sub cenzur\u0103! Sprijini\u021bi OrtodoxINFO!<\/h2>\n<p>Guvernul nu dore\u0219te aflarea adev\u0103rului despre lovitura de stat \u0219i \u00eengenuncherea Rom\u00e2niei. \u00cencerc\u0103m s\u0103 men\u021binem viu acest site \u0219i s\u0103 v\u0103 punem la dispozi\u021bie informa\u021bii care s\u0103 fac\u0103 lumin\u0103 \u00een cea mai mare provocare pe care o tr\u0103im. Jurnalismul independent al portalului OrtodoxINFO func\u021bioneaz\u0103 strict cu ajutorul cititorilor.<br \/>\nNe pute\u021bi sprijini printr-o <b><a href=\"https:\/\/ortodoxinfo.ro\/donatii\/\">dona\u021bie bancar\u0103<\/a> sau prin PayPal, complet\u00e2nd formularul de mai jos.<\/b><\/span><\/p>\n<ul>\n<li><a href=\"https:\/\/ortodoxinfo.ro\/2026\/08\/31\/george-simion-pana-cel-putin-pe-21-septembrie-nu-va-fi-desemnat-niciun-premier-ce-spune-liderul-aur-despre-participarea-la-guvernare\/#tabs-1\">Dona\u021bie lunar\u0103<\/a><\/li>\n<li><a href=\"https:\/\/ortodoxinfo.ro\/2026\/08\/31\/george-simion-pana-cel-putin-pe-21-septembrie-nu-va-fi-desemnat-niciun-premier-ce-spune-liderul-aur-despre-participarea-la-guvernare\/#tabs-2\">Doar acum<\/a><\/li>\n<\/ul>\n<div id=\"tabs-1\"><img loading=\"lazy\" decoding=\"async\" alt border=\"0\" src=\"https:\/\/www.paypalobjects.com\/en_US\/i\/scr\/pixel.gif\" width=\"1\" height=\"1\"><\/div>\n<div id=\"tabs-2\">\n<p>\t\t     \u20ac<\/p>\n<p>\t\t    <img loading=\"lazy\" decoding=\"async\" alt border=\"0\" src=\"https:\/\/www.paypalobjects.com\/en_US\/i\/scr\/pixel.gif\" width=\"1\" height=\"1\"><\/div>\n<p>Mul\u021bumim celor care ne-au ajutat p\u00e2n\u0103 acum!\n\t<\/p><\/div>\n<div class=\"comment-box-wrap entry-sec\">\n<div class=\"comment-box-header\"><span class=\"h3\">Las\u0103 un comentariu<\/span><\/div>\n<div class=\"comment-holder no-comment\">\n<div id=\"comments\" class=\"comments-area\">\n<div id=\"respond\" class=\"comment-respond\">\n<h3 id=\"reply-title\" class=\"comment-reply-title\">Las\u0103 un r\u0103spuns <small><a rel=\"nofollow\" id=\"cancel-comment-reply-link\" href=\"https:\/\/ortodoxinfo.ro\/2026\/08\/31\/george-simion-pana-cel-putin-pe-21-septembrie-nu-va-fi-desemnat-niciun-premier-ce-spune-liderul-aur-despre-participarea-la-guvernare\/#respond\">Anuleaz\u0103 r\u0103spunsul<\/a><\/small><\/h3>\n<p class=\"comment-notes\"><span id=\"email-notes\">Adresa ta de email nu va fi publicat\u0103.<\/span><span class=\"required-field-message\">C\u00e2mpurile obligatorii sunt marcate cu <span class=\"required\">*<\/span><\/span><\/p>\n<\/div>\n<\/div>\n<\/div>\n<\/div>\n<\/div>\n<div class=\"sidebar-wrap single-sidebar\">\n<div class=\"sidebar-inner clearfix\">\n<div id=\"widget-post-2\" class=\"widget rb-section w-sidebar clearfix widget-post\">\n<div class=\"block-h widget-heading heading-layout-1\">\n<div class=\"heading-inner\">\n<h4 class=\"heading-title\"><span>Articole recente<\/span><\/h4>\n<\/div>\n<\/div>\n<div class=\"widget-p-listing\">\n<div class=\"p-wrap p-small p-list-small-2\" data-pid=\"263233\">\n<div class=\"feat-holder\">\n<div class=\"p-featured ratio-v1\"><a class=\"p-flink\" href=\"https:\/\/ortodoxinfo.ro\/2026\/08\/31\/de-ce-cea-mai-bogata-regiune-din-vestul-germaniei-voteaza-cu-afd\/\" title=\"De ce cea mai bogat\u0103 regiune din Vestul Germaniei voteaz\u0103 cu AfD?\"><img decoding=\"async\" width=\"150\" height=\"150\" src=\"https:\/\/ortodoxinfo.ro\/wp-content\/uploads\/2026\/08\/de-ce-voteaza-cu-afd-cea-mai-bogata-regiune-din-vestul-germaniei-84371-150x150.png\" class=\"featured-img wp-post-image\" alt loading=\"lazy\"><\/a><\/div>\n<\/div>\n<div class=\"p-content\">\n<h5 class=\"entry-title\"><a class=\"p-url\" href=\"https:\/\/ortodoxinfo.ro\/2026\/08\/31\/de-ce-cea-mai-bogata-regiune-din-vestul-germaniei-voteaza-cu-afd\/\" rel=\"bookmark\">De ce cea mai bogat\u0103 regiune din Vestul Germaniei voteaz\u0103 cu AfD?<\/a><\/h5>\n<div class=\"p-meta\">\n<div class=\"meta-inner is-meta\"><span class=\"meta-el meta-date\"><time datetime=\"2026-08-31T13:30:18+03:00\">31 august 2026<\/time><\/span><span class=\"meta-el meta-category meta-bold\"><a class=\"meta-separate category-20289\" href=\"https:\/\/ortodoxinfo.ro\/category\/suveranism\/\">Suveranism<\/a><\/span><span class=\"meta-el meta-view\">811 vizualiz\u0103ri\t\t<\/span><\/div>\n<\/div>\n<\/div>\n<\/div>\n<div class=\"p-wrap p-small p-list-small-2\" data-pid=\"263231\">\n<div class=\"feat-holder\">\n<div class=\"p-featured ratio-v1\"><a class=\"p-flink\" href=\"https:\/\/ortodoxinfo.ro\/2026\/08\/31\/islanda-a-demonstrat-ca-ue-merge-spre-dezintegrare-sub-conducerea-urssulei-von-der-leyen\/\" title=\"Islanda a demonstrat c\u0103 UE merge spre dezintegrare, sub conducerea URSSulei von der Leyen\"><img decoding=\"async\" width=\"150\" height=\"150\" src=\"https:\/\/ortodoxinfo.ro\/wp-content\/uploads\/2026\/08\/FB_IMG_1788166126874-150x150.jpg\" class=\"featured-img wp-post-image\" alt loading=\"lazy\"><\/a><\/div>\n<\/div>\n<div class=\"p-content\">\n<h5 class=\"entry-title\"><a class=\"p-url\" href=\"https:\/\/ortodoxinfo.ro\/2026\/08\/31\/islanda-a-demonstrat-ca-ue-merge-spre-dezintegrare-sub-conducerea-urssulei-von-der-leyen\/\" rel=\"bookmark\">Islanda a demonstrat c\u0103 UE merge spre dezintegrare, sub conducerea URSSulei von der Leyen<\/a><\/h5>\n<div class=\"p-meta\">\n<div class=\"meta-inner is-meta\"><span class=\"meta-el meta-date\"><time datetime=\"2026-08-31T13:13:08+03:00\">31 august 2026<\/time><\/span><span class=\"meta-el meta-category meta-bold\"><a class=\"meta-separate category-1538\" href=\"https:\/\/ortodoxinfo.ro\/category\/anti-sistem\/uniunea-europeana\/\">Uniunea european\u0103<\/a><\/span><span class=\"meta-el meta-view\">1.2k vizualiz\u0103ri\t\t<\/span><\/div>\n<\/div>\n<\/div>\n<\/div>\n<div class=\"p-wrap p-small p-list-small-2\" data-pid=\"263144\">\n<div class=\"feat-holder\">\n<div class=\"p-featured ratio-v1\"><a class=\"p-flink\" href=\"https:\/\/ortodoxinfo.ro\/2026\/08\/31\/frica-arma-preferata-a-sistemului-merz-sperie-germania-cu-afd-ajuns-la-40-exact-cum-s-a-facut-si-in-romania\/\" title=\"Frica, arma preferat\u0103 a sistemului: Merz sperie Germania cu AfD \u2013 ajuns la 40%, exact cum s-a f\u0103cut \u0219i \u00een Rom\u00e2nia\"><img decoding=\"async\" width=\"150\" height=\"150\" src=\"https:\/\/ortodoxinfo.ro\/wp-content\/uploads\/2026\/08\/8093873-hepta_mediafax_foto-abacapress_hepta-scaled-150x150.jpg\" class=\"featured-img wp-post-image\" alt loading=\"lazy\"><\/a><\/div>\n<\/div>\n<div class=\"p-content\">\n<h5 class=\"entry-title\"><a class=\"p-url\" href=\"https:\/\/ortodoxinfo.ro\/2026\/08\/31\/frica-arma-preferata-a-sistemului-merz-sperie-germania-cu-afd-ajuns-la-40-exact-cum-s-a-facut-si-in-romania\/\" rel=\"bookmark\">Frica, arma preferat\u0103 a sistemului: Merz sperie Germania cu AfD \u2013 ajuns la 40%, exact cum s-a f\u0103cut \u0219i \u00een Rom\u00e2nia<\/a><\/h5>\n<div class=\"p-meta\">\n<div class=\"meta-inner is-meta\"><span class=\"meta-el meta-date\"><time datetime=\"2026-08-31T10:49:16+03:00\">31 august 2026<\/time><\/span><span class=\"meta-el meta-category meta-bold\"><a class=\"meta-separate category-20289\" href=\"https:\/\/ortodoxinfo.ro\/category\/suveranism\/\">Suveranism<\/a><\/span><span class=\"meta-el meta-view\">2.5k vizualiz\u0103ri\t\t<\/span><\/div>\n<\/div>\n<\/div>\n<\/div>\n<div class=\"p-wrap p-small p-list-small-2\" data-pid=\"263150\">\n<div class=\"feat-holder\">\n<div class=\"p-featured ratio-v1\"><a class=\"p-flink\" href=\"https:\/\/ortodoxinfo.ro\/2026\/08\/31\/bucurestiul-ramane-majoritar-imbecil-o-capitala-ce-nu-a-inteles-ca-romania-trebuie-sa-elimine-total-mafia-psd-pnl-usr\/\" title=\"Bucure\u0219tiul r\u0103m\u00e2ne majoritar IMBECIL! O Capital\u0103 ce nu a \u00een\u021beles c\u0103 Rom\u00e2nia trebuie s\u0103 elimine TOTAL mafia PSD-PNL-USR\"><img decoding=\"async\" width=\"150\" height=\"150\" src=\"https:\/\/ortodoxinfo.ro\/wp-content\/uploads\/2026\/08\/sondaj.webp-150x150.webp\" class=\"featured-img wp-post-image\" alt loading=\"lazy\"><\/a><\/div>\n<\/div>\n<div class=\"p-content\">\n<h5 class=\"entry-title\"><a class=\"p-url\" href=\"https:\/\/ortodoxinfo.ro\/2026\/08\/31\/bucurestiul-ramane-majoritar-imbecil-o-capitala-ce-nu-a-inteles-ca-romania-trebuie-sa-elimine-total-mafia-psd-pnl-usr\/\" rel=\"bookmark\">Bucure\u0219tiul r\u0103m\u00e2ne majoritar IMBECIL! O Capital\u0103 ce nu a \u00een\u021beles c\u0103 Rom\u00e2nia trebuie s\u0103 elimine TOTAL mafia PSD-PNL-USR<\/a><\/h5>\n<div class=\"p-meta\">\n<div class=\"meta-inner is-meta\"><span class=\"meta-el meta-date\"><time datetime=\"2026-08-31T10:41:31+03:00\">31 august 2026<\/time><\/span><span class=\"meta-el meta-category meta-bold\"><a class=\"meta-separate category-19885\" href=\"https:\/\/ortodoxinfo.ro\/category\/anti-sistem\/anti-romanism\/asasinii-tarii\/\">Asasinii \u021b\u0103rii<\/a><\/span><span class=\"meta-el meta-view\">7.5k vizualiz\u0103ri\t\t<\/span><\/div>\n<\/div>\n<\/div>\n<\/div>\n<\/div>\n<\/div>\n<div id=\"custom_html-2\" class=\"widget_text widget rb-section w-sidebar clearfix widget_custom_html\">\n<div class=\"block-h widget-heading heading-layout-1\">\n<div class=\"heading-inner\">\n<h4 class=\"heading-title\"><span>DONA\u021aII \u00een cont bancar<\/span><\/h4>\n<\/div>\n<\/div>\n<div class=\"textwidget custom-html-widget\">\n<table class=\"donatii\">\n<tbody>\n<tr>\n<th colspan=\"2\"><strong><span>Asicia\u021bia SMI-B<\/span><\/strong><\/th>\n<\/tr>\n<tr>\n<th>Cont LEI<\/th>\n<td>RO67CECEB00030RON2081955<\/td>\n<\/tr>\n<tr>\n<th>Cont EURO<\/th>\n<td>RO33CECEB000C1EUR2081978<\/td>\n<\/tr>\n<tr>\n<th>Cod SWIFT<\/th>\n<td>CECEROBU<\/td>\n<\/tr>\n<tr>\n<th colspan=\"2\"><strong>CEC BANK SA<\/strong><\/th>\n<\/tr>\n<\/tbody>\n<\/table>\n<\/div>\n<\/div>\n<\/div>\n<\/div>\n<\/div>\n<\/article>\n<div class=\"entry-content rbct clearfix is-highlight-shares\">\n<p id=\"p-0\">George Simion declar\u0103 c\u0103 Nicu\u0219or Dan nu va desemna niciun premier cel pu\u021bin p\u00e2n\u0103 pe 21 septembrie. Liderul AUR a lansat un mesaj pe o re\u021bea de socializare \u00een care cere din nou alegeri anticipate \u0219i includerea forma\u021biunii sale \u00een formarea viitorului guvern. \u00cen urm\u0103 cu c\u00e2teva zile, pre\u0219edintele a anun\u021bat c\u0103 va re\u00eencepe de la 1 septembrie consult\u0103rile cu partidele \u0219i a precizat c\u0103 \u00een componen\u021ba viitorului executiv vor fi doar politicieni.<\/p>\n<p id=\"p-7\">\u201eP\u00e2n\u0103 cel pu\u021bin pe 21 septembrie nu va fi desemnat niciun premier! Ce merit\u0103 cei care au dus \u021bara \u00een aceast\u0103 gaur\u0103? vrem alegeri libere! L\u0103sa\u021bi-ne s\u0103 guvern\u0103m!\u201d, a scris George Simion, pe Facebook<\/p>\n<iframe loading=\"lazy\" src=\"https:\/\/www.facebook.com\/plugins\/post.php?href=https%3A%2F%2Fwww.facebook.com%2Fgeorge.simion.unire%2Fposts%2Fpfbid0DfwQt2JSgWQn5GCQGUKgpBbsPH7BDoNKNgbF2MMLGegNCEBpjKU1faZ2DFh44aGtl&amp;show_text=true&amp;width=500\" width=\"500\" height=\"480\" frameborder scrolling=\"no\" allowfullscreen=\"allowfullscreen\"><\/iframe>\n<p id=\"p-10\">\u201eCred c\u0103 con\u015ftientiz\u0103m cu to\u0163ii c\u0103 ar fi fost bine ca varianta Tomac s\u0103 treac\u0103 acum trei sau patru luni, c\u00e2nd a fost, \u015fi s\u0103 nu facem toat\u0103 aceast\u0103 echilibristic\u0103 cu Parlamentul, cu sesiuni extraordinare. Dup\u0103 cele dou\u0103 nominaliz\u0103ri am realizat c\u0103 nu exist\u0103 \u015fanse de majoritate pe perioada vacan\u0163ei parlamentare \u015fi atunci, inclusiv din perspectiva agen\u0163iilor de rating care urmau s\u0103 vin\u0103 s\u0103 evalueze Rom\u00e2nia, ar fi fost tare nefericit ca \u015ftirile din presa global\u0103 s\u0103 fie: al treilea guvern n-a fost \u00eenvestit, al patrulea guvern n-a fost \u00eenvestit \u00een Rom\u00e2nia. \u0102sta e motivul pentru care pe lunile iulie-august, \u00een afar\u0103 de discu\u0163ii permanente cu partidele politice, n-am f\u0103cut o desemnare. Acum, imediat, la 1 septembrie, o s\u0103 avem o nou\u0103 consultare, o s\u0103 vedem formal\u0103 sau informal\u0103, \u015fi eu cred c\u0103 vom g\u0103si o majoritate pentru un guvern care s\u0103 fie stabil\u201d, a afirmat Nicu\u015for Dan, joi sear\u0103, la Chi\u015fin\u0103u, unde a sus\u0163inut o conferin\u0163\u0103 de pres\u0103.<\/p>\n<p>El a precizat c\u0103 prima rund\u0103 de consult\u0103ri cu partidele va avea loc \u00eenainte de plecarea sa la summit-ul ONU de la New York. Pre\u015fedintele a refuzat s\u0103 discute eventuale variante de majorit\u0103\u0163i parlamentare care s\u0103 sus\u0163in\u0103 un viitor guvern.<\/p>\n<p>\u201eNu vreau s\u0103 m\u0103 lansez acum \u00een\u2026 Bine\u00een\u0163eles c\u0103 sunt multe ipoteze de lucru, c\u0103 pe aceste ipoteze au fost nenum\u0103rate discu\u0163ii cu toate p\u0103r\u0163ile, dar \u00eenainte s\u0103 venim cu nominalizare, nu cred c\u0103 e util s\u0103 facem discu\u0163ia asta \u00een spa\u0163iul public\u201d, a ad\u0103ugat Nicu\u015for Dan.<\/p>\n<p>Dan a precizat c\u0103 va fi, cel mai probabil, un guvern politic.<\/p>\n<p>\u201e\u00cen acest moment, nu v\u0103d sus\u0163inere pentru un guvern cu mini\u015ftri tehnocra\u0163i. Deci este mult mai probabil un guvern cu mini\u015ftri politici\u201d, a ad\u0103ugat Nicu\u015for Dan.<\/p>\n<\/div>\n<p>[analyse_source url=&#8221;https:\/\/ortodoxinfo.ro\/2026\/08\/31\/george-simion-pana-cel-putin-pe-21-septembrie-nu-va-fi-desemnat-niciun-premier-ce-spune-liderul-aur-despre-participarea-la-guvernare\/&#8221;]<\/p>\n","protected":false},"excerpt":{"rendered":"<p>[analyse_image type=&#8221;featured&#8221; src=&#8221;https:\/\/ortodoxinfo.ro\/wp-content\/uploads\/2026\/08\/george-simion-plen-1536&#215;1024-1-e1783790461942.jpghttps:\/\/ortodoxinfo.ro\/wp-content\/uploads\/2026\/08\/george-simion-plen-1536&#215;1024-1-e1783790461942.jpg&#8221;] Prima pagin\u0103 \u00bb Blog \u00bb George Simion: P\u00e2n\u0103 cel pu\u021bin pe 21 septembrie nu va fi desemnat niciun premier. Ce spune liderul AUR despre participarea la guvernare George Simion: P\u00e2n\u0103 cel pu\u021bin pe 21 septembrie nu va fi desemnat niciun premier. Ce spune liderul AUR despre participarea la guvernare 31 august 2026Lupt\u0103 [&hellip;]<\/p>\n","protected":false},"author":1,"featured_media":0,"comment_status":"open","ping_status":"","sticky":false,"template":"","format":"standard","meta":{"footnotes":""},"categories":[89],"tags":[226,94],"class_list":["post-2120337","post","type-post","status-publish","format-standard","hentry","category-romania","tag-crawlmanager","tag-ortodoxinfo-ro"],"_links":{"self":[{"href":"https:\/\/analyse.optim.biz\/index.php?rest_route=\/wp\/v2\/posts\/2120337","targetHints":{"allow":["GET"]}}],"collection":[{"href":"https:\/\/analyse.optim.biz\/index.php?rest_route=\/wp\/v2\/posts"}],"about":[{"href":"https:\/\/analyse.optim.biz\/index.php?rest_route=\/wp\/v2\/types\/post"}],"author":[{"embeddable":true,"href":"https:\/\/analyse.optim.biz\/index.php?rest_route=\/wp\/v2\/users\/1"}],"replies":[{"embeddable":true,"href":"https:\/\/analyse.optim.biz\/index.php?rest_route=%2Fwp%2Fv2%2Fcomments&post=2120337"}],"version-history":[{"count":0,"href":"https:\/\/analyse.optim.biz\/index.php?rest_route=\/wp\/v2\/posts\/2120337\/revisions"}],"wp:attachment":[{"href":"https:\/\/analyse.optim.biz\/index.php?rest_route=%2Fwp%2Fv2%2Fmedia&parent=2120337"}],"wp:term":[{"taxonomy":"category","embeddable":true,"href":"https:\/\/analyse.optim.biz\/index.php?rest_route=%2Fwp%2Fv2%2Fcategories&post=2120337"},{"taxonomy":"post_tag","embeddable":true,"href":"https:\/\/analyse.optim.biz\/index.php?rest_route=%2Fwp%2Fv2%2Ftags&post=2120337"}],"curies":[{"name":"wp","href":"https:\/\/api.w.org\/{rel}","templated":true}]}}