{"id":2120325,"date":"2026-08-31T09:37:49","date_gmt":"2026-08-31T06:37:49","guid":{"rendered":"https:\/\/analyse.optim.biz\/?p=2120325"},"modified":"2026-08-31T09:37:49","modified_gmt":"2026-08-31T06:37:49","slug":"un-graffiti-cu-mesajul-white-lives-matter-intr-un-oras-polonez-declanseaza-o-ancheta-a-politiei-suspectii-risca-pana-la-3-ani-de-inchisoare","status":"publish","type":"post","link":"https:\/\/analyse.optim.biz\/?p=2120325","title":{"rendered":"Un graffiti cu mesajul \u201eWhite Lives Matter\u201d \u00eentr-un ora\u0219 polonez declan\u0219eaz\u0103 o anchet\u0103 a poli\u021biei; suspec\u021bii risc\u0103 p\u00e2n\u0103 la 3 ani de \u00eenchisoare"},"content":{"rendered":"<p>[analyse_image type=&#8221;featured&#8221; src=&#8221;https:\/\/www.activenews.ro\/images\/articole\/207762.png&#8221;]<\/p>\n<div class=\"articleBody\" data-key=\"articleBody\">&lt;div&gt;Procurorii polonezi investigheaz\u0103 \u00een prezent un graffiti cu mesajul \u201eWhite Lives Matter\u201d (Vie\u021bile albilor conteaz\u0103) drept infrac\u021biune motivat\u0103 de ur\u0103 \u00een ora\u0219ul Rzesz\u00f3w; suspec\u021bii risc\u0103 p\u00e2n\u0103 la trei ani de \u00eenchisoare dac\u0103 sunt prin\u0219i \u0219i condamna\u021bi. Autorit\u0103\u021bile sus\u021bin c\u0103 graffiti-ul este ilegal, \u00eens\u0103 o publica\u021bie polonez\u0103 semnaleaz\u0103 un dublu standard, potrivit &lt;a href=&#8221;http:\/\/rmx.news\/article\/white-lives-matter-graffiti-in-polish-city-sparks-police-investigation-suspects-face-up-to-3-years-in-prison\/&#8221;&gt;MXNews.&lt;\/a&gt;&lt;\/div&gt; &lt;div&gt;&lt;br \/&gt; &lt;\/div&gt; &lt;div&gt;&lt;br \/&gt; &lt;\/div&gt; &lt;div&gt;Realizat pe un zid din ora\u0219ul polonez Rzesz\u00f3w, graffiti-ul ar fi fost creat \u00een memoria t\u00e2n\u0103rului britanic &lt;a href=&#8221;http:\/\/www.activenews.ro\/stiri\/CULMEA-RASISMULUI-Un-student-britanic-a-fost-ucis-de-un-migrant-indian-cu-mai-multe-lovituri-de-cutit.-Politia-a-acuzat-victima-de-RASISM-si-a-lasat-o-sa-sangereze-incatusata-pana-a-murit.-Elon-Musk-acuza-Marea-Britanie-VIDEO-205324&#8243;&gt;Henry Nowak&lt;\/a&gt;, ucis de un imgrant. Se pare c\u0103 poli\u021bia polonez\u0103 a ob\u021binut \u00eenregistr\u0103ri de supraveghere \u0219i a \u00eenaintat cazul procurorilor. Totu\u0219i, ziarul polonez toRzeszow sus\u021bine c\u0103 nu exist\u0103 camere de supraveghere \u00een imediata apropiere a zidului respectiv, ceea ce \u00eengreuneaz\u0103 identificarea suspec\u021bilor.&lt;\/div&gt; &lt;div&gt;&lt;br \/&gt; &lt;\/div&gt; &lt;div&gt;Autorit\u0103\u021bile au acoperit \u00eentreg desenul cu vopsea.&lt;\/div&gt; &lt;div&gt;&nbsp;&lt;\/div&gt; &lt;div&gt;Un important post de \u0219tiri polonez, wPolsce24, a&nbsp; reac\u021bionat indignat fa\u021b\u0103 de anchet\u0103: \u201eCazul de la Rzesz\u00f3w face parte dintr-o tendin\u021b\u0103 mai ampl\u0103 de \u00een\u0103bu\u0219ire a vocilor persoanelor albe care \u00eendr\u0103znesc s\u0103 reaminteasc\u0103 faptul c\u0103 \u0219i vie\u021bile lor au valoare. C\u00e2nd persoanele de culoare spun \u00abBlack Lives Matter\u00bb (Vie\u021bile persoanelor de culoare conteaz\u0103), este o lupt\u0103 pentru egalitate. C\u00e2nd persoanele albe spun \u00abWhite Lives Matter\u00bb (Vie\u021bile persoanelor albe conteaz\u0103), asta este considerat imediat un act rasist\u201d. Publica\u021bia adaug\u0103: \u201eSloganul de pe garajele din Rzesz\u00f3w nu a fost o expresie a urii. A fost o voce care ne reamintea c\u0103 \u0219i vie\u021bile persoanelor albe conteaz\u0103. Iar at\u00e2ta timp c\u00e2t trat\u0103m unele vie\u021bi ca fiind \u00abmai egale\u00bb dec\u00e2t altele, astfel de sloganuri vor continua s\u0103 apar\u0103 pe pere\u021bi\u201d.&lt;\/div&gt; &lt;div&gt;&lt;br \/&gt; &lt;\/div&gt; &lt;div&gt;&lt;br \/&gt; &lt;\/div&gt; &lt;div&gt;\u00centre timp, autorit\u0103\u021bile sus\u021bin c\u0103 graffiti-ul este ilegal conform articolului 257 din Codul penal polonez, care vizeaz\u0103 insultarea public\u0103 a unui grup de persoane sau a unui individ pe criterii de identitate na\u021bional\u0103, etnic\u0103 sau rasial\u0103.&lt;\/div&gt; &lt;div&gt;&lt;br \/&gt; &lt;\/div&gt; &lt;div&gt;Un grup numit \u201eNarodowy Rzesz\u00f3w\u201d ar fi publicat o \u00eenregistrare video \u00een care membrii s\u0103i apar l\u00e2ng\u0103 graffiti, \u021bin\u00e2nd un banner \u0219i tor\u021be \u0219i afi\u0219\u00e2nd logo-ul organiza\u021biei de dreapta Tab\u0103ra Na\u021bional-Radical\u0103 (ONR); totu\u0219i, nu este clar dac\u0103 ei sunt cei care au realizat graffiti-ul. Postarea lor f\u0103cea referire la violen\u021bele \u00eempotriva persoanelor de ras\u0103 alb\u0103 din Marea Britanie \u0219i Irlanda de Nord. &lt;\/div&gt; &lt;div&gt;&nbsp;&lt;\/div&gt; &lt;div&gt;Platformele de socializare au eliminat videoclipul.&lt;\/div&gt; &lt;div&gt;&nbsp;&lt;\/div&gt; &lt;div&gt; &lt;div&gt;Artistul american Kanye West, interzis deja \u00een SUA pentru \u201dcomentarii antisemite\u201d a st\u00eernt controverse, luna trecut\u0103, pentru c\u0103 a purtat un tricou cu mesajul \u201eWhite Lives Matter\u201d la o prezentare de mod\u0103 din Paris \u0219i dup\u0103 ce a califica mi\u0219carea BLM drept o \u201e\u00een\u0219el\u0103torie\u201d.&lt;\/div&gt; &lt;div&gt;&lt;br \/&gt; &lt;blockquote class=&#8221;twitter-tweet&#8221;&gt; &lt;p lang=&#8221;zxx&#8221; dir=&#8221;ltr&#8221;&gt;&lt;a href=&#8221;https:\/\/t.co\/e8nlOFBg06&#8243;&gt;pic.twitter.com\/e8nlOFBg06&lt;\/a&gt;&lt;\/p&gt;\u2014 Candace Owens (@RealCandaceO) &lt;a href=&#8221;https:\/\/x.com\/RealCandaceO\/status\/1577000138131656704?ref_src=twsrc%5Etfw&#8221;&gt;October 3, 2022&lt;\/a&gt;&lt;\/blockquote&gt; &lt;script async=&#8221;&#8221; src=&#8221;https:\/\/platform.x.com\/widgets.js&#8221; charset=&#8221;utf-8&#8243;&gt; \/\/&lt;![CDATA[ \/\/]]&gt; &lt;\/script&gt;&lt;\/div&gt; &lt;div&gt;&lt;br \/&gt; &lt;\/div&gt;&lt;br \/&gt; &lt;\/div&gt;<\/div>\n<p>[analyse_source url=&#8221;https:\/\/www.activenews.ro\/stiri\/Un-graffiti-cu-mesajul-%E2%80%9EWhite-Lives-Matter-intr-un-oras-polonez-declanseaza-o-ancheta-a-politiei%3B-suspectii-risca-pana-la-3-ani-de-inchisoare-207762&#8243;]<\/p>\n","protected":false},"excerpt":{"rendered":"<p>[analyse_image type=&#8221;featured&#8221; src=&#8221;https:\/\/www.activenews.ro\/images\/articole\/207762.png&#8221;] &lt;div&gt;Procurorii polonezi investigheaz\u0103 \u00een prezent un graffiti cu mesajul \u201eWhite Lives Matter\u201d (Vie\u021bile albilor conteaz\u0103) drept infrac\u021biune motivat\u0103 de ur\u0103 \u00een ora\u0219ul Rzesz\u00f3w; suspec\u021bii risc\u0103 p\u00e2n\u0103 la trei ani de \u00eenchisoare dac\u0103 sunt prin\u0219i \u0219i condamna\u021bi. Autorit\u0103\u021bile sus\u021bin c\u0103 graffiti-ul este ilegal, \u00eens\u0103 o publica\u021bie polonez\u0103 semnaleaz\u0103 un dublu standard, potrivit &lt;a [&hellip;]<\/p>\n","protected":false},"author":1,"featured_media":0,"comment_status":"open","ping_status":"","sticky":false,"template":"","format":"standard","meta":{"footnotes":""},"categories":[89],"tags":[98,226],"class_list":["post-2120325","post","type-post","status-publish","format-standard","hentry","category-romania","tag-activenews-ro","tag-crawlmanager"],"_links":{"self":[{"href":"https:\/\/analyse.optim.biz\/index.php?rest_route=\/wp\/v2\/posts\/2120325","targetHints":{"allow":["GET"]}}],"collection":[{"href":"https:\/\/analyse.optim.biz\/index.php?rest_route=\/wp\/v2\/posts"}],"about":[{"href":"https:\/\/analyse.optim.biz\/index.php?rest_route=\/wp\/v2\/types\/post"}],"author":[{"embeddable":true,"href":"https:\/\/analyse.optim.biz\/index.php?rest_route=\/wp\/v2\/users\/1"}],"replies":[{"embeddable":true,"href":"https:\/\/analyse.optim.biz\/index.php?rest_route=%2Fwp%2Fv2%2Fcomments&post=2120325"}],"version-history":[{"count":0,"href":"https:\/\/analyse.optim.biz\/index.php?rest_route=\/wp\/v2\/posts\/2120325\/revisions"}],"wp:attachment":[{"href":"https:\/\/analyse.optim.biz\/index.php?rest_route=%2Fwp%2Fv2%2Fmedia&parent=2120325"}],"wp:term":[{"taxonomy":"category","embeddable":true,"href":"https:\/\/analyse.optim.biz\/index.php?rest_route=%2Fwp%2Fv2%2Fcategories&post=2120325"},{"taxonomy":"post_tag","embeddable":true,"href":"https:\/\/analyse.optim.biz\/index.php?rest_route=%2Fwp%2Fv2%2Ftags&post=2120325"}],"curies":[{"name":"wp","href":"https:\/\/api.w.org\/{rel}","templated":true}]}}