{"id":2120311,"date":"2026-08-31T00:00:00","date_gmt":"2026-08-30T21:00:00","guid":{"rendered":"https:\/\/analyse.optim.biz\/?p=2120311"},"modified":"2026-08-31T00:00:00","modified_gmt":"2026-08-30T21:00:00","slug":"actrita-naomi-watts-recompensata-cu-premiul-donostia-la-festivalul-de-film-de-la-san-sebastian","status":"publish","type":"post","link":"https:\/\/analyse.optim.biz\/?p=2120311","title":{"rendered":"Actri\u021ba Naomi Watts, recompensat\u0103 cu Premiul Donostia la Festivalul de Film de la San Sebastian"},"content":{"rendered":"<p>[analyse_image type=&#8221;featured&#8221; src=&#8221;https:\/\/agerpres.ro\/data\/202608\/20260831134547_888735.jpg&#8221;]<\/p>\n<div class=\"mx-auto pt-3\">\n<p>Actri\u021ba \u0219i produc\u0103toarea britanic\u0103 Naomi Watts va fi recompensat\u0103 cu Premiul Donostia \u00een cadrul Festivalului de Film de la San Sebastian, ajuns la cea de-a 74-a edi\u021bie, care se va desf\u0103\u0219ura \u00een perioada 18-26 septembrie, transmite luni agen\u021bia de pres\u0103 EFE.<\/p>\n<p><strong>Naomi Watts va primi premiul la data de 19 septembrie, \u00een cadrul unei gale urmate de proiec\u021bia filmului &#8216;The Housewife&#8217;, regizat de Ben Shirinian, potrivit informa\u021biilor publicate luni pe site-ul festivalului.<\/strong><\/p>\n<p>Organizatorii festivalului din ora\u0219ul spaniol au anun\u021bat luni acordarea acestui premiu actri\u021bei Naomi Watts. La 7 august, s-a anun\u021bat c\u0103 primul dintre aceste premii \u00eei va fi \u00eenm\u00e2nat regizorului, scenaristului, produc\u0103torului \u0219i actorului Werner Herzog. AGERPRES\/(AS &#8211; redactor: Dana Purgaru,\u00a0editor online: Andreea L\u0103z\u0103roiu)<\/p>\n<p>Sura foto:\u00a0<a href=\"https:\/\/www.instagram.com\/naomiwatts\/?hl=en\" role=\"link\" tabindex=\"0\">naomiwatts<\/a>\/Instagram.com<\/p>\n<\/div>\n<div class=\"mx-auto pt-3\">\n                                Afisari: 16\n                            <\/div>\n<p>[analyse_source url=&#8221;https:\/\/agerpres.ro\/cultura\/2026\/08\/31\/actrita-naomi-watts-recompensata-cu-premiul-donostia-la-festivalul-de-film-de-la-san-sebastian&#8211;1589258&#8243;]<\/p>\n","protected":false},"excerpt":{"rendered":"<p>[analyse_image type=&#8221;featured&#8221; src=&#8221;https:\/\/agerpres.ro\/data\/202608\/20260831134547_888735.jpg&#8221;] Actri\u021ba \u0219i produc\u0103toarea britanic\u0103 Naomi Watts va fi recompensat\u0103 cu Premiul Donostia \u00een cadrul Festivalului de Film de la San Sebastian, ajuns la cea de-a 74-a edi\u021bie, care se va desf\u0103\u0219ura \u00een perioada 18-26 septembrie, transmite luni agen\u021bia de pres\u0103 EFE. Naomi Watts va primi premiul la data de 19 septembrie, \u00een [&hellip;]<\/p>\n","protected":false},"author":1,"featured_media":0,"comment_status":"open","ping_status":"","sticky":false,"template":"","format":"standard","meta":{"footnotes":""},"categories":[2],"tags":[37,226],"class_list":["post-2120311","post","type-post","status-publish","format-standard","hentry","category-politics","tag-agerpres-ro","tag-crawlmanager"],"_links":{"self":[{"href":"https:\/\/analyse.optim.biz\/index.php?rest_route=\/wp\/v2\/posts\/2120311","targetHints":{"allow":["GET"]}}],"collection":[{"href":"https:\/\/analyse.optim.biz\/index.php?rest_route=\/wp\/v2\/posts"}],"about":[{"href":"https:\/\/analyse.optim.biz\/index.php?rest_route=\/wp\/v2\/types\/post"}],"author":[{"embeddable":true,"href":"https:\/\/analyse.optim.biz\/index.php?rest_route=\/wp\/v2\/users\/1"}],"replies":[{"embeddable":true,"href":"https:\/\/analyse.optim.biz\/index.php?rest_route=%2Fwp%2Fv2%2Fcomments&post=2120311"}],"version-history":[{"count":0,"href":"https:\/\/analyse.optim.biz\/index.php?rest_route=\/wp\/v2\/posts\/2120311\/revisions"}],"wp:attachment":[{"href":"https:\/\/analyse.optim.biz\/index.php?rest_route=%2Fwp%2Fv2%2Fmedia&parent=2120311"}],"wp:term":[{"taxonomy":"category","embeddable":true,"href":"https:\/\/analyse.optim.biz\/index.php?rest_route=%2Fwp%2Fv2%2Fcategories&post=2120311"},{"taxonomy":"post_tag","embeddable":true,"href":"https:\/\/analyse.optim.biz\/index.php?rest_route=%2Fwp%2Fv2%2Ftags&post=2120311"}],"curies":[{"name":"wp","href":"https:\/\/api.w.org\/{rel}","templated":true}]}}