{"id":2120301,"date":"2026-08-31T00:00:00","date_gmt":"2026-08-30T21:00:00","guid":{"rendered":"https:\/\/analyse.optim.biz\/?p=2120301"},"modified":"2026-08-31T00:00:00","modified_gmt":"2026-08-30T21:00:00","slug":"video-catalin-predoiu-retea-importanta-de-traficanti-destructurata-in-luna-august-doua-tone-de-droguri-capturate","status":"publish","type":"post","link":"https:\/\/analyse.optim.biz\/?p=2120301","title":{"rendered":"VIDEO C\u0103t\u0103lin Predoiu: Re\u021bea important\u0103 de trafican\u021bi destructurat\u0103 \u00een luna august; dou\u0103 tone de droguri &#8211; capturate"},"content":{"rendered":"<p>[analyse_image type=&#8221;featured&#8221; src=&#8221;https:\/\/agerpres.ro\/data\/202608\/20260831130203_828429.jpg&#8221;]<\/p>\n<div class=\"mx-auto pt-3\">\n<p>Ministrul interimar de Interne, C\u0103t\u0103lin Predoiu, a transmis, luni, c\u0103 structurile din cadrul MAI \u0219i parteneri interna\u021bionali au destructurat \u00een luna august o important\u0103 re\u021bea de trafican\u021bi, captur\u00e2nd \u00een acela\u0219i timp aproape dou\u0103 tone de droguri.<\/p>\n<p>&#8216;Luna august, de regul\u0103 consacrat\u0103 concediilor de c\u0103tre mul\u021bi dintre cet\u0103\u021benii no\u0219tri, a fost pentru MAI o lun\u0103 de activit\u0103\u021bi intense. Am avut zilnic \u00een ac\u021biune, \u00een strad\u0103, al\u0103turi de cet\u0103\u021beni, zeci de mii de poli\u021bi\u0219ti, jandarmi, poli\u021bi\u0219ti de frontier\u0103, pompieri precum \u0219i colegi din alte structuri. Particularitatea acestei luni august din 2026 a constituit-o interven\u021biile repetate pentru protejarea cet\u0103\u021benilor ca urmare a riscurilor prezentate de dronele e\u0219uate la malul m\u0103rii sau c\u0103zute \u00een interiorul teritoriului na\u021bional, precum \u0219i multitudinea incendiilor de p\u0103dure din vestul \u021b\u0103rii. De\u0219i aceste drone militare au caracterul unei amenin\u021b\u0103ri militare, structurile MAI au participat activ \u00een ac\u021biuni de cooperare institu\u021bional\u0103 \u00een protejarea cet\u0103\u021benilor \u0219i comunit\u0103\u021bilor \u00een fa\u021ba pericolelor derivate de prezen\u021ba lor pe mare, la malul m\u0103rii sau \u00een interiorul teritoriului na\u021bional. For\u021bele MAI, Garda de Coasta, dar \u0219i alte structuri au intervenit, \u00een cooperare cu colegii din SRI, MApN \u0219i servicii ale autorit\u0103\u021bilor locale pentru protejarea cet\u0103\u021benilor \u0219i comunit\u0103\u021bilor&#8217;, a afirmat C\u0103t\u0103lin Predoiu \u00eentr-un mesaj video postat pe pagina de internet a MAI.<\/p>\n<iframe loading=\"lazy\" src=\"https:\/\/www.facebook.com\/plugins\/video.php?height=314&amp;href=https%3A%2F%2Fwww.facebook.com%2Freel%2F1749550006323804%2F&amp;show_text=false&amp;width=560&amp;t=0\" width=\"560\" height=\"314\" scrolling=\"no\" frameborder allowfullscreen=\"true\" allow=\"autoplay; clipboard-write; encrypted-media; picture-in-picture; web-share\"><\/iframe>\n<p>El a ad\u0103ugat c\u0103 s-a ac\u021bionat recent \u0219i pentru salvarea de pe mare a marinarilor naufragia\u021bi \u00een urma scufund\u0103rii unui vas comercial.<\/p>\n<p>&#8216;Tot \u00een luna august, am \u00eenregistrat \u00eenc\u0103 un succes important \u00een combaterea traficului de droguri. MAI prin structurile antidrog ale Poli\u021biei Rom\u00e2ne, \u00een cooperare institu\u021bional\u0103 cu alte structuri MAI \u0219i parteneri interna\u021bionali, au destructurat o important\u0103 re\u021bea de trafican\u021bi, captur\u00e2nd \u00een acela\u0219i timp aproape dou\u0103 tone de droguri de risc \u0219i de mare risc&#8217;, a subliniat ministrul interimar de Interne.<\/p>\n<p>De asemenea, o alt\u0103 &#8216;opera\u021biune de succes&#8217; a fost participarea pompierilor rom\u00e2ni la gestionarea simultan\u0103 a incendiilor din vestul \u021b\u0103rii, precum \u0219i la misiuni externe \u00een Fran\u021ba, Grecia \u0219i Serbia.<\/p>\n<p>&#8216;Adresez mul\u021bumiri \u0219i felicit\u0103ri tuturor celor care au participat la ac\u021biunile desf\u0103\u0219urate pe parcursul lunii august, ca \u0219i pe durata \u00eentregului sezon estival \u00een cadrul Programului de Ac\u021biuni Litoral 2026, miilor de colegi din toate armele implica\u021bi \u00een asigurarea ordinii \u0219i siguran\u021bei publice pe durata verii \u00een cadrul miilor de ac\u021biuni, interven\u021bii \u0219i opera\u021biuni \u00eencheiate cu succes. Cu provoc\u0103ri din ce \u00een ce mai multe \u0219i mai serioase, cu activit\u0103\u021bi civice din ce \u00een ce mai complexe, festivaluri \u0219i mari festivaluri, drone, ac\u021biuni de combatere a criminalit\u0103\u021bii \u00een general, MAI \u0219i-a \u00eendeplinit misiunile cu succes&#8217;, a punctat C\u0103t\u0103lin Predoiu. AGERPRES\/(AS &#8211; redactor: Mihai Stoica, editor: Antonia Ni\u021b\u0103, editor online: Ady Iva\u015fcu)<\/p>\n<\/div>\n<div class=\"mx-auto pt-3\">\n                                Afisari: 112\n                            <\/div>\n<p>[analyse_source url=&#8221;https:\/\/agerpres.ro\/justitie\/2026\/08\/31\/video-catalin-predoiu-retea-importanta-de-traficanti-destructurata-in-luna-august-doua-tone-de-drogu&#8211;1589232&#8243;]<\/p>\n","protected":false},"excerpt":{"rendered":"<p>[analyse_image type=&#8221;featured&#8221; src=&#8221;https:\/\/agerpres.ro\/data\/202608\/20260831130203_828429.jpg&#8221;] Ministrul interimar de Interne, C\u0103t\u0103lin Predoiu, a transmis, luni, c\u0103 structurile din cadrul MAI \u0219i parteneri interna\u021bionali au destructurat \u00een luna august o important\u0103 re\u021bea de trafican\u021bi, captur\u00e2nd \u00een acela\u0219i timp aproape dou\u0103 tone de droguri. &#8216;Luna august, de regul\u0103 consacrat\u0103 concediilor de c\u0103tre mul\u021bi dintre cet\u0103\u021benii no\u0219tri, a fost pentru MAI [&hellip;]<\/p>\n","protected":false},"author":1,"featured_media":0,"comment_status":"open","ping_status":"","sticky":false,"template":"","format":"standard","meta":{"footnotes":""},"categories":[2],"tags":[37,226],"class_list":["post-2120301","post","type-post","status-publish","format-standard","hentry","category-politics","tag-agerpres-ro","tag-crawlmanager"],"_links":{"self":[{"href":"https:\/\/analyse.optim.biz\/index.php?rest_route=\/wp\/v2\/posts\/2120301","targetHints":{"allow":["GET"]}}],"collection":[{"href":"https:\/\/analyse.optim.biz\/index.php?rest_route=\/wp\/v2\/posts"}],"about":[{"href":"https:\/\/analyse.optim.biz\/index.php?rest_route=\/wp\/v2\/types\/post"}],"author":[{"embeddable":true,"href":"https:\/\/analyse.optim.biz\/index.php?rest_route=\/wp\/v2\/users\/1"}],"replies":[{"embeddable":true,"href":"https:\/\/analyse.optim.biz\/index.php?rest_route=%2Fwp%2Fv2%2Fcomments&post=2120301"}],"version-history":[{"count":0,"href":"https:\/\/analyse.optim.biz\/index.php?rest_route=\/wp\/v2\/posts\/2120301\/revisions"}],"wp:attachment":[{"href":"https:\/\/analyse.optim.biz\/index.php?rest_route=%2Fwp%2Fv2%2Fmedia&parent=2120301"}],"wp:term":[{"taxonomy":"category","embeddable":true,"href":"https:\/\/analyse.optim.biz\/index.php?rest_route=%2Fwp%2Fv2%2Fcategories&post=2120301"},{"taxonomy":"post_tag","embeddable":true,"href":"https:\/\/analyse.optim.biz\/index.php?rest_route=%2Fwp%2Fv2%2Ftags&post=2120301"}],"curies":[{"name":"wp","href":"https:\/\/api.w.org\/{rel}","templated":true}]}}