{"id":2120282,"date":"2026-08-30T17:20:34","date_gmt":"2026-08-30T14:20:34","guid":{"rendered":"https:\/\/analyse.optim.biz\/?p=2120282"},"modified":"2026-08-30T17:20:34","modified_gmt":"2026-08-30T14:20:34","slug":"some-guys-were-too-fast-primoz-roglic-back-in-contention-after-difficult-start-to-vuelta-a-espana","status":"publish","type":"post","link":"https:\/\/analyse.optim.biz\/?p=2120282","title":{"rendered":"&#8216;Some guys were too fast&#8217;- Primo\u017e Rogli\u010d back in contention after difficult start to Vuelta a Espa\u00f1a"},"content":{"rendered":"<p>[analyse_image type=&#8221;featured&#8221; src=&#8221;https:\/\/cdn.mos.cms.futurecdn.net\/x7B9AzCSozgsQPp2exybBj-1024-80.jpg&#8221;]<\/p>\n<article class=\"m-0 box-border flex flex-row items-center pr-2.5 gap-[15px] w-[278px] h-20 flex-none upnext-article-divider\" role=\"listitem\" aria-label=\"Recommended article 1 of 3\">\n<div class=\"relative flex-none w-20 h-20\">\n    <source type=\"image\/webp\" srcset=\"https:\/\/cdn.mos.cms.futurecdn.net\/xugVTju2QKinpXhphFnyUe-160-80.jpg.webp 160w, https:\/\/cdn.mos.cms.futurecdn.net\/xugVTju2QKinpXhphFnyUe-80-80.jpg.webp 80w\" sizes=\"80px\" \/><\/p>\n<div class=\"flex items-center justify-center absolute w-4 h-6 left-0 top-0 bg-white\/90 flex-none z-[1]\" aria-hidden=\"true\"><span class=\"font-normal text-base leading-[17px] tracking-[1.3px] uppercase text-black flex-none\">1<\/span><\/div>\n<\/div>\n<div class=\"flex flex-col items-center justify-center gap-1.5 w-[173px] h-20 flex-none\">\n<p class=\"font-article-heading font-medium text-base leading-[21px] text-gray-800 w-[173px] line-clamp-3 group-hover:underline\">\n                                    &#8216;We don&#8217;t know if he was racing at 100%&#8217; \u2013 Rival sports director believes Vuelta a Espa\u00f1a leader Poga\u010dar&#8217;s failure to finish solo on stage 6 delivers mixed messages\n                                <\/p>\n<\/div>\n<\/article>\n<article class=\"m-0 box-border flex flex-row items-center pr-2.5 gap-[15px] w-[278px] h-20 flex-none upnext-article-divider\" role=\"listitem\" aria-label=\"Recommended article 2 of 3\">\n<div class=\"relative flex-none w-20 h-20\">\n    <source type=\"image\/webp\" srcset=\"https:\/\/cdn.mos.cms.futurecdn.net\/vETsTHza7k737YsxL2SqkR-160-80.jpg.webp 160w, https:\/\/cdn.mos.cms.futurecdn.net\/vETsTHza7k737YsxL2SqkR-80-80.jpg.webp 80w\" sizes=\"80px\" \/><\/p>\n<div class=\"flex items-center justify-center absolute w-[18px] h-6 left-0 top-0 bg-white\/90 flex-none z-[1]\" aria-hidden=\"true\"><span class=\"font-normal text-base leading-[17px] tracking-[1.3px] uppercase text-black flex-none\">2<\/span><\/div>\n<\/div>\n<div class=\"flex flex-col items-center justify-center gap-1.5 w-[173px] h-20 flex-none\">\n<p class=\"font-article-heading font-medium text-base leading-[21px] text-gray-800 w-[173px] line-clamp-3 group-hover:underline\">\n                                    As it happened: Domination on stage 4 of the Vuelta a Espa\u00f1a with a long-range solo move in Andorra\n                                <\/p>\n<\/div>\n<\/article>\n<article class=\"m-0 box-border flex flex-row items-center pr-2.5 gap-[15px] w-[278px] h-20 flex-none\" role=\"listitem\" aria-label=\"Recommended article 3 of 3\">\n<div class=\"relative flex-none w-20 h-20\">\n    <source type=\"image\/webp\" srcset=\"https:\/\/cdn.mos.cms.futurecdn.net\/kFPTziBmAaofmHBVkXzTih-160-80.png.webp 160w, https:\/\/cdn.mos.cms.futurecdn.net\/kFPTziBmAaofmHBVkXzTih-80-80.png.webp 80w\" sizes=\"80px\" \/><\/p>\n<div class=\"flex items-center justify-center absolute w-[18px] h-6 left-0 top-0 bg-white\/90 flex-none z-[1]\" aria-hidden=\"true\"><span class=\"font-normal text-base leading-[17px] tracking-[1.3px] uppercase text-black flex-none\">3<\/span><\/div>\n<\/div>\n<div class=\"flex flex-col items-center justify-center gap-1.5 w-[173px] h-20 flex-none\">\n<p class=\"font-article-heading font-medium text-base leading-[21px] text-gray-800 w-[173px] line-clamp-3 group-hover:underline\">\n                                    As it happened: The red jersey wins again on Vuelta a Espa\u00f1a gravel but it wasn&#8217;t pure domination this time\n                                <\/p>\n<\/div>\n<\/article>\n<article class=\"page-content-onecol flex-1\nnews-article article\n\"><\/p>\n<div class=\"widget-area-group widget-area-group-2col flex flex-wrap box-border\">\n<div id=\"widgetArea16\" class=\"widget-area basis-full md:basis-2\/3 widget-area-g-md-vp-2-3 widget-area-g-lg-vp-2-3 widget-area-g-xl-vp-2-3 page-widget-area-16\">\n<div data-widget-type=\"hero\" id=\"hero\" class=\"clear-both widget widget-hero widget-hero widget-hero-hero widget-hero widget-hero-fter-news\">\n<div class=\"news-article\">\n<header data-component-name=\"Article:Hero\">\n<nav class=\"breadcrumb\" aria-label=\"Breadcrumbs\">\n<ol>\n<li>\nPro Cycling\n<\/li>\n<li>\nRacing\n<\/li>\n<\/ol>\n<\/nav>\n<h1>&#8216;Some guys were too fast&#8217;- Primo\u017e Rogli\u010d back in contention after difficult start to Vuelta a Espa\u00f1a<\/h1>\n<div class=\"byline-social\">\n<div class=\"vds-byline-block flex flex-row flex-nowrap my-1.5 gap-2 text-left items-start justify-start\" data-component-name=\"Article:BylineBlock\">\n<p>News<\/p>\n<div class=\"my-auto vds-simple-byline\"><span class=\"inline-block vds-author\"><br \/>\nBy<br \/>\nAlasdair Fotheringham <\/span><\/p>\n<div class=\"flex gap-1 vds-byline-with-avatar__meta\"><span class=\"vds-date block font-normal tracking-normal normal-case text-xs\"><br \/>\nPublished<br \/>\n<time data-component-name=\"UI:DateTime\" datetime=\"2026-08-30T17:20:34Z\" class=\"relative-date\"><br \/>\n30 August 2026<br \/>\n<\/time><\/span><\/div>\n<\/div>\n<\/div>\n<p class=\"strapline\">Slovenian veteran sheds 12 seconds to Mas and Onley on Aitana summit<\/p>\n<\/div>\n<aside class=\"text-gray-700 flex items-center mx-0 my-5 p-0 justify-start text-left\" id=\"affiliate-disclaimer\" data-component-name=\"AffiliateDisclaimer\" data-hawk-message=\"Affiliate disclaimer removed because hawk deemed there are no affiliate links on this page\">\n<p class=\"text-[color:var(--affiliate-disclaimer--text-color,inherit)] mb-2 text-[length:var(--affiliate-disclaimer--font-size,0.75rem)] leading-[18px] md:text-[13px] [&amp;&gt;a]:text-inherit [&amp;&gt;a]:underline\">\nWhen you purchase through links on our site, we may earn an affiliate commission. Here\u2019s how it works.\n<\/p>\n<\/aside>\n<\/header>\n<\/div>\n<\/div>\n<div data-widget-type=\"contentparsed\" id=\"content\" class=\"clear-both widget widget-contentparsed widget-content widget-contentparsed-content widget-content-parsed widget-content-parsed-content_document \">\n<div class=\"wcp-item-content\">\n<section class=\"content-wrapper\">\n<div class=\"box less-space hero-image-wrapper\">\n<figure class=\"mb-0\">\n<source type=\"image\/webp\" srcset=\"https:\/\/cdn.mos.cms.futurecdn.net\/x7B9AzCSozgsQPp2exybBj-1024-80.jpg.webp 1920w, https:\/\/cdn.mos.cms.futurecdn.net\/x7B9AzCSozgsQPp2exybBj-1024-80.jpg.webp 1600w, https:\/\/cdn.mos.cms.futurecdn.net\/x7B9AzCSozgsQPp2exybBj-1024-80.jpg.webp 1200w, https:\/\/cdn.mos.cms.futurecdn.net\/x7B9AzCSozgsQPp2exybBj-1024-80.jpg.webp 1024w, https:\/\/cdn.mos.cms.futurecdn.net\/x7B9AzCSozgsQPp2exybBj-970-80.jpg.webp 970w, https:\/\/cdn.mos.cms.futurecdn.net\/x7B9AzCSozgsQPp2exybBj-750-80.jpg.webp 750w, https:\/\/cdn.mos.cms.futurecdn.net\/x7B9AzCSozgsQPp2exybBj-650-80.jpg.webp 650w, https:\/\/cdn.mos.cms.futurecdn.net\/x7B9AzCSozgsQPp2exybBj-480-80.jpg.webp 480w, https:\/\/cdn.mos.cms.futurecdn.net\/x7B9AzCSozgsQPp2exybBj-320-80.jpg.webp 320w\" sizes=\"(min-width: 1000px) 600px, 100vw\" \/><figcaption class=\"font-article-copy text-(--image--text--color) font-article-copy mt-2\"><span class=\"caption-text font-article-copy\">Onley, Rogi\u010d and Mas during stage 9<\/span><span class=\"credit font-article-copy\">(Image credit: Getty Images)<\/span><\/figcaption><\/figure>\n<\/div>\n<div id=\"article-body\" class=\"text-copy bodyCopy auto paywall-locker\">\n<div data-analytics-id=\"utility-bar\" id=\"utility-bar\" class=\"font-ui-heading flex justify-between items-center py-2 border-t border-b border-gray-300 border-solid mb-5 mx-auto\" data-component-name=\"UtilityBar\" data-mrf-recirculation=\"utility-bar\">\n<div class=\"flex gap-2 text-[#333] subcontainer\">\n<div class=\"relative tooltip-container\" role=\"tooltip\">\n<div data-component-name=\"Social:Dropdown\" role=\"menu\" id=\"utilitybar__dropdown--share\" aria-labelledby=\"utilitybar__button--share\" class=\"absolute left-0 top-full w-44 bg-white rounded-md shadow-md border border-neutral-200 z-[9996] list-none m-0 py-2 px-3 border-solid\">\n<ul class=\"m-0!\">\n<li class=\"!p-0 !m-0 list-none border-b border-gray-200 border-solid\">\n<li class=\"!p-0 !m-0 list-none border-b border-gray-200 border-solid\">\n<p>Facebook<\/p>\n<\/li>\n<li class=\"!p-0 !m-0 list-none border-b border-gray-200 border-solid\">\n<p>X<\/p>\n<\/li>\n<li class=\"!p-0 !m-0 list-none border-b border-gray-200 border-solid\">\n<p>Pinterest<\/p>\n<\/li>\n<li class=\"!p-0 !m-0 list-none border-b border-gray-200 border-solid\">\n<p>Email<\/p>\n<\/li>\n<\/ul>\n<\/div>\n<div class=\"font-ui-heading max-sm:hidden tooltip absolute left-1\/2 bg-gray-900 text-white text-xs leading-none px-3 py-1.5 rounded-md z-[10001] whitespace-nowrap\" id=\"tooltip-share-this-article\" role=\"tooltip\" aria-hidden=\"true\">\nShare this article\n<\/div>\n<\/div>\n<div class=\"relative tooltip-container\" role=\"tooltip\"><span class=\"ml-1 inline-flex h-5 px-2 shrink-0 items-center justify-center self-center overflow-hidden whitespace-nowrap rounded-[10px] bg-primary-500 text-[11px] leading-none font-ui-heading font-semibold text-white\">0<\/span><\/p>\n<div class=\"font-ui-heading max-sm:hidden tooltip absolute left-1\/2 bg-gray-900 text-white text-xs leading-none px-3 py-1.5 rounded-md z-[10001] whitespace-nowrap\" id=\"tooltip-join-the-conversation\" role=\"tooltip\" aria-hidden=\"true\">\nJoin the conversation\n<\/div>\n<\/div>\n<\/div>\n<div class=\"flex gap-2 text-[#333] subcontainer\">\n<div class=\"relative tooltip-container\" role=\"tooltip\">\n<p>Follow us<\/p>\n<div class=\"font-ui-heading max-sm:hidden tooltip absolute left-1\/2 bg-gray-900 text-white text-xs leading-none px-3 py-1.5 rounded-md z-[10001] whitespace-nowrap\" id=\"tooltip-add-us-as-a-preferred-source-on-google\" role=\"tooltip\" aria-hidden=\"true\">\nAdd us as a preferred source on Google\n<\/div>\n<\/div>\n<div class=\"relative tooltip-container\" role=\"tooltip\">\n<div class=\"font-ui-heading max-sm:hidden tooltip absolute left-1\/2 bg-gray-900 text-white text-xs leading-none px-3 py-1.5 rounded-md z-[10001] whitespace-nowrap\" id=\"tooltip-subscribe-to-our-newsletter\" role=\"tooltip\" aria-hidden=\"true\">\nSubscribe to our newsletter\n<\/div>\n<\/div>\n<\/div>\n<\/div>\n<p id=\"elk-b3c83444-a496-11f1-9c37-f1ee8626abc8\">More than words, Primo\u017e Rogli\u010d&#8217;s huge smile as he slowed to a halt at the summit of the Aitana spoke volumes about how he felt after the toughest mountainous stage of the Vuelta a Espa\u00f1a so far.<\/p>\n<p>The Slovenian veteran lost a little time to race leader Enric Mas (Movistar) and Oscar Onley (Netcompany-Ineos) but remains very much in contention for the overall, shedding 12 seconds at the line to finish third.<\/p>\n<p id=\"elk-b3c83444-a496-11f1-9c37-f1ee8626abc8-2\" aria-hidden=\"true\" class=\"kiosq-b\">With the time bonus and a six-second advantage on fourth-placed Felix Gall (Decathlon CGA CMN) at the finish, Rogli\u010d remains comfortably in second overall. But more than the result itself, his ability to stay fighting with the best after such a difficult build-up to the Vuelta was the real benefit.<\/p>\n<div class=\"my-6 w-full overflow-hidden rounded-[10px] lg:my-8\" data-component-name=\"JwPlayer:Carousel\" data-jwp-carousel data-jwp-carousel-payload=\"{&quot;ids&quot;:{&quot;playerID&quot;:&quot;jYDCcabO&quot;,&quot;searchPlaylistID&quot;:&quot;gwjdoYHD&quot;,&quot;divID&quot;:&quot;botr_gwjdoYHD_jYDCcabO_div&quot;,&quot;fallbackPlaylistID&quot;:&quot;gwjdoYHD&quot;,&quot;fallbackDivID&quot;:&quot;botr_gwjdoYHD_jYDCcabO_div&quot;,&quot;key&quot;:&quot;X9\/mXVGac0NphghLH9hZaqWA5d3dhAM\/Ih07grnEyMLjuO2E&quot;,&quot;tintLogo&quot;:true,&quot;useSearchPlaylist&quot;:false,&quot;enabled&quot;:true},&quot;signPostingEnabled&quot;:true,&quot;signPostingLinkEnabled&quot;:true,&quot;waitForAdLoad&quot;:false,&quot;hidePlayerOnDesktop&quot;:false,&quot;hidePlayerOnMobile&quot;:false,&quot;hidePlayerOnTablet&quot;:false}\">\n<div class=\"flex flex-nowrap items-center justify-between gap-3 bg-zinc-900 px-[14px] py-3\" data-jwp-carousel-header>\n<div class=\"flex min-w-0 shrink items-center\"><span class=\"inline-flex items-center gap-1.5 text-sm font-article-heading capitalize leading-5 text-white whitespace-nowrap\"><span class=\"jwp-carousel-title-desktop\">Latest Videos From<\/span><span class=\"jwp-carousel-brand\">Cyclingnews<\/span><\/span><\/div>\n<\/div>\n<div class=\"min-h-[44px] bg-zinc-900 px-[14px] py-3\" data-jwp-carousel-signposting><a class=\"invisible block truncate text-sm font-bold leading-5 text-white underline decoration-solid underline-offset-2\" data-jwp-carousel-signposting-link href target=\"_blank\" rel=\"noopener noreferrer\"><span data-jwp-carousel-signposting-title>Watch full video here: <\/span><\/a><\/div>\n<\/div>\n<p aria-hidden=\"true\" class=\"kiosq-b\">The four-times Vuelta a Espa\u00f1a winner&#8217;s major crash when training had meant he began the race suffering badly. But after a reasonable opening time trial, and staying with the other top contenders when Tadej Pogacar (UAE Team Emirates-XRG) attacked at Andorra, the closing kilometres of stage 9 was the first time he really showed signs of a fuller recovery.<\/p>\n<p aria-hidden=\"true\" class=\"kiosq-b\">Whilst not attacking, he was the only rider able to close the gap on Onley and Mas when they moved away towards the top. Mas then was sharp enough to attack again just as soon as Rogli\u010d closed in, but the Slovenian&#8217;s limitations of the gaps bode very well for the two weeks to come.<\/p>\n<aside data-component-name=\"Recirculation:ArticleRiver\" data-recirculation-type=\"inline\" data-mrf-recirculation=\"Trending Bar\" data-nosnippet class=\"clear-both pt-2 pb-0 mb-4\"><span class=\"\n            flex\n            after:content-[&apos;&apos;] after:flex-1 after:ml-4 after:my-[0.7rem] after:border-t after:border-solid after:border-t-[#ccc]\n            before:content-[&apos;&apos;] before:flex-1 before:mr-4 before:my-[0.7rem] before:border-t before:border-solid before:border-t-[#ccc]\n            font-article-heading pb-0 text-[length:var(--article-river-title--font-size,1em)] uppercase sm:text-[length:var(--article-river-title--font-size,0.875em)] font-bold\n        \"><br \/>\n            You may like<br \/>\n        <\/span><\/p>\n<ul class=\"flex flex-col gap-0 m-0 max-w-full\">\n<li class=\"m-0 list-none border-b border-solid border-[#ededed] py-2\" data-recirculation-id=\"recirculation-card-1\" id=\"recirculation-inline-1\" data-analytics-id=\"recirculation-inline-1\" data-mrf-recirculation=\"recirculation-inline-1\">\n    <source type=\"image\/webp\" srcset=\"https:\/\/cdn.mos.cms.futurecdn.net\/8kchXacdwvwXDcMiu9KiFF-250-80.jpg.webp 250w, https:\/\/cdn.mos.cms.futurecdn.net\/8kchXacdwvwXDcMiu9KiFF-150-80.jpg.webp 150w\" sizes=\"150px\" \/><span class=\"w-full text-base font-[var(--article-river-item--font-weight,500)] font-article-heading line-clamp-3 md:line-clamp-2\">&#8216;There was never a sign that he was struggling&#8217; \u2013 Primo\u017e Rogli\u010d dispels doubts as he moves up to second overall at Vuelta a Espa\u00f1a on first mountain test<\/span><\/li>\n<li class=\"m-0 list-none border-b border-solid border-[#ededed] py-2\" data-recirculation-id=\"recirculation-card-2\" id=\"recirculation-inline-2\" data-analytics-id=\"recirculation-inline-2\" data-mrf-recirculation=\"recirculation-inline-2\">\n    <source type=\"image\/webp\" srcset=\"https:\/\/cdn.mos.cms.futurecdn.net\/wA73oNrg82aAgWUbqEHVNB-250-80.jpg.webp 250w, https:\/\/cdn.mos.cms.futurecdn.net\/wA73oNrg82aAgWUbqEHVNB-150-80.jpg.webp 150w\" sizes=\"150px\" \/><span class=\"w-full text-base font-[var(--article-river-item--font-weight,500)] font-article-heading line-clamp-3 md:line-clamp-2\">Vuelta a Espa\u00f1a: Race leader Enric Mas outsprints Oscar Onley to win stage 9 on Alto de Aitana<\/span><\/li>\n<li class=\"m-0 list-none border-b border-solid border-[#ccc] py-2\" data-recirculation-id=\"recirculation-card-3\" id=\"recirculation-inline-3\" data-analytics-id=\"recirculation-inline-3\" data-mrf-recirculation=\"recirculation-inline-3\">\n    <source type=\"image\/webp\" srcset=\"https:\/\/cdn.mos.cms.futurecdn.net\/txLrgsAEFvggkkWcyvZfem-250-80.jpg.webp 250w, https:\/\/cdn.mos.cms.futurecdn.net\/txLrgsAEFvggkkWcyvZfem-150-80.jpg.webp 150w\" sizes=\"150px\" \/><span class=\"w-full text-base font-[var(--article-river-item--font-weight,500)] font-article-heading line-clamp-3 md:line-clamp-2\">&#8216;I was like &#8211; what&#8217;s going on, is this a spectator?&#8217; &#8211; Tadej Poga\u010dar surprised by Enric Mas on Vuelta a Espa\u00f1a gravel climb<\/span><\/li>\n<\/ul>\n<\/aside>\n<p aria-hidden=\"true\" class=\"kiosq-b\">&#8220;Like I said, we can always hope, but good, I&#8217;m super happy mate,&#8221; Rogli\u010d said afterwards in a brief interview with the media at the summit of the Aitana.<\/p>\n<p aria-hidden=\"true\" class=\"kiosq-b\">&#8220;I didn&#8217;t do much [but] it&#8217;s beautiful to ride a bike now, outside in nice weather.<\/p>\n<div id=\"slice-container-newsletterForm-articleInbodyContent-QJKVShCRsWF7EpcC9kFKzZ\" class=\"slice-container newsletter-inbodyContent-slice newsletterForm-articleInbodyContent-QJKVShCRsWF7EpcC9kFKzZ slice-container-newsletterForm\">\n<div data-hydrate=\"true\" class=\"newsletter-form__wrapper newsletter-form__wrapper--inbodyContent\">\n<div class=\"newsletter-form__container\">\n<section class=\"newsletter-form__top-bar\">\n<div class=\"newsletter-form__header\">Get The Leadout Newsletter<\/div>\n<\/section>\n<section class=\"newsletter-form__main-section\">\n<p class=\"newsletter-form__strapline\">The latest race content, interviews, features, reviews and expert buying guides, direct to your inbox!<\/p>\n<footer class=\"newsletter-form__footer \">By submitting your information you agree to the Terms &amp; Conditions and Privacy Policy and are aged 16 or over.<\/footer>\n<\/section>\n<\/div>\n<\/div>\n<\/div>\n<p aria-hidden=\"true\" class=\"kiosq-b\">&#8220;They were hard climbs and some guys were too fast, but I&#8217;m happy.&#8221;<\/p>\n<p aria-hidden=\"true\" class=\"kiosq-b\">Rogli\u010d recognised that without Poga\u010dar, the Vuelta has taken a very different perspective, but he was equally regretful that the leading pre-race favourite had disappeared from the running in such a sad way.<\/p>\n<p aria-hidden=\"true\" class=\"kiosq-b\">&#8220;For sure it&#8217;s open definitely, but you know, I don&#8217;t wish anything bad to anyone, so I wish him a fast recovery,&#8221; Rogli\u010d, who has had more than his own fair share of crashes, concluded.<\/p>\n<p aria-hidden=\"true\" class=\"kiosq-b\">It remains to be seen whether Rogli\u010d can now close the gap even further on his rivals and perhaps even start to gain time on Mas in the mountainous stages to come, with the time trial at the start of week 3 another big opportunity. Historically, too, Rogli\u010d has always tended to improve steadily throughout a race, and if there are repeats of the cat-and-mouse game that developed on the upper slopes of the Aitana, that&#8217;ll also be the kind of scenario in which he thrives.<\/p>\n<p aria-hidden=\"true\" class=\"kiosq-b\">But regardless of what happens, there can be no doubt that the Slovenian veteran is on the comeback trail, and determined to make an impact on GC in the Vuelta. Ten days ago in Monaco, that he could hit the heights again was anything but certain, but Aitana has shown that he is moving in the right direction again.<\/p>\n<p aria-hidden=\"true\" class=\"kiosq-b\"><strong>For unbeatable coverage across road, gravel and tech, subscribe to Cyclingnews. You&#8217;ll get comprehensive race coverage of La Vuelta a Espa\u00f1a, subscriber-exclusive analysis from our expert columnists, in-depth features and industry-leading tech insight. Plus, the Cyclingnews app lets you follow the action wherever you go! <\/strong><u><strong>Join today.<\/strong><\/u><\/p>\n<\/div>\n<div id=\"slice-container-authorBio-QJKVShCRsWF7EpcC9kFKzZ\" class=\"slice-container slice-author-bio authorBio-QJKVShCRsWF7EpcC9kFKzZ slice-container-authorBio\">\n<div class=\"author author__default-layout author--separator author--collapsible\" data-hydrate=\"true\">\n<div class=\"author__header\">\n<div class=\"author__avatar-block\">\n<figure class=\"image-wrapped__wrapper\" data-bordeaux-image-check=\"false\">\n<div class=\"image-wrapped__widthsetter\">\n<div class=\"image-wrapped__aspect-padding\">\n<div><source class=\"author__avatar image-wrapped__image image__image\" type=\"image\/webp\" srcset=\"https:\/\/cdn.mos.cms.futurecdn.net\/5QLhaPay9asJvmaNsCjFVZ-140-80.jpg.webp 140w\" sizes=\"99vw\" data-normal=\"https:\/\/cdn.mos.cms.futurecdn.net\/5QLhaPay9asJvmaNsCjFVZ.jpg\" data-original-mos=\"https:\/\/cdn.mos.cms.futurecdn.net\/5QLhaPay9asJvmaNsCjFVZ.jpg\" data-pin-media=\"https:\/\/cdn.mos.cms.futurecdn.net\/5QLhaPay9asJvmaNsCjFVZ.jpg\" data-pin-nopin=\"true\" data-slice-image=\"true\" \/><\/div>\n<\/div>\n<\/div>\n<\/figure>\n<\/div>\n<div class=\"author__heading\">\n<div class=\"author__name\">Alasdair Fotheringham<\/div>\n<div class=\"author__social\">\n<nav class=\"button-social-group author__social-buttons\" aria-labelledby=\"button-social-group- author__social-buttons\">\n<div id=\"button-social-group- author__social-buttons\">Social Links Navigation<\/div>\n<\/nav>\n<\/div>\n<\/div>\n<\/div>\n<div class=\"author__bio-wrapper\">\n<div class=\"author__biography\">\n<p>Alasdair Fotheringham has been reporting on cycling since 1991. He has covered every Tour de France since 1992 bar one, as well as numerous other bike races of all shapes and sizes, ranging from the Olympic Games in 2008 to the now sadly defunct Subida a Urkiola hill climb in Spain. As well as working for <em>Cyclingnews<\/em>, he has also written for <em>The Independent<\/em>,\u00a0 <em>The Guardian<\/em>,\u00a0 <em>ProCycling<\/em>, <em>The Express<\/em> and <em>Reuters<\/em>.<\/p>\n<\/div>\n<\/div>\n<\/div>\n<\/div>\n<\/section>\n<div class=\"relative max-w-[1070px] viafoura-twig-component mt-6 mx-4 lg:mx-0\" data-component-name=\"Viafoura:Comments\" data-nosnippet data-community-guidelines-text=\"&lt;p class=&apos;vfcustom-community-guidelines&apos;&gt;Please follow our &lt;a href=&quot;https:\/\/www.cyclingnews.com\/about\/#section-community-guidelines&quot; target=&quot;_blank&quot;&gt;community guidelines&lt;\/a&gt;.&lt;\/p&gt;\" data-join-the-conversation-text=\"Join the Conversation\">\n<div class=\"absolute top-0 left-0 w-full h-full flex items-center justify-center z-50 bg-white\/90 border-1 rounded-b-[var(--comment-widget-border-radius,0)]\">\n<div class=\"p-2 text-center\">\n<p class=\"mb-3 text-lg!\">You must confirm your public display name before commenting<\/p>\n<p class=\"mb-3 text-sm!\">Please logout and then login again, you will then be prompted to enter your display name.<\/p>\n<\/div>\n<\/div>\n<\/div>\n<section class=\"mx-2 my-5 sm:mx-0\">\n<aside class=\"w-full\" data-nosnippet data-mrf-recirculation=\"article-river-stacked\">\n<div data-recirc-id=\"article-river-stacked-adviser:hybrid\">\n<div class=\"text-white py-4 px-3 mb-4 bg-[#333] uppercase font-bold custom-header-styles\">Read more<\/div>\n<div class=\"grid grid-cols-1 gap-4 mt-4 mb-5\">\n<div>\n<div class=\"aspect-[var(--img-listing-aspect-ratio,16\/9)] relative mb-3.5\">\n    <source type=\"image\/webp\" srcset=\"https:\/\/cdn.mos.cms.futurecdn.net\/8kchXacdwvwXDcMiu9KiFF-840-80.jpg.webp 840w, https:\/\/cdn.mos.cms.futurecdn.net\/8kchXacdwvwXDcMiu9KiFF-650-80.jpg.webp 650w, https:\/\/cdn.mos.cms.futurecdn.net\/8kchXacdwvwXDcMiu9KiFF-500-80.jpg.webp 500w, https:\/\/cdn.mos.cms.futurecdn.net\/8kchXacdwvwXDcMiu9KiFF-450-80.jpg.webp 450w, https:\/\/cdn.mos.cms.futurecdn.net\/8kchXacdwvwXDcMiu9KiFF-320-80.jpg.webp 320w\" sizes=\"(min-width: 900px) 925px, (min-width: 700px) 450px, calc(100vw - 48px)\" \/><\/div>\n<p><span class=\"custom-subheading-styles\">Teams &amp; Riders<\/span><span class=\"text-base text-black font-bold mx-0 my-2.5 p-0 block custom-text-styles\">&#8216;There was never a sign that he was struggling&#8217; \u2013 Primo\u017e Rogli\u010d dispels doubts as he moves up to second overall at Vuelta a Espa\u00f1a on first mountain test<\/span><\/div>\n<div class=\"relative recirc-feed sponsored-card min-h-[250px]\" data-recirc-id=\"article-river-stacked-ads:native-cards\" data-mrf-recirculation=\"article-river-ads\" data-nosnippet data-ad-slot-path=\"feed-sponsored-post\" data-attribute-device=\"all\">\n<div class=\"max-w-full sponsored-post--placeholder animate-pulse\">\n<div class=\"relative!\"><span class=\"text-base text-black font-bold mx-0 my-2.5 p-0 block bg-gray-100\">\u00a0<br \/>\u00a0<\/span><\/div>\n<\/div>\n<\/div>\n<div>\n<div class=\"aspect-[var(--img-listing-aspect-ratio,16\/9)] relative mb-3.5\">\n    <source type=\"image\/webp\" srcset=\"https:\/\/cdn.mos.cms.futurecdn.net\/wA73oNrg82aAgWUbqEHVNB-840-80.jpg.webp 840w, https:\/\/cdn.mos.cms.futurecdn.net\/wA73oNrg82aAgWUbqEHVNB-650-80.jpg.webp 650w, https:\/\/cdn.mos.cms.futurecdn.net\/wA73oNrg82aAgWUbqEHVNB-500-80.jpg.webp 500w, https:\/\/cdn.mos.cms.futurecdn.net\/wA73oNrg82aAgWUbqEHVNB-450-80.jpg.webp 450w, https:\/\/cdn.mos.cms.futurecdn.net\/wA73oNrg82aAgWUbqEHVNB-320-80.jpg.webp 320w\" sizes=\"(min-width: 900px) 925px, (min-width: 700px) 450px, calc(100vw - 48px)\" \/><\/div>\n<p><span class=\"custom-subheading-styles\">Racing<\/span><span class=\"text-base text-black font-bold mx-0 my-2.5 p-0 block custom-text-styles\">Vuelta a Espa\u00f1a: Race leader Enric Mas outsprints Oscar Onley to win stage 9 on Alto de Aitana<\/span><\/div>\n<div class=\"relative recirc-feed sponsored-card min-h-[250px]\" data-recirc-id=\"article-river-stacked-ads:native-cards\" data-mrf-recirculation=\"article-river-ads\" data-nosnippet data-ad-slot-path=\"feed-sponsored-post\" data-attribute-device=\"all\">\n<div class=\"max-w-full sponsored-post--placeholder animate-pulse\">\n<div class=\"relative!\"><span class=\"text-base text-black font-bold mx-0 my-2.5 p-0 block bg-gray-100\">\u00a0<br \/>\u00a0<\/span><\/div>\n<\/div>\n<\/div>\n<div>\n<div class=\"aspect-[var(--img-listing-aspect-ratio,16\/9)] relative mb-3.5\">\n    <source type=\"image\/webp\" srcset=\"https:\/\/cdn.mos.cms.futurecdn.net\/txLrgsAEFvggkkWcyvZfem-840-80.jpg.webp 840w, https:\/\/cdn.mos.cms.futurecdn.net\/txLrgsAEFvggkkWcyvZfem-650-80.jpg.webp 650w, https:\/\/cdn.mos.cms.futurecdn.net\/txLrgsAEFvggkkWcyvZfem-500-80.jpg.webp 500w, https:\/\/cdn.mos.cms.futurecdn.net\/txLrgsAEFvggkkWcyvZfem-450-80.jpg.webp 450w, https:\/\/cdn.mos.cms.futurecdn.net\/txLrgsAEFvggkkWcyvZfem-320-80.jpg.webp 320w\" sizes=\"(min-width: 900px) 925px, (min-width: 700px) 450px, calc(100vw - 48px)\" \/><\/div>\n<p><span class=\"custom-subheading-styles\">Racing<\/span><span class=\"text-base text-black font-bold mx-0 my-2.5 p-0 block custom-text-styles\">&#8216;I was like &#8211; what&#8217;s going on, is this a spectator?&#8217; &#8211; Tadej Poga\u010dar surprised by Enric Mas on Vuelta a Espa\u00f1a gravel climb<\/span><\/div>\n<div class=\"relative recirc-feed sponsored-card min-h-[250px]\" data-recirc-id=\"article-river-stacked-ads:native-cards\" data-mrf-recirculation=\"article-river-ads\" data-nosnippet data-ad-slot-path=\"feed-sponsored-post\" data-attribute-device=\"all\">\n<div class=\"max-w-full sponsored-post--placeholder animate-pulse\">\n<div class=\"relative!\"><span class=\"text-base text-black font-bold mx-0 my-2.5 p-0 block bg-gray-100\">\u00a0<br \/>\u00a0<\/span><\/div>\n<\/div>\n<\/div>\n<div>\n<div class=\"aspect-[var(--img-listing-aspect-ratio,16\/9)] relative mb-3.5\">\n    <source type=\"image\/webp\" srcset=\"https:\/\/cdn.mos.cms.futurecdn.net\/YvLurAtwGrsupwv3CVbzQM-840-80.jpg.webp 840w, https:\/\/cdn.mos.cms.futurecdn.net\/YvLurAtwGrsupwv3CVbzQM-650-80.jpg.webp 650w, https:\/\/cdn.mos.cms.futurecdn.net\/YvLurAtwGrsupwv3CVbzQM-500-80.jpg.webp 500w, https:\/\/cdn.mos.cms.futurecdn.net\/YvLurAtwGrsupwv3CVbzQM-450-80.jpg.webp 450w, https:\/\/cdn.mos.cms.futurecdn.net\/YvLurAtwGrsupwv3CVbzQM-320-80.jpg.webp 320w\" sizes=\"(min-width: 900px) 925px, (min-width: 700px) 450px, calc(100vw - 48px)\" \/><\/div>\n<p><span class=\"custom-subheading-styles\">Teams &amp; Riders<\/span><span class=\"text-base text-black font-bold mx-0 my-2.5 p-0 block custom-text-styles\">&#8216;Just putting my socks on these last three weeks was the hardest&#8217; &#8211; Primo\u017e Rogli\u010d reveals scale of post-crash injuries and challenge to reach Vuelta a Espa\u00f1a startline<\/span><\/div>\n<div class=\"relative recirc-feed sponsored-card min-h-[250px]\" data-recirc-id=\"article-river-stacked-ads:native-cards\" data-mrf-recirculation=\"article-river-ads\" data-nosnippet data-ad-slot-path=\"feed-sponsored-post\" data-attribute-device=\"all\">\n<div class=\"max-w-full sponsored-post--placeholder animate-pulse\">\n<div class=\"relative!\"><span class=\"text-base text-black font-bold mx-0 my-2.5 p-0 block bg-gray-100\">\u00a0<br \/>\u00a0<\/span><\/div>\n<\/div>\n<\/div>\n<div>\n<div class=\"aspect-[var(--img-listing-aspect-ratio,16\/9)] relative mb-3.5\">\n    <source type=\"image\/webp\" srcset=\"https:\/\/cdn.mos.cms.futurecdn.net\/x95sC8eRpV3thnhQgo4RgK-840-80.jpg.webp 840w, https:\/\/cdn.mos.cms.futurecdn.net\/x95sC8eRpV3thnhQgo4RgK-650-80.jpg.webp 650w, https:\/\/cdn.mos.cms.futurecdn.net\/x95sC8eRpV3thnhQgo4RgK-500-80.jpg.webp 500w, https:\/\/cdn.mos.cms.futurecdn.net\/x95sC8eRpV3thnhQgo4RgK-450-80.jpg.webp 450w, https:\/\/cdn.mos.cms.futurecdn.net\/x95sC8eRpV3thnhQgo4RgK-320-80.jpg.webp 320w\" sizes=\"(min-width: 900px) 925px, (min-width: 700px) 450px, calc(100vw - 48px)\" \/><\/div>\n<p><span class=\"custom-subheading-styles\">Teams &amp; Riders<\/span><span class=\"text-base text-black font-bold mx-0 my-2.5 p-0 block custom-text-styles\">&#8216;A good day, but let&#8217;s not give it too much importance&#8217; &#8211; Enric Mas remains cautious after matching Tadej Poga\u010dar on Vuelta a Espa\u00f1a gravel climb<\/span><\/div>\n<div class=\"relative recirc-feed sponsored-card min-h-[250px]\" data-recirc-id=\"article-river-stacked-ads:native-cards\" data-mrf-recirculation=\"article-river-ads\" data-nosnippet data-ad-slot-path=\"feed-sponsored-post\" data-attribute-device=\"all\">\n<div class=\"max-w-full sponsored-post--placeholder animate-pulse\">\n<div class=\"relative!\"><span class=\"text-base text-black font-bold mx-0 my-2.5 p-0 block bg-gray-100\">\u00a0<br \/>\u00a0<\/span><\/div>\n<\/div>\n<\/div>\n<div>\n<div class=\"aspect-[var(--img-listing-aspect-ratio,16\/9)] relative mb-3.5\">\n    <source type=\"image\/webp\" srcset=\"https:\/\/cdn.mos.cms.futurecdn.net\/BA34nJiPUVCN2EN7yKmEC7-840-80.jpg.webp 840w, https:\/\/cdn.mos.cms.futurecdn.net\/BA34nJiPUVCN2EN7yKmEC7-650-80.jpg.webp 650w, https:\/\/cdn.mos.cms.futurecdn.net\/BA34nJiPUVCN2EN7yKmEC7-500-80.jpg.webp 500w, https:\/\/cdn.mos.cms.futurecdn.net\/BA34nJiPUVCN2EN7yKmEC7-450-80.jpg.webp 450w, https:\/\/cdn.mos.cms.futurecdn.net\/BA34nJiPUVCN2EN7yKmEC7-320-80.jpg.webp 320w\" sizes=\"(min-width: 900px) 925px, (min-width: 700px) 450px, calc(100vw - 48px)\" \/><\/div>\n<p><span class=\"custom-subheading-styles\">Racing<\/span><span class=\"text-base text-black font-bold mx-0 my-2.5 p-0 block custom-text-styles\">Primo\u017e Rogli\u010d expected to race the Vuelta a Espa\u00f1a but with no GC ambitions<\/span><\/div>\n<div class=\"relative recirc-feed sponsored-card min-h-[250px]\" data-recirc-id=\"article-river-stacked-ads:native-cards\" data-mrf-recirculation=\"article-river-ads\" data-nosnippet data-ad-slot-path=\"feed-sponsored-post\" data-attribute-device=\"all\">\n<div class=\"max-w-full sponsored-post--placeholder animate-pulse\">\n<div class=\"relative!\"><span class=\"text-base text-black font-bold mx-0 my-2.5 p-0 block bg-gray-100\">\u00a0<br \/>\u00a0<\/span><\/div>\n<\/div>\n<\/div>\n<\/div>\n<\/div>\n<\/aside>\n<aside class=\"w-full\" data-nosnippet data-mrf-recirculation=\"article-river-stacked\">\n<div data-recirc-id=\"article-river-stacked-solr:latest-category\">\n<div class=\"text-white py-4 px-3 mb-4 bg-[#333] uppercase font-bold custom-header-styles\">Latest in Racing<\/div>\n<div class=\"grid grid-cols-1 gap-4 mt-4 mb-5\">\n<div>\n<div class=\"aspect-[var(--img-listing-aspect-ratio,16\/9)] relative mb-3.5\">\n    <source type=\"image\/webp\" srcset=\"https:\/\/cdn.mos.cms.futurecdn.net\/RP4n5xqdHKjM9CKm2kZVkc-840-80.jpg.webp 840w, https:\/\/cdn.mos.cms.futurecdn.net\/RP4n5xqdHKjM9CKm2kZVkc-650-80.jpg.webp 650w, https:\/\/cdn.mos.cms.futurecdn.net\/RP4n5xqdHKjM9CKm2kZVkc-500-80.jpg.webp 500w, https:\/\/cdn.mos.cms.futurecdn.net\/RP4n5xqdHKjM9CKm2kZVkc-450-80.jpg.webp 450w, https:\/\/cdn.mos.cms.futurecdn.net\/RP4n5xqdHKjM9CKm2kZVkc-320-80.jpg.webp 320w\" sizes=\"(min-width: 900px) 925px, (min-width: 700px) 450px, calc(100vw - 48px)\" \/><\/div>\n<p><span class=\"custom-subheading-styles\">Racing<\/span><span class=\"text-base text-black font-bold mx-0 my-2.5 p-0 block custom-text-styles\">UCI Mountain Bike World Championships: Tom Pidcock solos to elite men&#8217;s Olympic cross-country world title<\/span><\/div>\n<div class=\"relative recirc-feed sponsored-card min-h-[250px]\" data-recirc-id=\"article-river-stacked-ads:native-cards\" data-mrf-recirculation=\"article-river-ads\" data-nosnippet data-ad-slot-path=\"feed-sponsored-post\" data-attribute-device=\"all\">\n<div class=\"max-w-full sponsored-post--placeholder animate-pulse\">\n<div class=\"relative!\"><span class=\"text-base text-black font-bold mx-0 my-2.5 p-0 block bg-gray-100\">\u00a0<br \/>\u00a0<\/span><\/div>\n<\/div>\n<\/div>\n<div>\n<div class=\"aspect-[var(--img-listing-aspect-ratio,16\/9)] relative mb-3.5\">\n    <source type=\"image\/webp\" srcset=\"https:\/\/cdn.mos.cms.futurecdn.net\/rMD6jdteAJCfNjz5NLB4RM-840-80.jpg.webp 840w, https:\/\/cdn.mos.cms.futurecdn.net\/rMD6jdteAJCfNjz5NLB4RM-650-80.jpg.webp 650w, https:\/\/cdn.mos.cms.futurecdn.net\/rMD6jdteAJCfNjz5NLB4RM-500-80.jpg.webp 500w, https:\/\/cdn.mos.cms.futurecdn.net\/rMD6jdteAJCfNjz5NLB4RM-450-80.jpg.webp 450w, https:\/\/cdn.mos.cms.futurecdn.net\/rMD6jdteAJCfNjz5NLB4RM-320-80.jpg.webp 320w\" sizes=\"(min-width: 900px) 925px, (min-width: 700px) 450px, calc(100vw - 48px)\" \/><\/div>\n<p><span class=\"custom-subheading-styles\">Women&#8217;s Cycling<\/span><span class=\"text-base text-black font-bold mx-0 my-2.5 p-0 block custom-text-styles\">UCI Mountain Bike World Championships: Sina Frei takes solo win to claim elite women&#8217;s Olympic cross-country world title<\/span><\/div>\n<div class=\"relative recirc-feed sponsored-card min-h-[250px]\" data-recirc-id=\"article-river-stacked-ads:native-cards\" data-mrf-recirculation=\"article-river-ads\" data-nosnippet data-ad-slot-path=\"feed-sponsored-post\" data-attribute-device=\"all\">\n<div class=\"max-w-full sponsored-post--placeholder animate-pulse\">\n<div class=\"relative!\"><span class=\"text-base text-black font-bold mx-0 my-2.5 p-0 block bg-gray-100\">\u00a0<br \/>\u00a0<\/span><\/div>\n<\/div>\n<\/div>\n<div>\n<div class=\"aspect-[var(--img-listing-aspect-ratio,16\/9)] relative mb-3.5\">\n    <source type=\"image\/webp\" srcset=\"https:\/\/cdn.mos.cms.futurecdn.net\/AzuJs4vrTAr5qYKErJf5Bn-840-80.jpg.webp 840w, https:\/\/cdn.mos.cms.futurecdn.net\/AzuJs4vrTAr5qYKErJf5Bn-650-80.jpg.webp 650w, https:\/\/cdn.mos.cms.futurecdn.net\/AzuJs4vrTAr5qYKErJf5Bn-500-80.jpg.webp 500w, https:\/\/cdn.mos.cms.futurecdn.net\/AzuJs4vrTAr5qYKErJf5Bn-450-80.jpg.webp 450w, https:\/\/cdn.mos.cms.futurecdn.net\/AzuJs4vrTAr5qYKErJf5Bn-320-80.jpg.webp 320w\" sizes=\"(min-width: 900px) 925px, (min-width: 700px) 450px, calc(100vw - 48px)\" \/><\/div>\n<p><span class=\"custom-subheading-styles\">Racing<\/span><span class=\"text-base text-black font-bold mx-0 my-2.5 p-0 block custom-text-styles\">Watch the Philadelphia Cycling Classic live on Cyclingnews<\/span><\/div>\n<div class=\"relative recirc-feed sponsored-card min-h-[250px]\" data-recirc-id=\"article-river-stacked-ads:native-cards\" data-mrf-recirculation=\"article-river-ads\" data-nosnippet data-ad-slot-path=\"feed-sponsored-post\" data-attribute-device=\"all\">\n<div class=\"max-w-full sponsored-post--placeholder animate-pulse\">\n<div class=\"relative!\"><span class=\"text-base text-black font-bold mx-0 my-2.5 p-0 block bg-gray-100\">\u00a0<br \/>\u00a0<\/span><\/div>\n<\/div>\n<\/div>\n<div>\n<div class=\"aspect-[var(--img-listing-aspect-ratio,16\/9)] relative mb-3.5\">\n    <source type=\"image\/webp\" srcset=\"https:\/\/cdn.mos.cms.futurecdn.net\/wA73oNrg82aAgWUbqEHVNB-840-80.jpg.webp 840w, https:\/\/cdn.mos.cms.futurecdn.net\/wA73oNrg82aAgWUbqEHVNB-650-80.jpg.webp 650w, https:\/\/cdn.mos.cms.futurecdn.net\/wA73oNrg82aAgWUbqEHVNB-500-80.jpg.webp 500w, https:\/\/cdn.mos.cms.futurecdn.net\/wA73oNrg82aAgWUbqEHVNB-450-80.jpg.webp 450w, https:\/\/cdn.mos.cms.futurecdn.net\/wA73oNrg82aAgWUbqEHVNB-320-80.jpg.webp 320w\" sizes=\"(min-width: 900px) 925px, (min-width: 700px) 450px, calc(100vw - 48px)\" \/><\/div>\n<p><span class=\"custom-subheading-styles\">Racing<\/span><span class=\"text-base text-black font-bold mx-0 my-2.5 p-0 block custom-text-styles\">Vuelta a Espa\u00f1a: Race leader Enric Mas outsprints Oscar Onley to win stage 9 on Alto de Aitana<\/span><\/div>\n<div class=\"relative recirc-feed sponsored-card min-h-[250px]\" data-recirc-id=\"article-river-stacked-ads:native-cards\" data-mrf-recirculation=\"article-river-ads\" data-nosnippet data-ad-slot-path=\"feed-sponsored-post\" data-attribute-device=\"all\">\n<div class=\"max-w-full sponsored-post--placeholder animate-pulse\">\n<div class=\"relative!\"><span class=\"text-base text-black font-bold mx-0 my-2.5 p-0 block bg-gray-100\">\u00a0<br \/>\u00a0<\/span><\/div>\n<\/div>\n<\/div>\n<div>\n<div class=\"aspect-[var(--img-listing-aspect-ratio,16\/9)] relative mb-3.5\">\n    <source type=\"image\/webp\" srcset=\"https:\/\/cdn.mos.cms.futurecdn.net\/M8nH7RPXb9EgSzKDnAiKMb-840-80.jpg.webp 840w, https:\/\/cdn.mos.cms.futurecdn.net\/M8nH7RPXb9EgSzKDnAiKMb-650-80.jpg.webp 650w, https:\/\/cdn.mos.cms.futurecdn.net\/M8nH7RPXb9EgSzKDnAiKMb-500-80.jpg.webp 500w, https:\/\/cdn.mos.cms.futurecdn.net\/M8nH7RPXb9EgSzKDnAiKMb-450-80.jpg.webp 450w, https:\/\/cdn.mos.cms.futurecdn.net\/M8nH7RPXb9EgSzKDnAiKMb-320-80.jpg.webp 320w\" sizes=\"(min-width: 900px) 925px, (min-width: 700px) 450px, calc(100vw - 48px)\" \/><\/div>\n<p><span class=\"custom-subheading-styles\">Racing<\/span><span class=\"text-base text-black font-bold mx-0 my-2.5 p-0 block custom-text-styles\">Bretagne Classic: Alex Aranburu takes WorldTour victory for Cofidis after decisive attack in final kilometres<\/span><\/div>\n<div class=\"relative recirc-feed sponsored-card min-h-[250px]\" data-recirc-id=\"article-river-stacked-ads:native-cards\" data-mrf-recirculation=\"article-river-ads\" data-nosnippet data-ad-slot-path=\"feed-sponsored-post\" data-attribute-device=\"all\">\n<div class=\"max-w-full sponsored-post--placeholder animate-pulse\">\n<div class=\"relative!\"><span class=\"text-base text-black font-bold mx-0 my-2.5 p-0 block bg-gray-100\">\u00a0<br \/>\u00a0<\/span><\/div>\n<\/div>\n<\/div>\n<div>\n<div class=\"aspect-[var(--img-listing-aspect-ratio,16\/9)] relative mb-3.5\">\n    <source type=\"image\/webp\" srcset=\"https:\/\/cdn.mos.cms.futurecdn.net\/ybdkfvCPnucW8hwpJFCqzi-840-80.jpg.webp 840w, https:\/\/cdn.mos.cms.futurecdn.net\/ybdkfvCPnucW8hwpJFCqzi-650-80.jpg.webp 650w, https:\/\/cdn.mos.cms.futurecdn.net\/ybdkfvCPnucW8hwpJFCqzi-500-80.jpg.webp 500w, https:\/\/cdn.mos.cms.futurecdn.net\/ybdkfvCPnucW8hwpJFCqzi-450-80.jpg.webp 450w, https:\/\/cdn.mos.cms.futurecdn.net\/ybdkfvCPnucW8hwpJFCqzi-320-80.jpg.webp 320w\" sizes=\"(min-width: 900px) 925px, (min-width: 700px) 450px, calc(100vw - 48px)\" \/><\/div>\n<p><span class=\"custom-subheading-styles\">Racing<\/span><span class=\"text-base text-black font-bold mx-0 my-2.5 p-0 block custom-text-styles\">UCI Mountain Bike World Championships: Nael Rouffiac wins men&#8217;s U23 XCO race with attack two laps out from line<\/span><\/div>\n<div class=\"relative recirc-feed sponsored-card min-h-[250px]\" data-recirc-id=\"article-river-stacked-ads:native-cards\" data-mrf-recirculation=\"article-river-ads\" data-nosnippet data-ad-slot-path=\"feed-sponsored-post\" data-attribute-device=\"all\">\n<div class=\"max-w-full sponsored-post--placeholder animate-pulse\">\n<div class=\"relative!\"><span class=\"text-base text-black font-bold mx-0 my-2.5 p-0 block bg-gray-100\">\u00a0<br \/>\u00a0<\/span><\/div>\n<\/div>\n<\/div>\n<\/div>\n<\/div>\n<\/aside>\n<aside class=\"w-full\" data-nosnippet data-mrf-recirculation=\"article-river-stacked\">\n<div data-recirc-id=\"article-river-stacked-solr:latest-articletype\">\n<div class=\"text-white py-4 px-3 mb-4 bg-[#333] uppercase font-bold custom-header-styles\">Latest in News<\/div>\n<div class=\"grid grid-cols-1 gap-4 mt-4 mb-5\">\n<div>\n<div class=\"aspect-[var(--img-listing-aspect-ratio,16\/9)] relative mb-3.5\">\n    <source type=\"image\/webp\" srcset=\"https:\/\/cdn.mos.cms.futurecdn.net\/AzuJs4vrTAr5qYKErJf5Bn-840-80.jpg.webp 840w, https:\/\/cdn.mos.cms.futurecdn.net\/AzuJs4vrTAr5qYKErJf5Bn-650-80.jpg.webp 650w, https:\/\/cdn.mos.cms.futurecdn.net\/AzuJs4vrTAr5qYKErJf5Bn-500-80.jpg.webp 500w, https:\/\/cdn.mos.cms.futurecdn.net\/AzuJs4vrTAr5qYKErJf5Bn-450-80.jpg.webp 450w, https:\/\/cdn.mos.cms.futurecdn.net\/AzuJs4vrTAr5qYKErJf5Bn-320-80.jpg.webp 320w\" sizes=\"(min-width: 900px) 925px, (min-width: 700px) 450px, calc(100vw - 48px)\" \/><\/div>\n<p><span class=\"custom-subheading-styles\">Racing<\/span><span class=\"text-base text-black font-bold mx-0 my-2.5 p-0 block custom-text-styles\">Watch the Philadelphia Cycling Classic live on Cyclingnews<\/span><\/div>\n<div class=\"relative recirc-feed sponsored-card min-h-[250px]\" data-recirc-id=\"article-river-stacked-ads:native-cards\" data-mrf-recirculation=\"article-river-ads\" data-nosnippet data-ad-slot-path=\"feed-sponsored-post\" data-attribute-device=\"all\">\n<div class=\"max-w-full sponsored-post--placeholder animate-pulse\">\n<div class=\"relative!\"><span class=\"text-base text-black font-bold mx-0 my-2.5 p-0 block bg-gray-100\">\u00a0<br \/>\u00a0<\/span><\/div>\n<\/div>\n<\/div>\n<div>\n<div class=\"aspect-[var(--img-listing-aspect-ratio,16\/9)] relative mb-3.5\">\n    <source type=\"image\/webp\" srcset=\"https:\/\/cdn.mos.cms.futurecdn.net\/a62yCoLGzsESGBut5SxEFY-840-80.jpg.webp 840w, https:\/\/cdn.mos.cms.futurecdn.net\/a62yCoLGzsESGBut5SxEFY-650-80.jpg.webp 650w, https:\/\/cdn.mos.cms.futurecdn.net\/a62yCoLGzsESGBut5SxEFY-500-80.jpg.webp 500w, https:\/\/cdn.mos.cms.futurecdn.net\/a62yCoLGzsESGBut5SxEFY-450-80.jpg.webp 450w, https:\/\/cdn.mos.cms.futurecdn.net\/a62yCoLGzsESGBut5SxEFY-320-80.jpg.webp 320w\" sizes=\"(min-width: 900px) 925px, (min-width: 700px) 450px, calc(100vw - 48px)\" \/><\/div>\n<p><span class=\"custom-subheading-styles\">Teams &amp; Riders<\/span><span class=\"text-base text-black font-bold mx-0 my-2.5 p-0 block custom-text-styles\">&#8216;Everything is possible&#8217; \u2013 Felix Gall says it&#8217;s a new start for the Vuelta a Espa\u00f1a following Tadej Poga\u010dar&#8217;s abandon<\/span><\/div>\n<div class=\"relative recirc-feed sponsored-card min-h-[250px]\" data-recirc-id=\"article-river-stacked-ads:native-cards\" data-mrf-recirculation=\"article-river-ads\" data-nosnippet data-ad-slot-path=\"feed-sponsored-post\" data-attribute-device=\"all\">\n<div class=\"max-w-full sponsored-post--placeholder animate-pulse\">\n<div class=\"relative!\"><span class=\"text-base text-black font-bold mx-0 my-2.5 p-0 block bg-gray-100\">\u00a0<br \/>\u00a0<\/span><\/div>\n<\/div>\n<\/div>\n<div>\n<div class=\"aspect-[var(--img-listing-aspect-ratio,16\/9)] relative mb-3.5\">\n    <source type=\"image\/webp\" srcset=\"https:\/\/cdn.mos.cms.futurecdn.net\/ouK3iDv9LXB9ie8RrK3Amb-840-80.jpg.webp 840w, https:\/\/cdn.mos.cms.futurecdn.net\/ouK3iDv9LXB9ie8RrK3Amb-650-80.jpg.webp 650w, https:\/\/cdn.mos.cms.futurecdn.net\/ouK3iDv9LXB9ie8RrK3Amb-500-80.jpg.webp 500w, https:\/\/cdn.mos.cms.futurecdn.net\/ouK3iDv9LXB9ie8RrK3Amb-450-80.jpg.webp 450w, https:\/\/cdn.mos.cms.futurecdn.net\/ouK3iDv9LXB9ie8RrK3Amb-320-80.jpg.webp 320w\" sizes=\"(min-width: 900px) 925px, (min-width: 700px) 450px, calc(100vw - 48px)\" \/><\/div>\n<p><span class=\"custom-subheading-styles\">Teams &amp; Riders<\/span><span class=\"text-base text-black font-bold mx-0 my-2.5 p-0 block custom-text-styles\">&#8216;Just be super aggressive and try and make him proud&#8217; \u2013 UAE Team Emirates-XRG recalibrate Vuelta a Espa\u00f1a goals after losing Tadej Poga\u010dar<\/span><\/div>\n<div class=\"relative recirc-feed sponsored-card min-h-[250px]\" data-recirc-id=\"article-river-stacked-ads:native-cards\" data-mrf-recirculation=\"article-river-ads\" data-nosnippet data-ad-slot-path=\"feed-sponsored-post\" data-attribute-device=\"all\">\n<div class=\"max-w-full sponsored-post--placeholder animate-pulse\">\n<div class=\"relative!\"><span class=\"text-base text-black font-bold mx-0 my-2.5 p-0 block bg-gray-100\">\u00a0<br \/>\u00a0<\/span><\/div>\n<\/div>\n<\/div>\n<div>\n<div class=\"aspect-[var(--img-listing-aspect-ratio,16\/9)] relative mb-3.5\">\n    <source type=\"image\/webp\" srcset=\"https:\/\/cdn.mos.cms.futurecdn.net\/9NcfSBMaCtSJn2WSSdfraP-840-80.jpg.webp 840w, https:\/\/cdn.mos.cms.futurecdn.net\/9NcfSBMaCtSJn2WSSdfraP-650-80.jpg.webp 650w, https:\/\/cdn.mos.cms.futurecdn.net\/9NcfSBMaCtSJn2WSSdfraP-500-80.jpg.webp 500w, https:\/\/cdn.mos.cms.futurecdn.net\/9NcfSBMaCtSJn2WSSdfraP-450-80.jpg.webp 450w, https:\/\/cdn.mos.cms.futurecdn.net\/9NcfSBMaCtSJn2WSSdfraP-320-80.jpg.webp 320w\" sizes=\"(min-width: 900px) 925px, (min-width: 700px) 450px, calc(100vw - 48px)\" \/><\/div>\n<p><span class=\"custom-subheading-styles\">Teams &amp; Riders<\/span><span class=\"text-base text-black font-bold mx-0 my-2.5 p-0 block custom-text-styles\">&#8216;Stayin Alive&#8217; \u2013 Tadej Poga\u010dar posts update from Barcelona hospital bed as question marks linger over cause of crash and rest of season after Vuelta a Espa\u00f1a abandon<\/span><\/div>\n<div class=\"relative recirc-feed sponsored-card min-h-[250px]\" data-recirc-id=\"article-river-stacked-ads:native-cards\" data-mrf-recirculation=\"article-river-ads\" data-nosnippet data-ad-slot-path=\"feed-sponsored-post\" data-attribute-device=\"all\">\n<div class=\"max-w-full sponsored-post--placeholder animate-pulse\">\n<div class=\"relative!\"><span class=\"text-base text-black font-bold mx-0 my-2.5 p-0 block bg-gray-100\">\u00a0<br \/>\u00a0<\/span><\/div>\n<\/div>\n<\/div>\n<div>\n<div class=\"aspect-[var(--img-listing-aspect-ratio,16\/9)] relative mb-3.5\">\n    <source type=\"image\/webp\" srcset=\"https:\/\/cdn.mos.cms.futurecdn.net\/E4RkU8rMnBW5TwXorbSCaj-840-80.jpg.webp 840w, https:\/\/cdn.mos.cms.futurecdn.net\/E4RkU8rMnBW5TwXorbSCaj-650-80.jpg.webp 650w, https:\/\/cdn.mos.cms.futurecdn.net\/E4RkU8rMnBW5TwXorbSCaj-500-80.jpg.webp 500w, https:\/\/cdn.mos.cms.futurecdn.net\/E4RkU8rMnBW5TwXorbSCaj-450-80.jpg.webp 450w, https:\/\/cdn.mos.cms.futurecdn.net\/E4RkU8rMnBW5TwXorbSCaj-320-80.jpg.webp 320w\" sizes=\"(min-width: 900px) 925px, (min-width: 700px) 450px, calc(100vw - 48px)\" \/><\/div>\n<p><span class=\"custom-subheading-styles\">Teams &amp; Riders<\/span><span class=\"text-base text-black font-bold mx-0 my-2.5 p-0 block custom-text-styles\">Disappointment at SD Worx-Protime as Mischa Bredewold misses fourth consecutive victory at Classic Lorient Agglom\u00e9ration<\/span><\/div>\n<div class=\"relative recirc-feed sponsored-card min-h-[250px]\" data-recirc-id=\"article-river-stacked-ads:native-cards\" data-mrf-recirculation=\"article-river-ads\" data-nosnippet data-ad-slot-path=\"feed-sponsored-post\" data-attribute-device=\"all\">\n<div class=\"max-w-full sponsored-post--placeholder animate-pulse\">\n<div class=\"relative!\"><span class=\"text-base text-black font-bold mx-0 my-2.5 p-0 block bg-gray-100\">\u00a0<br \/>\u00a0<\/span><\/div>\n<\/div>\n<\/div>\n<div>\n<div class=\"aspect-[var(--img-listing-aspect-ratio,16\/9)] relative mb-3.5\">\n    <source type=\"image\/webp\" srcset=\"https:\/\/cdn.mos.cms.futurecdn.net\/PqHdCxLqcsCG3j55wRKHd8-840-80.jpg.webp 840w, https:\/\/cdn.mos.cms.futurecdn.net\/PqHdCxLqcsCG3j55wRKHd8-650-80.jpg.webp 650w, https:\/\/cdn.mos.cms.futurecdn.net\/PqHdCxLqcsCG3j55wRKHd8-500-80.jpg.webp 500w, https:\/\/cdn.mos.cms.futurecdn.net\/PqHdCxLqcsCG3j55wRKHd8-450-80.jpg.webp 450w, https:\/\/cdn.mos.cms.futurecdn.net\/PqHdCxLqcsCG3j55wRKHd8-320-80.jpg.webp 320w\" sizes=\"(min-width: 900px) 925px, (min-width: 700px) 450px, calc(100vw - 48px)\" \/><\/div>\n<p><span class=\"custom-subheading-styles\">Teams &amp; Riders<\/span><span class=\"text-base text-black font-bold mx-0 my-2.5 p-0 block custom-text-styles\">&#8216;It&#8217;s a sad way to end it&#8217; &#8211; exit of Tadej Poga\u010dar sparks wave of sympathy and regret in the Vuelta a Espa\u00f1a peloton<\/span><\/div>\n<div class=\"relative recirc-feed sponsored-card min-h-[250px]\" data-recirc-id=\"article-river-stacked-ads:native-cards\" data-mrf-recirculation=\"article-river-ads\" data-nosnippet data-ad-slot-path=\"feed-sponsored-post\" data-attribute-device=\"all\">\n<div class=\"max-w-full sponsored-post--placeholder animate-pulse\">\n<div class=\"relative!\"><span class=\"text-base text-black font-bold mx-0 my-2.5 p-0 block bg-gray-100\">\u00a0<br \/>\u00a0<\/span><\/div>\n<\/div>\n<\/div>\n<\/div>\n<\/div>\n<\/aside>\n<\/section>\n<\/div>\n<\/div>\n<\/div>\n<div id=\"widgetArea17\" class=\"widget-area md:basis-1\/3 widget-area-g-md-vp-1-3 widget-area-g-lg-vp-1-3 widget-area-g-xl-vp-1-3 page-widget-area-17\">\n<div data-widget-type=\"dynamic\" id=\"popular-data\" class=\"clear-both widget widget-dynamic widget-popular-data widget-dynamic-popular-data widget-dynamic-fter-popular-box\">\n<div class=\"wdn-fte-pb pos-relative space-t20\n\"><\/p>\n<div class=\"slice-container popular-box-slice\">\n<section class=\"popular-box\" data-component-name=\"Slice:PopularBox\">\n<div class=\"popular-box__label\">\n<div class=\"popular-box__label__tab popular-box__label__tab--active\" role=\"heading\">\nLATEST ARTICLES\n<\/div>\n<\/div>\n<ol class=\"popular-box__articles-list popular-box__articles-list--active\">\n<li class=\"popular-box__article-list\">\n<div class=\"popular-box__article-list__container\">\n<div class=\"popular-box__article-list__image-wrapper\">\n<div>\n<source type=\"image\/webp\" srcset=\"https:\/\/cdn.mos.cms.futurecdn.net\/zAwS56EnbWtgonSiTMNejT-1280-80.jpg.webp 1280w, https:\/\/cdn.mos.cms.futurecdn.net\/zAwS56EnbWtgonSiTMNejT-720-80.jpg.webp 720w, https:\/\/cdn.mos.cms.futurecdn.net\/zAwS56EnbWtgonSiTMNejT-640-80.jpg.webp 640w, https:\/\/cdn.mos.cms.futurecdn.net\/zAwS56EnbWtgonSiTMNejT-320-80.jpg.webp 320w\" sizes=\"99vw\" \/><\/div>\n<\/div>\n<div class=\"popular-box__article-list__content\">\n<div class=\"popular-box__article-list__number-text\">1<\/div>\n<div class=\"popular-box__article-list__heading\">\n<p>Philadelphia Cycling Classic Women: Chiara Consonni victorious in first edition since 2016<\/p>\n<\/div>\n<\/div>\n<\/div>\n<\/li>\n<li class=\"popular-box__article-list\">\n<div class=\"popular-box__article-list__container\">\n<div class=\"popular-box__article-list__content\">\n<div class=\"popular-box__article-list__number-text\">2<\/div>\n<div class=\"popular-box__article-list__heading\">\n<p>Vuelta a Espa\u00f1a: Race leader Enric Mas outsprints Oscar Onley to win stage 9 on Alto de Aitana<\/p>\n<\/div>\n<\/div>\n<\/div>\n<\/li>\n<li class=\"popular-box__article-list\">\n<div class=\"popular-box__article-list__container\">\n<div class=\"popular-box__article-list__content\">\n<div class=\"popular-box__article-list__number-text\">3<\/div>\n<div class=\"popular-box__article-list__heading\">\n<p>Bretagne Classic: Alex Aranburu takes WorldTour victory for Cofidis after decisive attack in final kilometres<\/p>\n<\/div>\n<\/div>\n<\/div>\n<\/li>\n<li class=\"popular-box__article-list\">\n<div class=\"popular-box__article-list__container\">\n<div class=\"popular-box__article-list__content\">\n<div class=\"popular-box__article-list__number-text\">4<\/div>\n<div class=\"popular-box__article-list__heading\">\n<p>Watch the Philadelphia Cycling Classic live on Cyclingnews<\/p>\n<\/div>\n<\/div>\n<\/div>\n<\/li>\n<li class=\"popular-box__article-list\">\n<div class=\"popular-box__article-list__container\">\n<div class=\"popular-box__article-list__content\">\n<div class=\"popular-box__article-list__number-text\">5<\/div>\n<div class=\"popular-box__article-list__heading\">\n<p>&#8216;Everything is possible&#8217; \u2013 Felix Gall says it&#8217;s a new start for the Vuelta a Espa\u00f1a following Tadej Poga\u010dar&#8217;s abandon<\/p>\n<\/div>\n<\/div>\n<\/div>\n<\/li>\n<\/ol>\n<\/section>\n<\/div>\n<\/div>\n<\/div>\n<\/div>\n<\/div>\n<\/article>\n<article class=\"page-content-onecol flex-1\nnews-article article\n\"><\/p>\n<div class=\"widget-area-group widget-area-group-2col flex flex-wrap box-border\">\n<div id=\"widgetArea16\" class=\"widget-area basis-full md:basis-2\/3 widget-area-g-md-vp-2-3 widget-area-g-lg-vp-2-3 widget-area-g-xl-vp-2-3 page-widget-area-16\">\n<div data-widget-type=\"hero\" id=\"hero\" class=\"clear-both widget widget-hero widget-hero widget-hero-hero widget-hero widget-hero-fter-news\">\n<div class=\"news-article\">\n<header data-component-name=\"Article:Hero\">\n<nav class=\"breadcrumb\" aria-label=\"Breadcrumbs\">\n<ol>\n<li>\nPro Cycling\n<\/li>\n<li>\nRacing\n<\/li>\n<\/ol>\n<\/nav>\n<h1>&#8216;Some guys were too fast&#8217;- Primo\u017e Rogli\u010d back in contention after difficult start to Vuelta a Espa\u00f1a<\/h1>\n<div class=\"byline-social\">\n<div class=\"vds-byline-block flex flex-row flex-nowrap my-1.5 gap-2 text-left items-start justify-start\" data-component-name=\"Article:BylineBlock\">\n<p>News<\/p>\n<div class=\"my-auto vds-simple-byline\"><span class=\"inline-block vds-author\"><br \/>\nBy<br \/>\nAlasdair Fotheringham <\/span><\/p>\n<div class=\"flex gap-1 vds-byline-with-avatar__meta\"><span class=\"vds-date block font-normal tracking-normal normal-case text-xs\"><br \/>\nPublished<br \/>\n<time data-component-name=\"UI:DateTime\" datetime=\"2026-08-30T17:20:34Z\" class=\"relative-date\"><br \/>\n30 August 2026<br \/>\n<\/time><\/span><\/div>\n<\/div>\n<\/div>\n<p class=\"strapline\">Slovenian veteran sheds 12 seconds to Mas and Onley on Aitana summit<\/p>\n<\/div>\n<aside class=\"text-gray-700 flex items-center mx-0 my-5 p-0 justify-start text-left\" id=\"affiliate-disclaimer\" data-component-name=\"AffiliateDisclaimer\" data-hawk-message=\"Affiliate disclaimer removed because hawk deemed there are no affiliate links on this page\">\n<p class=\"text-[color:var(--affiliate-disclaimer--text-color,inherit)] mb-2 text-[length:var(--affiliate-disclaimer--font-size,0.75rem)] leading-[18px] md:text-[13px] [&amp;&gt;a]:text-inherit [&amp;&gt;a]:underline\">\nWhen you purchase through links on our site, we may earn an affiliate commission. Here\u2019s how it works.\n<\/p>\n<\/aside>\n<\/header>\n<\/div>\n<\/div>\n<div data-widget-type=\"contentparsed\" id=\"content\" class=\"clear-both widget widget-contentparsed widget-content widget-contentparsed-content widget-content-parsed widget-content-parsed-content_document \">\n<div class=\"wcp-item-content\">\n<section class=\"content-wrapper\">\n<div class=\"box less-space hero-image-wrapper\">\n<figure class=\"mb-0\">\n<source type=\"image\/webp\" srcset=\"https:\/\/cdn.mos.cms.futurecdn.net\/x7B9AzCSozgsQPp2exybBj-1024-80.jpg.webp 1920w, https:\/\/cdn.mos.cms.futurecdn.net\/x7B9AzCSozgsQPp2exybBj-1024-80.jpg.webp 1600w, https:\/\/cdn.mos.cms.futurecdn.net\/x7B9AzCSozgsQPp2exybBj-1024-80.jpg.webp 1200w, https:\/\/cdn.mos.cms.futurecdn.net\/x7B9AzCSozgsQPp2exybBj-1024-80.jpg.webp 1024w, https:\/\/cdn.mos.cms.futurecdn.net\/x7B9AzCSozgsQPp2exybBj-970-80.jpg.webp 970w, https:\/\/cdn.mos.cms.futurecdn.net\/x7B9AzCSozgsQPp2exybBj-750-80.jpg.webp 750w, https:\/\/cdn.mos.cms.futurecdn.net\/x7B9AzCSozgsQPp2exybBj-650-80.jpg.webp 650w, https:\/\/cdn.mos.cms.futurecdn.net\/x7B9AzCSozgsQPp2exybBj-480-80.jpg.webp 480w, https:\/\/cdn.mos.cms.futurecdn.net\/x7B9AzCSozgsQPp2exybBj-320-80.jpg.webp 320w\" sizes=\"(min-width: 1000px) 600px, 100vw\" \/><figcaption class=\"font-article-copy text-(--image--text--color) font-article-copy mt-2\"><span class=\"caption-text font-article-copy\">Onley, Rogi\u010d and Mas during stage 9<\/span><span class=\"credit font-article-copy\">(Image credit: Getty Images)<\/span><\/figcaption><\/figure>\n<\/div>\n<div id=\"article-body\" class=\"text-copy bodyCopy auto paywall-locker\">\n<div data-analytics-id=\"utility-bar\" id=\"utility-bar\" class=\"font-ui-heading flex justify-between items-center py-2 border-t border-b border-gray-300 border-solid mb-5 mx-auto\" data-component-name=\"UtilityBar\" data-mrf-recirculation=\"utility-bar\">\n<div class=\"flex gap-2 text-[#333] subcontainer\">\n<div class=\"relative tooltip-container\" role=\"tooltip\">\n<div data-component-name=\"Social:Dropdown\" role=\"menu\" id=\"utilitybar__dropdown--share\" aria-labelledby=\"utilitybar__button--share\" class=\"absolute left-0 top-full w-44 bg-white rounded-md shadow-md border border-neutral-200 z-[9996] list-none m-0 py-2 px-3 border-solid\">\n<ul class=\"m-0!\">\n<li class=\"!p-0 !m-0 list-none border-b border-gray-200 border-solid\">\n<li class=\"!p-0 !m-0 list-none border-b border-gray-200 border-solid\">\n<p>Facebook<\/p>\n<\/li>\n<li class=\"!p-0 !m-0 list-none border-b border-gray-200 border-solid\">\n<p>X<\/p>\n<\/li>\n<li class=\"!p-0 !m-0 list-none border-b border-gray-200 border-solid\">\n<p>Pinterest<\/p>\n<\/li>\n<li class=\"!p-0 !m-0 list-none border-b border-gray-200 border-solid\">\n<p>Email<\/p>\n<\/li>\n<\/ul>\n<\/div>\n<div class=\"font-ui-heading max-sm:hidden tooltip absolute left-1\/2 bg-gray-900 text-white text-xs leading-none px-3 py-1.5 rounded-md z-[10001] whitespace-nowrap\" id=\"tooltip-share-this-article\" role=\"tooltip\" aria-hidden=\"true\">\nShare this article\n<\/div>\n<\/div>\n<div class=\"relative tooltip-container\" role=\"tooltip\"><span class=\"ml-1 inline-flex h-5 px-2 shrink-0 items-center justify-center self-center overflow-hidden whitespace-nowrap rounded-[10px] bg-primary-500 text-[11px] leading-none font-ui-heading font-semibold text-white\">0<\/span><\/p>\n<div class=\"font-ui-heading max-sm:hidden tooltip absolute left-1\/2 bg-gray-900 text-white text-xs leading-none px-3 py-1.5 rounded-md z-[10001] whitespace-nowrap\" id=\"tooltip-join-the-conversation\" role=\"tooltip\" aria-hidden=\"true\">\nJoin the conversation\n<\/div>\n<\/div>\n<\/div>\n<div class=\"flex gap-2 text-[#333] subcontainer\">\n<div class=\"relative tooltip-container\" role=\"tooltip\">\n<p>Follow us<\/p>\n<div class=\"font-ui-heading max-sm:hidden tooltip absolute left-1\/2 bg-gray-900 text-white text-xs leading-none px-3 py-1.5 rounded-md z-[10001] whitespace-nowrap\" id=\"tooltip-add-us-as-a-preferred-source-on-google\" role=\"tooltip\" aria-hidden=\"true\">\nAdd us as a preferred source on Google\n<\/div>\n<\/div>\n<div class=\"relative tooltip-container\" role=\"tooltip\">\n<div class=\"font-ui-heading max-sm:hidden tooltip absolute left-1\/2 bg-gray-900 text-white text-xs leading-none px-3 py-1.5 rounded-md z-[10001] whitespace-nowrap\" id=\"tooltip-subscribe-to-our-newsletter\" role=\"tooltip\" aria-hidden=\"true\">\nSubscribe to our newsletter\n<\/div>\n<\/div>\n<\/div>\n<\/div>\n<p id=\"elk-b3c83444-a496-11f1-9c37-f1ee8626abc8\">More than words, Primo\u017e Rogli\u010d&#8217;s huge smile as he slowed to a halt at the summit of the Aitana spoke volumes about how he felt after the toughest mountainous stage of the Vuelta a Espa\u00f1a so far.<\/p>\n<p>The Slovenian veteran lost a little time to race leader Enric Mas (Movistar) and Oscar Onley (Netcompany-Ineos) but remains very much in contention for the overall, shedding 12 seconds at the line to finish third.<\/p>\n<p id=\"elk-b3c83444-a496-11f1-9c37-f1ee8626abc8-2\" aria-hidden=\"true\" class=\"kiosq-b\">With the time bonus and a six-second advantage on fourth-placed Felix Gall (Decathlon CGA CMN) at the finish, Rogli\u010d remains comfortably in second overall. But more than the result itself, his ability to stay fighting with the best after such a difficult build-up to the Vuelta was the real benefit.<\/p>\n<div class=\"my-6 w-full overflow-hidden rounded-[10px] lg:my-8\" data-component-name=\"JwPlayer:Carousel\" data-jwp-carousel data-jwp-carousel-payload=\"{&quot;ids&quot;:{&quot;playerID&quot;:&quot;jYDCcabO&quot;,&quot;searchPlaylistID&quot;:&quot;gwjdoYHD&quot;,&quot;divID&quot;:&quot;botr_gwjdoYHD_jYDCcabO_div&quot;,&quot;fallbackPlaylistID&quot;:&quot;gwjdoYHD&quot;,&quot;fallbackDivID&quot;:&quot;botr_gwjdoYHD_jYDCcabO_div&quot;,&quot;key&quot;:&quot;X9\/mXVGac0NphghLH9hZaqWA5d3dhAM\/Ih07grnEyMLjuO2E&quot;,&quot;tintLogo&quot;:true,&quot;useSearchPlaylist&quot;:false,&quot;enabled&quot;:true},&quot;signPostingEnabled&quot;:true,&quot;signPostingLinkEnabled&quot;:true,&quot;waitForAdLoad&quot;:false,&quot;hidePlayerOnDesktop&quot;:false,&quot;hidePlayerOnMobile&quot;:false,&quot;hidePlayerOnTablet&quot;:false}\">\n<div class=\"flex flex-nowrap items-center justify-between gap-3 bg-zinc-900 px-[14px] py-3\" data-jwp-carousel-header>\n<div class=\"flex min-w-0 shrink items-center\"><span class=\"inline-flex items-center gap-1.5 text-sm font-article-heading capitalize leading-5 text-white whitespace-nowrap\"><span class=\"jwp-carousel-title-desktop\">Latest Videos From<\/span><span class=\"jwp-carousel-brand\">Cyclingnews<\/span><\/span><\/div>\n<\/div>\n<div class=\"min-h-[44px] bg-zinc-900 px-[14px] py-3\" data-jwp-carousel-signposting><a class=\"invisible block truncate text-sm font-bold leading-5 text-white underline decoration-solid underline-offset-2\" data-jwp-carousel-signposting-link href target=\"_blank\" rel=\"noopener noreferrer\"><span data-jwp-carousel-signposting-title>Watch full video here: <\/span><\/a><\/div>\n<\/div>\n<p aria-hidden=\"true\" class=\"kiosq-b\">The four-times Vuelta a Espa\u00f1a winner&#8217;s major crash when training had meant he began the race suffering badly. But after a reasonable opening time trial, and staying with the other top contenders when Tadej Pogacar (UAE Team Emirates-XRG) attacked at Andorra, the closing kilometres of stage 9 was the first time he really showed signs of a fuller recovery.<\/p>\n<p aria-hidden=\"true\" class=\"kiosq-b\">Whilst not attacking, he was the only rider able to close the gap on Onley and Mas when they moved away towards the top. Mas then was sharp enough to attack again just as soon as Rogli\u010d closed in, but the Slovenian&#8217;s limitations of the gaps bode very well for the two weeks to come.<\/p>\n<aside data-component-name=\"Recirculation:ArticleRiver\" data-recirculation-type=\"inline\" data-mrf-recirculation=\"Trending Bar\" data-nosnippet class=\"clear-both pt-2 pb-0 mb-4\"><span class=\"\n            flex\n            after:content-[&apos;&apos;] after:flex-1 after:ml-4 after:my-[0.7rem] after:border-t after:border-solid after:border-t-[#ccc]\n            before:content-[&apos;&apos;] before:flex-1 before:mr-4 before:my-[0.7rem] before:border-t before:border-solid before:border-t-[#ccc]\n            font-article-heading pb-0 text-[length:var(--article-river-title--font-size,1em)] uppercase sm:text-[length:var(--article-river-title--font-size,0.875em)] font-bold\n        \"><br \/>\n            You may like<br \/>\n        <\/span><\/p>\n<ul class=\"flex flex-col gap-0 m-0 max-w-full\">\n<li class=\"m-0 list-none border-b border-solid border-[#ededed] py-2\" data-recirculation-id=\"recirculation-card-1\" id=\"recirculation-inline-1\" data-analytics-id=\"recirculation-inline-1\" data-mrf-recirculation=\"recirculation-inline-1\">\n    <source type=\"image\/webp\" srcset=\"https:\/\/cdn.mos.cms.futurecdn.net\/8kchXacdwvwXDcMiu9KiFF-250-80.jpg.webp 250w, https:\/\/cdn.mos.cms.futurecdn.net\/8kchXacdwvwXDcMiu9KiFF-150-80.jpg.webp 150w\" sizes=\"150px\" \/><span class=\"w-full text-base font-[var(--article-river-item--font-weight,500)] font-article-heading line-clamp-3 md:line-clamp-2\">&#8216;There was never a sign that he was struggling&#8217; \u2013 Primo\u017e Rogli\u010d dispels doubts as he moves up to second overall at Vuelta a Espa\u00f1a on first mountain test<\/span><\/li>\n<li class=\"m-0 list-none border-b border-solid border-[#ededed] py-2\" data-recirculation-id=\"recirculation-card-2\" id=\"recirculation-inline-2\" data-analytics-id=\"recirculation-inline-2\" data-mrf-recirculation=\"recirculation-inline-2\">\n    <source type=\"image\/webp\" srcset=\"https:\/\/cdn.mos.cms.futurecdn.net\/wA73oNrg82aAgWUbqEHVNB-250-80.jpg.webp 250w, https:\/\/cdn.mos.cms.futurecdn.net\/wA73oNrg82aAgWUbqEHVNB-150-80.jpg.webp 150w\" sizes=\"150px\" \/><span class=\"w-full text-base font-[var(--article-river-item--font-weight,500)] font-article-heading line-clamp-3 md:line-clamp-2\">Vuelta a Espa\u00f1a: Race leader Enric Mas outsprints Oscar Onley to win stage 9 on Alto de Aitana<\/span><\/li>\n<li class=\"m-0 list-none border-b border-solid border-[#ccc] py-2\" data-recirculation-id=\"recirculation-card-3\" id=\"recirculation-inline-3\" data-analytics-id=\"recirculation-inline-3\" data-mrf-recirculation=\"recirculation-inline-3\">\n    <source type=\"image\/webp\" srcset=\"https:\/\/cdn.mos.cms.futurecdn.net\/txLrgsAEFvggkkWcyvZfem-250-80.jpg.webp 250w, https:\/\/cdn.mos.cms.futurecdn.net\/txLrgsAEFvggkkWcyvZfem-150-80.jpg.webp 150w\" sizes=\"150px\" \/><span class=\"w-full text-base font-[var(--article-river-item--font-weight,500)] font-article-heading line-clamp-3 md:line-clamp-2\">&#8216;I was like &#8211; what&#8217;s going on, is this a spectator?&#8217; &#8211; Tadej Poga\u010dar surprised by Enric Mas on Vuelta a Espa\u00f1a gravel climb<\/span><\/li>\n<\/ul>\n<\/aside>\n<p aria-hidden=\"true\" class=\"kiosq-b\">&#8220;Like I said, we can always hope, but good, I&#8217;m super happy mate,&#8221; Rogli\u010d said afterwards in a brief interview with the media at the summit of the Aitana.<\/p>\n<p aria-hidden=\"true\" class=\"kiosq-b\">&#8220;I didn&#8217;t do much [but] it&#8217;s beautiful to ride a bike now, outside in nice weather.<\/p>\n<div id=\"slice-container-newsletterForm-articleInbodyContent-QJKVShCRsWF7EpcC9kFKzZ\" class=\"slice-container newsletter-inbodyContent-slice newsletterForm-articleInbodyContent-QJKVShCRsWF7EpcC9kFKzZ slice-container-newsletterForm\">\n<div data-hydrate=\"true\" class=\"newsletter-form__wrapper newsletter-form__wrapper--inbodyContent\">\n<div class=\"newsletter-form__container\">\n<section class=\"newsletter-form__top-bar\">\n<div class=\"newsletter-form__header\">Get The Leadout Newsletter<\/div>\n<\/section>\n<section class=\"newsletter-form__main-section\">\n<p class=\"newsletter-form__strapline\">The latest race content, interviews, features, reviews and expert buying guides, direct to your inbox!<\/p>\n<footer class=\"newsletter-form__footer \">By submitting your information you agree to the Terms &amp; Conditions and Privacy Policy and are aged 16 or over.<\/footer>\n<\/section>\n<\/div>\n<\/div>\n<\/div>\n<p aria-hidden=\"true\" class=\"kiosq-b\">&#8220;They were hard climbs and some guys were too fast, but I&#8217;m happy.&#8221;<\/p>\n<p aria-hidden=\"true\" class=\"kiosq-b\">Rogli\u010d recognised that without Poga\u010dar, the Vuelta has taken a very different perspective, but he was equally regretful that the leading pre-race favourite had disappeared from the running in such a sad way.<\/p>\n<p aria-hidden=\"true\" class=\"kiosq-b\">&#8220;For sure it&#8217;s open definitely, but you know, I don&#8217;t wish anything bad to anyone, so I wish him a fast recovery,&#8221; Rogli\u010d, who has had more than his own fair share of crashes, concluded.<\/p>\n<p aria-hidden=\"true\" class=\"kiosq-b\">It remains to be seen whether Rogli\u010d can now close the gap even further on his rivals and perhaps even start to gain time on Mas in the mountainous stages to come, with the time trial at the start of week 3 another big opportunity. Historically, too, Rogli\u010d has always tended to improve steadily throughout a race, and if there are repeats of the cat-and-mouse game that developed on the upper slopes of the Aitana, that&#8217;ll also be the kind of scenario in which he thrives.<\/p>\n<p aria-hidden=\"true\" class=\"kiosq-b\">But regardless of what happens, there can be no doubt that the Slovenian veteran is on the comeback trail, and determined to make an impact on GC in the Vuelta. Ten days ago in Monaco, that he could hit the heights again was anything but certain, but Aitana has shown that he is moving in the right direction again.<\/p>\n<p aria-hidden=\"true\" class=\"kiosq-b\"><strong>For unbeatable coverage across road, gravel and tech, subscribe to Cyclingnews. You&#8217;ll get comprehensive race coverage of La Vuelta a Espa\u00f1a, subscriber-exclusive analysis from our expert columnists, in-depth features and industry-leading tech insight. Plus, the Cyclingnews app lets you follow the action wherever you go! <\/strong><u><strong>Join today.<\/strong><\/u><\/p>\n<\/div>\n<div id=\"slice-container-authorBio-QJKVShCRsWF7EpcC9kFKzZ\" class=\"slice-container slice-author-bio authorBio-QJKVShCRsWF7EpcC9kFKzZ slice-container-authorBio\">\n<div class=\"author author__default-layout author--separator author--collapsible\" data-hydrate=\"true\">\n<div class=\"author__header\">\n<div class=\"author__avatar-block\">\n<figure class=\"image-wrapped__wrapper\" data-bordeaux-image-check=\"false\">\n<div class=\"image-wrapped__widthsetter\">\n<div class=\"image-wrapped__aspect-padding\">\n<div><source class=\"author__avatar image-wrapped__image image__image\" type=\"image\/webp\" srcset=\"https:\/\/cdn.mos.cms.futurecdn.net\/5QLhaPay9asJvmaNsCjFVZ-140-80.jpg.webp 140w\" sizes=\"99vw\" data-normal=\"https:\/\/cdn.mos.cms.futurecdn.net\/5QLhaPay9asJvmaNsCjFVZ.jpg\" data-original-mos=\"https:\/\/cdn.mos.cms.futurecdn.net\/5QLhaPay9asJvmaNsCjFVZ.jpg\" data-pin-media=\"https:\/\/cdn.mos.cms.futurecdn.net\/5QLhaPay9asJvmaNsCjFVZ.jpg\" data-pin-nopin=\"true\" data-slice-image=\"true\" \/><\/div>\n<\/div>\n<\/div>\n<\/figure>\n<\/div>\n<div class=\"author__heading\">\n<div class=\"author__name\">Alasdair Fotheringham<\/div>\n<div class=\"author__social\">\n<nav class=\"button-social-group author__social-buttons\" aria-labelledby=\"button-social-group- author__social-buttons\">\n<div id=\"button-social-group- author__social-buttons\">Social Links Navigation<\/div>\n<\/nav>\n<\/div>\n<\/div>\n<\/div>\n<div class=\"author__bio-wrapper\">\n<div class=\"author__biography\">\n<p>Alasdair Fotheringham has been reporting on cycling since 1991. He has covered every Tour de France since 1992 bar one, as well as numerous other bike races of all shapes and sizes, ranging from the Olympic Games in 2008 to the now sadly defunct Subida a Urkiola hill climb in Spain. As well as working for <em>Cyclingnews<\/em>, he has also written for <em>The Independent<\/em>,\u00a0 <em>The Guardian<\/em>,\u00a0 <em>ProCycling<\/em>, <em>The Express<\/em> and <em>Reuters<\/em>.<\/p>\n<\/div>\n<\/div>\n<\/div>\n<\/div>\n<\/section>\n<div class=\"relative max-w-[1070px] viafoura-twig-component mt-6 mx-4 lg:mx-0\" data-component-name=\"Viafoura:Comments\" data-nosnippet data-community-guidelines-text=\"&lt;p class=&apos;vfcustom-community-guidelines&apos;&gt;Please follow our &lt;a href=&quot;https:\/\/www.cyclingnews.com\/about\/#section-community-guidelines&quot; target=&quot;_blank&quot;&gt;community guidelines&lt;\/a&gt;.&lt;\/p&gt;\" data-join-the-conversation-text=\"Join the Conversation\">\n<div class=\"absolute top-0 left-0 w-full h-full flex items-center justify-center z-50 bg-white\/90 border-1 rounded-b-[var(--comment-widget-border-radius,0)]\">\n<div class=\"p-2 text-center\">\n<p class=\"mb-3 text-lg!\">You must confirm your public display name before commenting<\/p>\n<p class=\"mb-3 text-sm!\">Please logout and then login again, you will then be prompted to enter your display name.<\/p>\n<\/div>\n<\/div>\n<\/div>\n<section class=\"mx-2 my-5 sm:mx-0\">\n<aside class=\"w-full\" data-nosnippet data-mrf-recirculation=\"article-river-stacked\">\n<div data-recirc-id=\"article-river-stacked-adviser:hybrid\">\n<div class=\"text-white py-4 px-3 mb-4 bg-[#333] uppercase font-bold custom-header-styles\">Read more<\/div>\n<div class=\"grid grid-cols-1 gap-4 mt-4 mb-5\">\n<div>\n<div class=\"aspect-[var(--img-listing-aspect-ratio,16\/9)] relative mb-3.5\">\n    <source type=\"image\/webp\" srcset=\"https:\/\/cdn.mos.cms.futurecdn.net\/8kchXacdwvwXDcMiu9KiFF-840-80.jpg.webp 840w, https:\/\/cdn.mos.cms.futurecdn.net\/8kchXacdwvwXDcMiu9KiFF-650-80.jpg.webp 650w, https:\/\/cdn.mos.cms.futurecdn.net\/8kchXacdwvwXDcMiu9KiFF-500-80.jpg.webp 500w, https:\/\/cdn.mos.cms.futurecdn.net\/8kchXacdwvwXDcMiu9KiFF-450-80.jpg.webp 450w, https:\/\/cdn.mos.cms.futurecdn.net\/8kchXacdwvwXDcMiu9KiFF-320-80.jpg.webp 320w\" sizes=\"(min-width: 900px) 925px, (min-width: 700px) 450px, calc(100vw - 48px)\" \/><\/div>\n<p><span class=\"custom-subheading-styles\">Teams &amp; Riders<\/span><span class=\"text-base text-black font-bold mx-0 my-2.5 p-0 block custom-text-styles\">&#8216;There was never a sign that he was struggling&#8217; \u2013 Primo\u017e Rogli\u010d dispels doubts as he moves up to second overall at Vuelta a Espa\u00f1a on first mountain test<\/span><\/div>\n<div class=\"relative recirc-feed sponsored-card min-h-[250px]\" data-recirc-id=\"article-river-stacked-ads:native-cards\" data-mrf-recirculation=\"article-river-ads\" data-nosnippet data-ad-slot-path=\"feed-sponsored-post\" data-attribute-device=\"all\">\n<div class=\"max-w-full sponsored-post--placeholder animate-pulse\">\n<div class=\"relative!\"><span class=\"text-base text-black font-bold mx-0 my-2.5 p-0 block bg-gray-100\">\u00a0<br \/>\u00a0<\/span><\/div>\n<\/div>\n<\/div>\n<div>\n<div class=\"aspect-[var(--img-listing-aspect-ratio,16\/9)] relative mb-3.5\">\n    <source type=\"image\/webp\" srcset=\"https:\/\/cdn.mos.cms.futurecdn.net\/wA73oNrg82aAgWUbqEHVNB-840-80.jpg.webp 840w, https:\/\/cdn.mos.cms.futurecdn.net\/wA73oNrg82aAgWUbqEHVNB-650-80.jpg.webp 650w, https:\/\/cdn.mos.cms.futurecdn.net\/wA73oNrg82aAgWUbqEHVNB-500-80.jpg.webp 500w, https:\/\/cdn.mos.cms.futurecdn.net\/wA73oNrg82aAgWUbqEHVNB-450-80.jpg.webp 450w, https:\/\/cdn.mos.cms.futurecdn.net\/wA73oNrg82aAgWUbqEHVNB-320-80.jpg.webp 320w\" sizes=\"(min-width: 900px) 925px, (min-width: 700px) 450px, calc(100vw - 48px)\" \/><\/div>\n<p><span class=\"custom-subheading-styles\">Racing<\/span><span class=\"text-base text-black font-bold mx-0 my-2.5 p-0 block custom-text-styles\">Vuelta a Espa\u00f1a: Race leader Enric Mas outsprints Oscar Onley to win stage 9 on Alto de Aitana<\/span><\/div>\n<div class=\"relative recirc-feed sponsored-card min-h-[250px]\" data-recirc-id=\"article-river-stacked-ads:native-cards\" data-mrf-recirculation=\"article-river-ads\" data-nosnippet data-ad-slot-path=\"feed-sponsored-post\" data-attribute-device=\"all\">\n<div class=\"max-w-full sponsored-post--placeholder animate-pulse\">\n<div class=\"relative!\"><span class=\"text-base text-black font-bold mx-0 my-2.5 p-0 block bg-gray-100\">\u00a0<br \/>\u00a0<\/span><\/div>\n<\/div>\n<\/div>\n<div>\n<div class=\"aspect-[var(--img-listing-aspect-ratio,16\/9)] relative mb-3.5\">\n    <source type=\"image\/webp\" srcset=\"https:\/\/cdn.mos.cms.futurecdn.net\/txLrgsAEFvggkkWcyvZfem-840-80.jpg.webp 840w, https:\/\/cdn.mos.cms.futurecdn.net\/txLrgsAEFvggkkWcyvZfem-650-80.jpg.webp 650w, https:\/\/cdn.mos.cms.futurecdn.net\/txLrgsAEFvggkkWcyvZfem-500-80.jpg.webp 500w, https:\/\/cdn.mos.cms.futurecdn.net\/txLrgsAEFvggkkWcyvZfem-450-80.jpg.webp 450w, https:\/\/cdn.mos.cms.futurecdn.net\/txLrgsAEFvggkkWcyvZfem-320-80.jpg.webp 320w\" sizes=\"(min-width: 900px) 925px, (min-width: 700px) 450px, calc(100vw - 48px)\" \/><\/div>\n<p><span class=\"custom-subheading-styles\">Racing<\/span><span class=\"text-base text-black font-bold mx-0 my-2.5 p-0 block custom-text-styles\">&#8216;I was like &#8211; what&#8217;s going on, is this a spectator?&#8217; &#8211; Tadej Poga\u010dar surprised by Enric Mas on Vuelta a Espa\u00f1a gravel climb<\/span><\/div>\n<div class=\"relative recirc-feed sponsored-card min-h-[250px]\" data-recirc-id=\"article-river-stacked-ads:native-cards\" data-mrf-recirculation=\"article-river-ads\" data-nosnippet data-ad-slot-path=\"feed-sponsored-post\" data-attribute-device=\"all\">\n<div class=\"max-w-full sponsored-post--placeholder animate-pulse\">\n<div class=\"relative!\"><span class=\"text-base text-black font-bold mx-0 my-2.5 p-0 block bg-gray-100\">\u00a0<br \/>\u00a0<\/span><\/div>\n<\/div>\n<\/div>\n<div>\n<div class=\"aspect-[var(--img-listing-aspect-ratio,16\/9)] relative mb-3.5\">\n    <source type=\"image\/webp\" srcset=\"https:\/\/cdn.mos.cms.futurecdn.net\/YvLurAtwGrsupwv3CVbzQM-840-80.jpg.webp 840w, https:\/\/cdn.mos.cms.futurecdn.net\/YvLurAtwGrsupwv3CVbzQM-650-80.jpg.webp 650w, https:\/\/cdn.mos.cms.futurecdn.net\/YvLurAtwGrsupwv3CVbzQM-500-80.jpg.webp 500w, https:\/\/cdn.mos.cms.futurecdn.net\/YvLurAtwGrsupwv3CVbzQM-450-80.jpg.webp 450w, https:\/\/cdn.mos.cms.futurecdn.net\/YvLurAtwGrsupwv3CVbzQM-320-80.jpg.webp 320w\" sizes=\"(min-width: 900px) 925px, (min-width: 700px) 450px, calc(100vw - 48px)\" \/><\/div>\n<p><span class=\"custom-subheading-styles\">Teams &amp; Riders<\/span><span class=\"text-base text-black font-bold mx-0 my-2.5 p-0 block custom-text-styles\">&#8216;Just putting my socks on these last three weeks was the hardest&#8217; &#8211; Primo\u017e Rogli\u010d reveals scale of post-crash injuries and challenge to reach Vuelta a Espa\u00f1a startline<\/span><\/div>\n<div class=\"relative recirc-feed sponsored-card min-h-[250px]\" data-recirc-id=\"article-river-stacked-ads:native-cards\" data-mrf-recirculation=\"article-river-ads\" data-nosnippet data-ad-slot-path=\"feed-sponsored-post\" data-attribute-device=\"all\">\n<div class=\"max-w-full sponsored-post--placeholder animate-pulse\">\n<div class=\"relative!\"><span class=\"text-base text-black font-bold mx-0 my-2.5 p-0 block bg-gray-100\">\u00a0<br \/>\u00a0<\/span><\/div>\n<\/div>\n<\/div>\n<div>\n<div class=\"aspect-[var(--img-listing-aspect-ratio,16\/9)] relative mb-3.5\">\n    <source type=\"image\/webp\" srcset=\"https:\/\/cdn.mos.cms.futurecdn.net\/x95sC8eRpV3thnhQgo4RgK-840-80.jpg.webp 840w, https:\/\/cdn.mos.cms.futurecdn.net\/x95sC8eRpV3thnhQgo4RgK-650-80.jpg.webp 650w, https:\/\/cdn.mos.cms.futurecdn.net\/x95sC8eRpV3thnhQgo4RgK-500-80.jpg.webp 500w, https:\/\/cdn.mos.cms.futurecdn.net\/x95sC8eRpV3thnhQgo4RgK-450-80.jpg.webp 450w, https:\/\/cdn.mos.cms.futurecdn.net\/x95sC8eRpV3thnhQgo4RgK-320-80.jpg.webp 320w\" sizes=\"(min-width: 900px) 925px, (min-width: 700px) 450px, calc(100vw - 48px)\" \/><\/div>\n<p><span class=\"custom-subheading-styles\">Teams &amp; Riders<\/span><span class=\"text-base text-black font-bold mx-0 my-2.5 p-0 block custom-text-styles\">&#8216;A good day, but let&#8217;s not give it too much importance&#8217; &#8211; Enric Mas remains cautious after matching Tadej Poga\u010dar on Vuelta a Espa\u00f1a gravel climb<\/span><\/div>\n<div class=\"relative recirc-feed sponsored-card min-h-[250px]\" data-recirc-id=\"article-river-stacked-ads:native-cards\" data-mrf-recirculation=\"article-river-ads\" data-nosnippet data-ad-slot-path=\"feed-sponsored-post\" data-attribute-device=\"all\">\n<div class=\"max-w-full sponsored-post--placeholder animate-pulse\">\n<div class=\"relative!\"><span class=\"text-base text-black font-bold mx-0 my-2.5 p-0 block bg-gray-100\">\u00a0<br \/>\u00a0<\/span><\/div>\n<\/div>\n<\/div>\n<div>\n<div class=\"aspect-[var(--img-listing-aspect-ratio,16\/9)] relative mb-3.5\">\n    <source type=\"image\/webp\" srcset=\"https:\/\/cdn.mos.cms.futurecdn.net\/BA34nJiPUVCN2EN7yKmEC7-840-80.jpg.webp 840w, https:\/\/cdn.mos.cms.futurecdn.net\/BA34nJiPUVCN2EN7yKmEC7-650-80.jpg.webp 650w, https:\/\/cdn.mos.cms.futurecdn.net\/BA34nJiPUVCN2EN7yKmEC7-500-80.jpg.webp 500w, https:\/\/cdn.mos.cms.futurecdn.net\/BA34nJiPUVCN2EN7yKmEC7-450-80.jpg.webp 450w, https:\/\/cdn.mos.cms.futurecdn.net\/BA34nJiPUVCN2EN7yKmEC7-320-80.jpg.webp 320w\" sizes=\"(min-width: 900px) 925px, (min-width: 700px) 450px, calc(100vw - 48px)\" \/><\/div>\n<p><span class=\"custom-subheading-styles\">Racing<\/span><span class=\"text-base text-black font-bold mx-0 my-2.5 p-0 block custom-text-styles\">Primo\u017e Rogli\u010d expected to race the Vuelta a Espa\u00f1a but with no GC ambitions<\/span><\/div>\n<div class=\"relative recirc-feed sponsored-card min-h-[250px]\" data-recirc-id=\"article-river-stacked-ads:native-cards\" data-mrf-recirculation=\"article-river-ads\" data-nosnippet data-ad-slot-path=\"feed-sponsored-post\" data-attribute-device=\"all\">\n<div class=\"max-w-full sponsored-post--placeholder animate-pulse\">\n<div class=\"relative!\"><span class=\"text-base text-black font-bold mx-0 my-2.5 p-0 block bg-gray-100\">\u00a0<br \/>\u00a0<\/span><\/div>\n<\/div>\n<\/div>\n<\/div>\n<\/div>\n<\/aside>\n<aside class=\"w-full\" data-nosnippet data-mrf-recirculation=\"article-river-stacked\">\n<div data-recirc-id=\"article-river-stacked-solr:latest-category\">\n<div class=\"text-white py-4 px-3 mb-4 bg-[#333] uppercase font-bold custom-header-styles\">Latest in Racing<\/div>\n<div class=\"grid grid-cols-1 gap-4 mt-4 mb-5\">\n<div>\n<div class=\"aspect-[var(--img-listing-aspect-ratio,16\/9)] relative mb-3.5\">\n    <source type=\"image\/webp\" srcset=\"https:\/\/cdn.mos.cms.futurecdn.net\/RP4n5xqdHKjM9CKm2kZVkc-840-80.jpg.webp 840w, https:\/\/cdn.mos.cms.futurecdn.net\/RP4n5xqdHKjM9CKm2kZVkc-650-80.jpg.webp 650w, https:\/\/cdn.mos.cms.futurecdn.net\/RP4n5xqdHKjM9CKm2kZVkc-500-80.jpg.webp 500w, https:\/\/cdn.mos.cms.futurecdn.net\/RP4n5xqdHKjM9CKm2kZVkc-450-80.jpg.webp 450w, https:\/\/cdn.mos.cms.futurecdn.net\/RP4n5xqdHKjM9CKm2kZVkc-320-80.jpg.webp 320w\" sizes=\"(min-width: 900px) 925px, (min-width: 700px) 450px, calc(100vw - 48px)\" \/><\/div>\n<p><span class=\"custom-subheading-styles\">Racing<\/span><span class=\"text-base text-black font-bold mx-0 my-2.5 p-0 block custom-text-styles\">UCI Mountain Bike World Championships: Tom Pidcock solos to elite men&#8217;s Olympic cross-country world title<\/span><\/div>\n<div class=\"relative recirc-feed sponsored-card min-h-[250px]\" data-recirc-id=\"article-river-stacked-ads:native-cards\" data-mrf-recirculation=\"article-river-ads\" data-nosnippet data-ad-slot-path=\"feed-sponsored-post\" data-attribute-device=\"all\">\n<div class=\"max-w-full sponsored-post--placeholder animate-pulse\">\n<div class=\"relative!\"><span class=\"text-base text-black font-bold mx-0 my-2.5 p-0 block bg-gray-100\">\u00a0<br \/>\u00a0<\/span><\/div>\n<\/div>\n<\/div>\n<div>\n<div class=\"aspect-[var(--img-listing-aspect-ratio,16\/9)] relative mb-3.5\">\n    <source type=\"image\/webp\" srcset=\"https:\/\/cdn.mos.cms.futurecdn.net\/rMD6jdteAJCfNjz5NLB4RM-840-80.jpg.webp 840w, https:\/\/cdn.mos.cms.futurecdn.net\/rMD6jdteAJCfNjz5NLB4RM-650-80.jpg.webp 650w, https:\/\/cdn.mos.cms.futurecdn.net\/rMD6jdteAJCfNjz5NLB4RM-500-80.jpg.webp 500w, https:\/\/cdn.mos.cms.futurecdn.net\/rMD6jdteAJCfNjz5NLB4RM-450-80.jpg.webp 450w, https:\/\/cdn.mos.cms.futurecdn.net\/rMD6jdteAJCfNjz5NLB4RM-320-80.jpg.webp 320w\" sizes=\"(min-width: 900px) 925px, (min-width: 700px) 450px, calc(100vw - 48px)\" \/><\/div>\n<p><span class=\"custom-subheading-styles\">Women&#8217;s Cycling<\/span><span class=\"text-base text-black font-bold mx-0 my-2.5 p-0 block custom-text-styles\">UCI Mountain Bike World Championships: Sina Frei takes solo win to claim elite women&#8217;s Olympic cross-country world title<\/span><\/div>\n<div class=\"relative recirc-feed sponsored-card min-h-[250px]\" data-recirc-id=\"article-river-stacked-ads:native-cards\" data-mrf-recirculation=\"article-river-ads\" data-nosnippet data-ad-slot-path=\"feed-sponsored-post\" data-attribute-device=\"all\">\n<div class=\"max-w-full sponsored-post--placeholder animate-pulse\">\n<div class=\"relative!\"><span class=\"text-base text-black font-bold mx-0 my-2.5 p-0 block bg-gray-100\">\u00a0<br \/>\u00a0<\/span><\/div>\n<\/div>\n<\/div>\n<div>\n<div class=\"aspect-[var(--img-listing-aspect-ratio,16\/9)] relative mb-3.5\">\n    <source type=\"image\/webp\" srcset=\"https:\/\/cdn.mos.cms.futurecdn.net\/AzuJs4vrTAr5qYKErJf5Bn-840-80.jpg.webp 840w, https:\/\/cdn.mos.cms.futurecdn.net\/AzuJs4vrTAr5qYKErJf5Bn-650-80.jpg.webp 650w, https:\/\/cdn.mos.cms.futurecdn.net\/AzuJs4vrTAr5qYKErJf5Bn-500-80.jpg.webp 500w, https:\/\/cdn.mos.cms.futurecdn.net\/AzuJs4vrTAr5qYKErJf5Bn-450-80.jpg.webp 450w, https:\/\/cdn.mos.cms.futurecdn.net\/AzuJs4vrTAr5qYKErJf5Bn-320-80.jpg.webp 320w\" sizes=\"(min-width: 900px) 925px, (min-width: 700px) 450px, calc(100vw - 48px)\" \/><\/div>\n<p><span class=\"custom-subheading-styles\">Racing<\/span><span class=\"text-base text-black font-bold mx-0 my-2.5 p-0 block custom-text-styles\">Watch the Philadelphia Cycling Classic live on Cyclingnews<\/span><\/div>\n<div class=\"relative recirc-feed sponsored-card min-h-[250px]\" data-recirc-id=\"article-river-stacked-ads:native-cards\" data-mrf-recirculation=\"article-river-ads\" data-nosnippet data-ad-slot-path=\"feed-sponsored-post\" data-attribute-device=\"all\">\n<div class=\"max-w-full sponsored-post--placeholder animate-pulse\">\n<div class=\"relative!\"><span class=\"text-base text-black font-bold mx-0 my-2.5 p-0 block bg-gray-100\">\u00a0<br \/>\u00a0<\/span><\/div>\n<\/div>\n<\/div>\n<div>\n<div class=\"aspect-[var(--img-listing-aspect-ratio,16\/9)] relative mb-3.5\">\n    <source type=\"image\/webp\" srcset=\"https:\/\/cdn.mos.cms.futurecdn.net\/wA73oNrg82aAgWUbqEHVNB-840-80.jpg.webp 840w, https:\/\/cdn.mos.cms.futurecdn.net\/wA73oNrg82aAgWUbqEHVNB-650-80.jpg.webp 650w, https:\/\/cdn.mos.cms.futurecdn.net\/wA73oNrg82aAgWUbqEHVNB-500-80.jpg.webp 500w, https:\/\/cdn.mos.cms.futurecdn.net\/wA73oNrg82aAgWUbqEHVNB-450-80.jpg.webp 450w, https:\/\/cdn.mos.cms.futurecdn.net\/wA73oNrg82aAgWUbqEHVNB-320-80.jpg.webp 320w\" sizes=\"(min-width: 900px) 925px, (min-width: 700px) 450px, calc(100vw - 48px)\" \/><\/div>\n<p><span class=\"custom-subheading-styles\">Racing<\/span><span class=\"text-base text-black font-bold mx-0 my-2.5 p-0 block custom-text-styles\">Vuelta a Espa\u00f1a: Race leader Enric Mas outsprints Oscar Onley to win stage 9 on Alto de Aitana<\/span><\/div>\n<div class=\"relative recirc-feed sponsored-card min-h-[250px]\" data-recirc-id=\"article-river-stacked-ads:native-cards\" data-mrf-recirculation=\"article-river-ads\" data-nosnippet data-ad-slot-path=\"feed-sponsored-post\" data-attribute-device=\"all\">\n<div class=\"max-w-full sponsored-post--placeholder animate-pulse\">\n<div class=\"relative!\"><span class=\"text-base text-black font-bold mx-0 my-2.5 p-0 block bg-gray-100\">\u00a0<br \/>\u00a0<\/span><\/div>\n<\/div>\n<\/div>\n<div>\n<div class=\"aspect-[var(--img-listing-aspect-ratio,16\/9)] relative mb-3.5\">\n    <source type=\"image\/webp\" srcset=\"https:\/\/cdn.mos.cms.futurecdn.net\/M8nH7RPXb9EgSzKDnAiKMb-840-80.jpg.webp 840w, https:\/\/cdn.mos.cms.futurecdn.net\/M8nH7RPXb9EgSzKDnAiKMb-650-80.jpg.webp 650w, https:\/\/cdn.mos.cms.futurecdn.net\/M8nH7RPXb9EgSzKDnAiKMb-500-80.jpg.webp 500w, https:\/\/cdn.mos.cms.futurecdn.net\/M8nH7RPXb9EgSzKDnAiKMb-450-80.jpg.webp 450w, https:\/\/cdn.mos.cms.futurecdn.net\/M8nH7RPXb9EgSzKDnAiKMb-320-80.jpg.webp 320w\" sizes=\"(min-width: 900px) 925px, (min-width: 700px) 450px, calc(100vw - 48px)\" \/><\/div>\n<p><span class=\"custom-subheading-styles\">Racing<\/span><span class=\"text-base text-black font-bold mx-0 my-2.5 p-0 block custom-text-styles\">Bretagne Classic: Alex Aranburu takes WorldTour victory for Cofidis after decisive attack in final kilometres<\/span><\/div>\n<div class=\"relative recirc-feed sponsored-card min-h-[250px]\" data-recirc-id=\"article-river-stacked-ads:native-cards\" data-mrf-recirculation=\"article-river-ads\" data-nosnippet data-ad-slot-path=\"feed-sponsored-post\" data-attribute-device=\"all\">\n<div class=\"max-w-full sponsored-post--placeholder animate-pulse\">\n<div class=\"relative!\"><span class=\"text-base text-black font-bold mx-0 my-2.5 p-0 block bg-gray-100\">\u00a0<br \/>\u00a0<\/span><\/div>\n<\/div>\n<\/div>\n<div>\n<div class=\"aspect-[var(--img-listing-aspect-ratio,16\/9)] relative mb-3.5\">\n    <source type=\"image\/webp\" srcset=\"https:\/\/cdn.mos.cms.futurecdn.net\/ybdkfvCPnucW8hwpJFCqzi-840-80.jpg.webp 840w, https:\/\/cdn.mos.cms.futurecdn.net\/ybdkfvCPnucW8hwpJFCqzi-650-80.jpg.webp 650w, https:\/\/cdn.mos.cms.futurecdn.net\/ybdkfvCPnucW8hwpJFCqzi-500-80.jpg.webp 500w, https:\/\/cdn.mos.cms.futurecdn.net\/ybdkfvCPnucW8hwpJFCqzi-450-80.jpg.webp 450w, https:\/\/cdn.mos.cms.futurecdn.net\/ybdkfvCPnucW8hwpJFCqzi-320-80.jpg.webp 320w\" sizes=\"(min-width: 900px) 925px, (min-width: 700px) 450px, calc(100vw - 48px)\" \/><\/div>\n<p><span class=\"custom-subheading-styles\">Racing<\/span><span class=\"text-base text-black font-bold mx-0 my-2.5 p-0 block custom-text-styles\">UCI Mountain Bike World Championships: Nael Rouffiac wins men&#8217;s U23 XCO race with attack two laps out from line<\/span><\/div>\n<div class=\"relative recirc-feed sponsored-card min-h-[250px]\" data-recirc-id=\"article-river-stacked-ads:native-cards\" data-mrf-recirculation=\"article-river-ads\" data-nosnippet data-ad-slot-path=\"feed-sponsored-post\" data-attribute-device=\"all\">\n<div class=\"max-w-full sponsored-post--placeholder animate-pulse\">\n<div class=\"relative!\"><span class=\"text-base text-black font-bold mx-0 my-2.5 p-0 block bg-gray-100\">\u00a0<br \/>\u00a0<\/span><\/div>\n<\/div>\n<\/div>\n<\/div>\n<\/div>\n<\/aside>\n<aside class=\"w-full\" data-nosnippet data-mrf-recirculation=\"article-river-stacked\">\n<div data-recirc-id=\"article-river-stacked-solr:latest-articletype\">\n<div class=\"text-white py-4 px-3 mb-4 bg-[#333] uppercase font-bold custom-header-styles\">Latest in News<\/div>\n<div class=\"grid grid-cols-1 gap-4 mt-4 mb-5\">\n<div>\n<div class=\"aspect-[var(--img-listing-aspect-ratio,16\/9)] relative mb-3.5\">\n    <source type=\"image\/webp\" srcset=\"https:\/\/cdn.mos.cms.futurecdn.net\/AzuJs4vrTAr5qYKErJf5Bn-840-80.jpg.webp 840w, https:\/\/cdn.mos.cms.futurecdn.net\/AzuJs4vrTAr5qYKErJf5Bn-650-80.jpg.webp 650w, https:\/\/cdn.mos.cms.futurecdn.net\/AzuJs4vrTAr5qYKErJf5Bn-500-80.jpg.webp 500w, https:\/\/cdn.mos.cms.futurecdn.net\/AzuJs4vrTAr5qYKErJf5Bn-450-80.jpg.webp 450w, https:\/\/cdn.mos.cms.futurecdn.net\/AzuJs4vrTAr5qYKErJf5Bn-320-80.jpg.webp 320w\" sizes=\"(min-width: 900px) 925px, (min-width: 700px) 450px, calc(100vw - 48px)\" \/><\/div>\n<p><span class=\"custom-subheading-styles\">Racing<\/span><span class=\"text-base text-black font-bold mx-0 my-2.5 p-0 block custom-text-styles\">Watch the Philadelphia Cycling Classic live on Cyclingnews<\/span><\/div>\n<div class=\"relative recirc-feed sponsored-card min-h-[250px]\" data-recirc-id=\"article-river-stacked-ads:native-cards\" data-mrf-recirculation=\"article-river-ads\" data-nosnippet data-ad-slot-path=\"feed-sponsored-post\" data-attribute-device=\"all\">\n<div class=\"max-w-full sponsored-post--placeholder animate-pulse\">\n<div class=\"relative!\"><span class=\"text-base text-black font-bold mx-0 my-2.5 p-0 block bg-gray-100\">\u00a0<br \/>\u00a0<\/span><\/div>\n<\/div>\n<\/div>\n<div>\n<div class=\"aspect-[var(--img-listing-aspect-ratio,16\/9)] relative mb-3.5\">\n    <source type=\"image\/webp\" srcset=\"https:\/\/cdn.mos.cms.futurecdn.net\/a62yCoLGzsESGBut5SxEFY-840-80.jpg.webp 840w, https:\/\/cdn.mos.cms.futurecdn.net\/a62yCoLGzsESGBut5SxEFY-650-80.jpg.webp 650w, https:\/\/cdn.mos.cms.futurecdn.net\/a62yCoLGzsESGBut5SxEFY-500-80.jpg.webp 500w, https:\/\/cdn.mos.cms.futurecdn.net\/a62yCoLGzsESGBut5SxEFY-450-80.jpg.webp 450w, https:\/\/cdn.mos.cms.futurecdn.net\/a62yCoLGzsESGBut5SxEFY-320-80.jpg.webp 320w\" sizes=\"(min-width: 900px) 925px, (min-width: 700px) 450px, calc(100vw - 48px)\" \/><\/div>\n<p><span class=\"custom-subheading-styles\">Teams &amp; Riders<\/span><span class=\"text-base text-black font-bold mx-0 my-2.5 p-0 block custom-text-styles\">&#8216;Everything is possible&#8217; \u2013 Felix Gall says it&#8217;s a new start for the Vuelta a Espa\u00f1a following Tadej Poga\u010dar&#8217;s abandon<\/span><\/div>\n<div class=\"relative recirc-feed sponsored-card min-h-[250px]\" data-recirc-id=\"article-river-stacked-ads:native-cards\" data-mrf-recirculation=\"article-river-ads\" data-nosnippet data-ad-slot-path=\"feed-sponsored-post\" data-attribute-device=\"all\">\n<div class=\"max-w-full sponsored-post--placeholder animate-pulse\">\n<div class=\"relative!\"><span class=\"text-base text-black font-bold mx-0 my-2.5 p-0 block bg-gray-100\">\u00a0<br \/>\u00a0<\/span><\/div>\n<\/div>\n<\/div>\n<div>\n<div class=\"aspect-[var(--img-listing-aspect-ratio,16\/9)] relative mb-3.5\">\n    <source type=\"image\/webp\" srcset=\"https:\/\/cdn.mos.cms.futurecdn.net\/ouK3iDv9LXB9ie8RrK3Amb-840-80.jpg.webp 840w, https:\/\/cdn.mos.cms.futurecdn.net\/ouK3iDv9LXB9ie8RrK3Amb-650-80.jpg.webp 650w, https:\/\/cdn.mos.cms.futurecdn.net\/ouK3iDv9LXB9ie8RrK3Amb-500-80.jpg.webp 500w, https:\/\/cdn.mos.cms.futurecdn.net\/ouK3iDv9LXB9ie8RrK3Amb-450-80.jpg.webp 450w, https:\/\/cdn.mos.cms.futurecdn.net\/ouK3iDv9LXB9ie8RrK3Amb-320-80.jpg.webp 320w\" sizes=\"(min-width: 900px) 925px, (min-width: 700px) 450px, calc(100vw - 48px)\" \/><\/div>\n<p><span class=\"custom-subheading-styles\">Teams &amp; Riders<\/span><span class=\"text-base text-black font-bold mx-0 my-2.5 p-0 block custom-text-styles\">&#8216;Just be super aggressive and try and make him proud&#8217; \u2013 UAE Team Emirates-XRG recalibrate Vuelta a Espa\u00f1a goals after losing Tadej Poga\u010dar<\/span><\/div>\n<div class=\"relative recirc-feed sponsored-card min-h-[250px]\" data-recirc-id=\"article-river-stacked-ads:native-cards\" data-mrf-recirculation=\"article-river-ads\" data-nosnippet data-ad-slot-path=\"feed-sponsored-post\" data-attribute-device=\"all\">\n<div class=\"max-w-full sponsored-post--placeholder animate-pulse\">\n<div class=\"relative!\"><span class=\"text-base text-black font-bold mx-0 my-2.5 p-0 block bg-gray-100\">\u00a0<br \/>\u00a0<\/span><\/div>\n<\/div>\n<\/div>\n<div>\n<div class=\"aspect-[var(--img-listing-aspect-ratio,16\/9)] relative mb-3.5\">\n    <source type=\"image\/webp\" srcset=\"https:\/\/cdn.mos.cms.futurecdn.net\/9NcfSBMaCtSJn2WSSdfraP-840-80.jpg.webp 840w, https:\/\/cdn.mos.cms.futurecdn.net\/9NcfSBMaCtSJn2WSSdfraP-650-80.jpg.webp 650w, https:\/\/cdn.mos.cms.futurecdn.net\/9NcfSBMaCtSJn2WSSdfraP-500-80.jpg.webp 500w, https:\/\/cdn.mos.cms.futurecdn.net\/9NcfSBMaCtSJn2WSSdfraP-450-80.jpg.webp 450w, https:\/\/cdn.mos.cms.futurecdn.net\/9NcfSBMaCtSJn2WSSdfraP-320-80.jpg.webp 320w\" sizes=\"(min-width: 900px) 925px, (min-width: 700px) 450px, calc(100vw - 48px)\" \/><\/div>\n<p><span class=\"custom-subheading-styles\">Teams &amp; Riders<\/span><span class=\"text-base text-black font-bold mx-0 my-2.5 p-0 block custom-text-styles\">&#8216;Stayin Alive&#8217; \u2013 Tadej Poga\u010dar posts update from Barcelona hospital bed as question marks linger over cause of crash and rest of season after Vuelta a Espa\u00f1a abandon<\/span><\/div>\n<div class=\"relative recirc-feed sponsored-card min-h-[250px]\" data-recirc-id=\"article-river-stacked-ads:native-cards\" data-mrf-recirculation=\"article-river-ads\" data-nosnippet data-ad-slot-path=\"feed-sponsored-post\" data-attribute-device=\"all\">\n<div class=\"max-w-full sponsored-post--placeholder animate-pulse\">\n<div class=\"relative!\"><span class=\"text-base text-black font-bold mx-0 my-2.5 p-0 block bg-gray-100\">\u00a0<br \/>\u00a0<\/span><\/div>\n<\/div>\n<\/div>\n<div>\n<div class=\"aspect-[var(--img-listing-aspect-ratio,16\/9)] relative mb-3.5\">\n    <source type=\"image\/webp\" srcset=\"https:\/\/cdn.mos.cms.futurecdn.net\/E4RkU8rMnBW5TwXorbSCaj-840-80.jpg.webp 840w, https:\/\/cdn.mos.cms.futurecdn.net\/E4RkU8rMnBW5TwXorbSCaj-650-80.jpg.webp 650w, https:\/\/cdn.mos.cms.futurecdn.net\/E4RkU8rMnBW5TwXorbSCaj-500-80.jpg.webp 500w, https:\/\/cdn.mos.cms.futurecdn.net\/E4RkU8rMnBW5TwXorbSCaj-450-80.jpg.webp 450w, https:\/\/cdn.mos.cms.futurecdn.net\/E4RkU8rMnBW5TwXorbSCaj-320-80.jpg.webp 320w\" sizes=\"(min-width: 900px) 925px, (min-width: 700px) 450px, calc(100vw - 48px)\" \/><\/div>\n<p><span class=\"custom-subheading-styles\">Teams &amp; Riders<\/span><span class=\"text-base text-black font-bold mx-0 my-2.5 p-0 block custom-text-styles\">Disappointment at SD Worx-Protime as Mischa Bredewold misses fourth consecutive victory at Classic Lorient Agglom\u00e9ration<\/span><\/div>\n<div class=\"relative recirc-feed sponsored-card min-h-[250px]\" data-recirc-id=\"article-river-stacked-ads:native-cards\" data-mrf-recirculation=\"article-river-ads\" data-nosnippet data-ad-slot-path=\"feed-sponsored-post\" data-attribute-device=\"all\">\n<div class=\"max-w-full sponsored-post--placeholder animate-pulse\">\n<div class=\"relative!\"><span class=\"text-base text-black font-bold mx-0 my-2.5 p-0 block bg-gray-100\">\u00a0<br \/>\u00a0<\/span><\/div>\n<\/div>\n<\/div>\n<div>\n<div class=\"aspect-[var(--img-listing-aspect-ratio,16\/9)] relative mb-3.5\">\n    <source type=\"image\/webp\" srcset=\"https:\/\/cdn.mos.cms.futurecdn.net\/PqHdCxLqcsCG3j55wRKHd8-840-80.jpg.webp 840w, https:\/\/cdn.mos.cms.futurecdn.net\/PqHdCxLqcsCG3j55wRKHd8-650-80.jpg.webp 650w, https:\/\/cdn.mos.cms.futurecdn.net\/PqHdCxLqcsCG3j55wRKHd8-500-80.jpg.webp 500w, https:\/\/cdn.mos.cms.futurecdn.net\/PqHdCxLqcsCG3j55wRKHd8-450-80.jpg.webp 450w, https:\/\/cdn.mos.cms.futurecdn.net\/PqHdCxLqcsCG3j55wRKHd8-320-80.jpg.webp 320w\" sizes=\"(min-width: 900px) 925px, (min-width: 700px) 450px, calc(100vw - 48px)\" \/><\/div>\n<p><span class=\"custom-subheading-styles\">Teams &amp; Riders<\/span><span class=\"text-base text-black font-bold mx-0 my-2.5 p-0 block custom-text-styles\">&#8216;It&#8217;s a sad way to end it&#8217; &#8211; exit of Tadej Poga\u010dar sparks wave of sympathy and regret in the Vuelta a Espa\u00f1a peloton<\/span><\/div>\n<div class=\"relative recirc-feed sponsored-card min-h-[250px]\" data-recirc-id=\"article-river-stacked-ads:native-cards\" data-mrf-recirculation=\"article-river-ads\" data-nosnippet data-ad-slot-path=\"feed-sponsored-post\" data-attribute-device=\"all\">\n<div class=\"max-w-full sponsored-post--placeholder animate-pulse\">\n<div class=\"relative!\"><span class=\"text-base text-black font-bold mx-0 my-2.5 p-0 block bg-gray-100\">\u00a0<br \/>\u00a0<\/span><\/div>\n<\/div>\n<\/div>\n<\/div>\n<\/div>\n<\/aside>\n<\/section>\n<\/div>\n<\/div>\n<\/div>\n<div id=\"widgetArea17\" class=\"widget-area md:basis-1\/3 widget-area-g-md-vp-1-3 widget-area-g-lg-vp-1-3 widget-area-g-xl-vp-1-3 page-widget-area-17\">\n<div data-widget-type=\"dynamic\" id=\"popular-data\" class=\"clear-both widget widget-dynamic widget-popular-data widget-dynamic-popular-data widget-dynamic-fter-popular-box\">\n<div class=\"wdn-fte-pb pos-relative space-t20\n\"><\/p>\n<div class=\"slice-container popular-box-slice\">\n<section class=\"popular-box\" data-component-name=\"Slice:PopularBox\">\n<div class=\"popular-box__label\">\n<div class=\"popular-box__label__tab popular-box__label__tab--active\" role=\"heading\">\nLATEST ARTICLES\n<\/div>\n<\/div>\n<ol class=\"popular-box__articles-list popular-box__articles-list--active\">\n<li class=\"popular-box__article-list\">\n<div class=\"popular-box__article-list__container\">\n<div class=\"popular-box__article-list__image-wrapper\">\n<div>\n<source type=\"image\/webp\" srcset=\"https:\/\/cdn.mos.cms.futurecdn.net\/zAwS56EnbWtgonSiTMNejT-1280-80.jpg.webp 1280w, https:\/\/cdn.mos.cms.futurecdn.net\/zAwS56EnbWtgonSiTMNejT-720-80.jpg.webp 720w, https:\/\/cdn.mos.cms.futurecdn.net\/zAwS56EnbWtgonSiTMNejT-640-80.jpg.webp 640w, https:\/\/cdn.mos.cms.futurecdn.net\/zAwS56EnbWtgonSiTMNejT-320-80.jpg.webp 320w\" sizes=\"99vw\" \/><\/div>\n<\/div>\n<div class=\"popular-box__article-list__content\">\n<div class=\"popular-box__article-list__number-text\">1<\/div>\n<div class=\"popular-box__article-list__heading\">\n<p>Philadelphia Cycling Classic Women: Chiara Consonni victorious in first edition since 2016<\/p>\n<\/div>\n<\/div>\n<\/div>\n<\/li>\n<li class=\"popular-box__article-list\">\n<div class=\"popular-box__article-list__container\">\n<div class=\"popular-box__article-list__content\">\n<div class=\"popular-box__article-list__number-text\">2<\/div>\n<div class=\"popular-box__article-list__heading\">\n<p>Vuelta a Espa\u00f1a: Race leader Enric Mas outsprints Oscar Onley to win stage 9 on Alto de Aitana<\/p>\n<\/div>\n<\/div>\n<\/div>\n<\/li>\n<li class=\"popular-box__article-list\">\n<div class=\"popular-box__article-list__container\">\n<div class=\"popular-box__article-list__content\">\n<div class=\"popular-box__article-list__number-text\">3<\/div>\n<div class=\"popular-box__article-list__heading\">\n<p>Bretagne Classic: Alex Aranburu takes WorldTour victory for Cofidis after decisive attack in final kilometres<\/p>\n<\/div>\n<\/div>\n<\/div>\n<\/li>\n<li class=\"popular-box__article-list\">\n<div class=\"popular-box__article-list__container\">\n<div class=\"popular-box__article-list__content\">\n<div class=\"popular-box__article-list__number-text\">4<\/div>\n<div class=\"popular-box__article-list__heading\">\n<p>Watch the Philadelphia Cycling Classic live on Cyclingnews<\/p>\n<\/div>\n<\/div>\n<\/div>\n<\/li>\n<li class=\"popular-box__article-list\">\n<div class=\"popular-box__article-list__container\">\n<div class=\"popular-box__article-list__content\">\n<div class=\"popular-box__article-list__number-text\">5<\/div>\n<div class=\"popular-box__article-list__heading\">\n<p>&#8216;Everything is possible&#8217; \u2013 Felix Gall says it&#8217;s a new start for the Vuelta a Espa\u00f1a following Tadej Poga\u010dar&#8217;s abandon<\/p>\n<\/div>\n<\/div>\n<\/div>\n<\/li>\n<\/ol>\n<\/section>\n<\/div>\n<\/div>\n<\/div>\n<\/div>\n<\/div>\n<\/article>\n<div class=\"news-article\">\n<header data-component-name=\"Article:Hero\">\n<nav class=\"breadcrumb\" aria-label=\"Breadcrumbs\">\n<ol>\n<li>\nPro Cycling\n<\/li>\n<li>\nRacing\n<\/li>\n<\/ol>\n<\/nav>\n<h1>&#8216;Some guys were too fast&#8217;- Primo\u017e Rogli\u010d back in contention after difficult start to Vuelta a Espa\u00f1a<\/h1>\n<div class=\"byline-social\">\n<div class=\"vds-byline-block flex flex-row flex-nowrap my-1.5 gap-2 text-left items-start justify-start\" data-component-name=\"Article:BylineBlock\">\n<p>News<\/p>\n<div class=\"my-auto vds-simple-byline\"><span class=\"inline-block vds-author\"><br \/>\nBy<br \/>\nAlasdair Fotheringham <\/span><\/p>\n<div class=\"flex gap-1 vds-byline-with-avatar__meta\"><span class=\"vds-date block font-normal tracking-normal normal-case text-xs\"><br \/>\nPublished<br \/>\n<time data-component-name=\"UI:DateTime\" datetime=\"2026-08-30T17:20:34Z\" class=\"relative-date\"><br \/>\n30 August 2026<br \/>\n<\/time><\/span><\/div>\n<\/div>\n<\/div>\n<p class=\"strapline\">Slovenian veteran sheds 12 seconds to Mas and Onley on Aitana summit<\/p>\n<\/div>\n<aside class=\"text-gray-700 flex items-center mx-0 my-5 p-0 justify-start text-left\" id=\"affiliate-disclaimer\" data-component-name=\"AffiliateDisclaimer\" data-hawk-message=\"Affiliate disclaimer removed because hawk deemed there are no affiliate links on this page\">\n<p class=\"text-[color:var(--affiliate-disclaimer--text-color,inherit)] mb-2 text-[length:var(--affiliate-disclaimer--font-size,0.75rem)] leading-[18px] md:text-[13px] [&amp;&gt;a]:text-inherit [&amp;&gt;a]:underline\">\nWhen you purchase through links on our site, we may earn an affiliate commission. Here\u2019s how it works.\n<\/p>\n<\/aside>\n<\/header>\n<\/div>\n<div id=\"article-body\" class=\"text-copy bodyCopy auto paywall-locker\">\n<div data-analytics-id=\"utility-bar\" id=\"utility-bar\" class=\"font-ui-heading flex justify-between items-center py-2 border-t border-b border-gray-300 border-solid mb-5 mx-auto\" data-component-name=\"UtilityBar\" data-mrf-recirculation=\"utility-bar\">\n<div class=\"flex gap-2 text-[#333] subcontainer\">\n<div class=\"relative tooltip-container\" role=\"tooltip\">\n<div data-component-name=\"Social:Dropdown\" role=\"menu\" id=\"utilitybar__dropdown--share\" aria-labelledby=\"utilitybar__button--share\" class=\"absolute left-0 top-full w-44 bg-white rounded-md shadow-md border border-neutral-200 z-[9996] list-none m-0 py-2 px-3 border-solid\">\n<ul class=\"m-0!\">\n<li class=\"!p-0 !m-0 list-none border-b border-gray-200 border-solid\">\n<li class=\"!p-0 !m-0 list-none border-b border-gray-200 border-solid\">\n<p>Facebook<\/p>\n<\/li>\n<li class=\"!p-0 !m-0 list-none border-b border-gray-200 border-solid\">\n<p>X<\/p>\n<\/li>\n<li class=\"!p-0 !m-0 list-none border-b border-gray-200 border-solid\">\n<p>Pinterest<\/p>\n<\/li>\n<li class=\"!p-0 !m-0 list-none border-b border-gray-200 border-solid\">\n<p>Email<\/p>\n<\/li>\n<\/ul>\n<\/div>\n<div class=\"font-ui-heading max-sm:hidden tooltip absolute left-1\/2 bg-gray-900 text-white text-xs leading-none px-3 py-1.5 rounded-md z-[10001] whitespace-nowrap\" id=\"tooltip-share-this-article\" role=\"tooltip\" aria-hidden=\"true\">\nShare this article\n<\/div>\n<\/div>\n<div class=\"relative tooltip-container\" role=\"tooltip\"><span class=\"ml-1 inline-flex h-5 px-2 shrink-0 items-center justify-center self-center overflow-hidden whitespace-nowrap rounded-[10px] bg-primary-500 text-[11px] leading-none font-ui-heading font-semibold text-white\">0<\/span><\/p>\n<div class=\"font-ui-heading max-sm:hidden tooltip absolute left-1\/2 bg-gray-900 text-white text-xs leading-none px-3 py-1.5 rounded-md z-[10001] whitespace-nowrap\" id=\"tooltip-join-the-conversation\" role=\"tooltip\" aria-hidden=\"true\">\nJoin the conversation\n<\/div>\n<\/div>\n<\/div>\n<div class=\"flex gap-2 text-[#333] subcontainer\">\n<div class=\"relative tooltip-container\" role=\"tooltip\">\n<p>Follow us<\/p>\n<div class=\"font-ui-heading max-sm:hidden tooltip absolute left-1\/2 bg-gray-900 text-white text-xs leading-none px-3 py-1.5 rounded-md z-[10001] whitespace-nowrap\" id=\"tooltip-add-us-as-a-preferred-source-on-google\" role=\"tooltip\" aria-hidden=\"true\">\nAdd us as a preferred source on Google\n<\/div>\n<\/div>\n<div class=\"relative tooltip-container\" role=\"tooltip\">\n<div class=\"font-ui-heading max-sm:hidden tooltip absolute left-1\/2 bg-gray-900 text-white text-xs leading-none px-3 py-1.5 rounded-md z-[10001] whitespace-nowrap\" id=\"tooltip-subscribe-to-our-newsletter\" role=\"tooltip\" aria-hidden=\"true\">\nSubscribe to our newsletter\n<\/div>\n<\/div>\n<\/div>\n<\/div>\n<p id=\"elk-b3c83444-a496-11f1-9c37-f1ee8626abc8\">More than words, Primo\u017e Rogli\u010d&#8217;s huge smile as he slowed to a halt at the summit of the Aitana spoke volumes about how he felt after the toughest mountainous stage of the Vuelta a Espa\u00f1a so far.<\/p>\n<p>The Slovenian veteran lost a little time to race leader Enric Mas (Movistar) and Oscar Onley (Netcompany-Ineos) but remains very much in contention for the overall, shedding 12 seconds at the line to finish third.<\/p>\n<p id=\"elk-b3c83444-a496-11f1-9c37-f1ee8626abc8-2\" aria-hidden=\"true\" class=\"kiosq-b\">With the time bonus and a six-second advantage on fourth-placed Felix Gall (Decathlon CGA CMN) at the finish, Rogli\u010d remains comfortably in second overall. But more than the result itself, his ability to stay fighting with the best after such a difficult build-up to the Vuelta was the real benefit.<\/p>\n<div class=\"my-6 w-full overflow-hidden rounded-[10px] lg:my-8\" data-component-name=\"JwPlayer:Carousel\" data-jwp-carousel data-jwp-carousel-payload=\"{&quot;ids&quot;:{&quot;playerID&quot;:&quot;jYDCcabO&quot;,&quot;searchPlaylistID&quot;:&quot;gwjdoYHD&quot;,&quot;divID&quot;:&quot;botr_gwjdoYHD_jYDCcabO_div&quot;,&quot;fallbackPlaylistID&quot;:&quot;gwjdoYHD&quot;,&quot;fallbackDivID&quot;:&quot;botr_gwjdoYHD_jYDCcabO_div&quot;,&quot;key&quot;:&quot;X9\/mXVGac0NphghLH9hZaqWA5d3dhAM\/Ih07grnEyMLjuO2E&quot;,&quot;tintLogo&quot;:true,&quot;useSearchPlaylist&quot;:false,&quot;enabled&quot;:true},&quot;signPostingEnabled&quot;:true,&quot;signPostingLinkEnabled&quot;:true,&quot;waitForAdLoad&quot;:false,&quot;hidePlayerOnDesktop&quot;:false,&quot;hidePlayerOnMobile&quot;:false,&quot;hidePlayerOnTablet&quot;:false}\">\n<div class=\"flex flex-nowrap items-center justify-between gap-3 bg-zinc-900 px-[14px] py-3\" data-jwp-carousel-header>\n<div class=\"flex min-w-0 shrink items-center\"><span class=\"inline-flex items-center gap-1.5 text-sm font-article-heading capitalize leading-5 text-white whitespace-nowrap\"><span class=\"jwp-carousel-title-desktop\">Latest Videos From<\/span><span class=\"jwp-carousel-brand\">Cyclingnews<\/span><\/span><\/div>\n<\/div>\n<div class=\"min-h-[44px] bg-zinc-900 px-[14px] py-3\" data-jwp-carousel-signposting><a class=\"invisible block truncate text-sm font-bold leading-5 text-white underline decoration-solid underline-offset-2\" data-jwp-carousel-signposting-link href target=\"_blank\" rel=\"noopener noreferrer\"><span data-jwp-carousel-signposting-title>Watch full video here: <\/span><\/a><\/div>\n<\/div>\n<p aria-hidden=\"true\" class=\"kiosq-b\">The four-times Vuelta a Espa\u00f1a winner&#8217;s major crash when training had meant he began the race suffering badly. But after a reasonable opening time trial, and staying with the other top contenders when Tadej Pogacar (UAE Team Emirates-XRG) attacked at Andorra, the closing kilometres of stage 9 was the first time he really showed signs of a fuller recovery.<\/p>\n<p aria-hidden=\"true\" class=\"kiosq-b\">Whilst not attacking, he was the only rider able to close the gap on Onley and Mas when they moved away towards the top. Mas then was sharp enough to attack again just as soon as Rogli\u010d closed in, but the Slovenian&#8217;s limitations of the gaps bode very well for the two weeks to come.<\/p>\n<aside data-component-name=\"Recirculation:ArticleRiver\" data-recirculation-type=\"inline\" data-mrf-recirculation=\"Trending Bar\" data-nosnippet class=\"clear-both pt-2 pb-0 mb-4\"><span class=\"\n            flex\n            after:content-[&apos;&apos;] after:flex-1 after:ml-4 after:my-[0.7rem] after:border-t after:border-solid after:border-t-[#ccc]\n            before:content-[&apos;&apos;] before:flex-1 before:mr-4 before:my-[0.7rem] before:border-t before:border-solid before:border-t-[#ccc]\n            font-article-heading pb-0 text-[length:var(--article-river-title--font-size,1em)] uppercase sm:text-[length:var(--article-river-title--font-size,0.875em)] font-bold\n        \"><br \/>\n            You may like<br \/>\n        <\/span><\/p>\n<ul class=\"flex flex-col gap-0 m-0 max-w-full\">\n<li class=\"m-0 list-none border-b border-solid border-[#ededed] py-2\" data-recirculation-id=\"recirculation-card-1\" id=\"recirculation-inline-1\" data-analytics-id=\"recirculation-inline-1\" data-mrf-recirculation=\"recirculation-inline-1\">\n    <source type=\"image\/webp\" srcset=\"https:\/\/cdn.mos.cms.futurecdn.net\/8kchXacdwvwXDcMiu9KiFF-250-80.jpg.webp 250w, https:\/\/cdn.mos.cms.futurecdn.net\/8kchXacdwvwXDcMiu9KiFF-150-80.jpg.webp 150w\" sizes=\"150px\" \/><span class=\"w-full text-base font-[var(--article-river-item--font-weight,500)] font-article-heading line-clamp-3 md:line-clamp-2\">&#8216;There was never a sign that he was struggling&#8217; \u2013 Primo\u017e Rogli\u010d dispels doubts as he moves up to second overall at Vuelta a Espa\u00f1a on first mountain test<\/span><\/li>\n<li class=\"m-0 list-none border-b border-solid border-[#ededed] py-2\" data-recirculation-id=\"recirculation-card-2\" id=\"recirculation-inline-2\" data-analytics-id=\"recirculation-inline-2\" data-mrf-recirculation=\"recirculation-inline-2\">\n    <source type=\"image\/webp\" srcset=\"https:\/\/cdn.mos.cms.futurecdn.net\/wA73oNrg82aAgWUbqEHVNB-250-80.jpg.webp 250w, https:\/\/cdn.mos.cms.futurecdn.net\/wA73oNrg82aAgWUbqEHVNB-150-80.jpg.webp 150w\" sizes=\"150px\" \/><span class=\"w-full text-base font-[var(--article-river-item--font-weight,500)] font-article-heading line-clamp-3 md:line-clamp-2\">Vuelta a Espa\u00f1a: Race leader Enric Mas outsprints Oscar Onley to win stage 9 on Alto de Aitana<\/span><\/li>\n<li class=\"m-0 list-none border-b border-solid border-[#ccc] py-2\" data-recirculation-id=\"recirculation-card-3\" id=\"recirculation-inline-3\" data-analytics-id=\"recirculation-inline-3\" data-mrf-recirculation=\"recirculation-inline-3\">\n    <source type=\"image\/webp\" srcset=\"https:\/\/cdn.mos.cms.futurecdn.net\/txLrgsAEFvggkkWcyvZfem-250-80.jpg.webp 250w, https:\/\/cdn.mos.cms.futurecdn.net\/txLrgsAEFvggkkWcyvZfem-150-80.jpg.webp 150w\" sizes=\"150px\" \/><span class=\"w-full text-base font-[var(--article-river-item--font-weight,500)] font-article-heading line-clamp-3 md:line-clamp-2\">&#8216;I was like &#8211; what&#8217;s going on, is this a spectator?&#8217; &#8211; Tadej Poga\u010dar surprised by Enric Mas on Vuelta a Espa\u00f1a gravel climb<\/span><\/li>\n<\/ul>\n<\/aside>\n<p aria-hidden=\"true\" class=\"kiosq-b\">&#8220;Like I said, we can always hope, but good, I&#8217;m super happy mate,&#8221; Rogli\u010d said afterwards in a brief interview with the media at the summit of the Aitana.<\/p>\n<p aria-hidden=\"true\" class=\"kiosq-b\">&#8220;I didn&#8217;t do much [but] it&#8217;s beautiful to ride a bike now, outside in nice weather.<\/p>\n<div id=\"slice-container-newsletterForm-articleInbodyContent-QJKVShCRsWF7EpcC9kFKzZ\" class=\"slice-container newsletter-inbodyContent-slice newsletterForm-articleInbodyContent-QJKVShCRsWF7EpcC9kFKzZ slice-container-newsletterForm\">\n<div data-hydrate=\"true\" class=\"newsletter-form__wrapper newsletter-form__wrapper--inbodyContent\">\n<div class=\"newsletter-form__container\">\n<section class=\"newsletter-form__top-bar\">\n<div class=\"newsletter-form__header\">Get The Leadout Newsletter<\/div>\n<\/section>\n<section class=\"newsletter-form__main-section\">\n<p class=\"newsletter-form__strapline\">The latest race content, interviews, features, reviews and expert buying guides, direct to your inbox!<\/p>\n<footer class=\"newsletter-form__footer \">By submitting your information you agree to the Terms &amp; Conditions and Privacy Policy and are aged 16 or over.<\/footer>\n<\/section>\n<\/div>\n<\/div>\n<\/div>\n<p aria-hidden=\"true\" class=\"kiosq-b\">&#8220;They were hard climbs and some guys were too fast, but I&#8217;m happy.&#8221;<\/p>\n<p aria-hidden=\"true\" class=\"kiosq-b\">Rogli\u010d recognised that without Poga\u010dar, the Vuelta has taken a very different perspective, but he was equally regretful that the leading pre-race favourite had disappeared from the running in such a sad way.<\/p>\n<p aria-hidden=\"true\" class=\"kiosq-b\">&#8220;For sure it&#8217;s open definitely, but you know, I don&#8217;t wish anything bad to anyone, so I wish him a fast recovery,&#8221; Rogli\u010d, who has had more than his own fair share of crashes, concluded.<\/p>\n<p aria-hidden=\"true\" class=\"kiosq-b\">It remains to be seen whether Rogli\u010d can now close the gap even further on his rivals and perhaps even start to gain time on Mas in the mountainous stages to come, with the time trial at the start of week 3 another big opportunity. Historically, too, Rogli\u010d has always tended to improve steadily throughout a race, and if there are repeats of the cat-and-mouse game that developed on the upper slopes of the Aitana, that&#8217;ll also be the kind of scenario in which he thrives.<\/p>\n<p aria-hidden=\"true\" class=\"kiosq-b\">But regardless of what happens, there can be no doubt that the Slovenian veteran is on the comeback trail, and determined to make an impact on GC in the Vuelta. Ten days ago in Monaco, that he could hit the heights again was anything but certain, but Aitana has shown that he is moving in the right direction again.<\/p>\n<p aria-hidden=\"true\" class=\"kiosq-b\"><strong>For unbeatable coverage across road, gravel and tech, subscribe to Cyclingnews. You&#8217;ll get comprehensive race coverage of La Vuelta a Espa\u00f1a, subscriber-exclusive analysis from our expert columnists, in-depth features and industry-leading tech insight. Plus, the Cyclingnews app lets you follow the action wherever you go! <\/strong><u><strong>Join today.<\/strong><\/u><\/p>\n<\/div>\n<p>[analyse_source url=&#8221;https:\/\/www.cyclingnews.com\/pro-cycling\/racing\/some-guys-were-too-fast-primoz-roglic-back-in-contention-after-difficult-start-to-vuelta-a-espana\/&#8221;]<\/p>\n","protected":false},"excerpt":{"rendered":"<p>[analyse_image type=&#8221;featured&#8221; src=&#8221;https:\/\/cdn.mos.cms.futurecdn.net\/x7B9AzCSozgsQPp2exybBj-1024-80.jpg&#8221;] 1 &#8216;We don&#8217;t know if he was racing at 100%&#8217; \u2013 Rival sports director believes Vuelta a Espa\u00f1a leader Poga\u010dar&#8217;s failure to finish solo on stage 6 delivers mixed messages 2 As it happened: Domination on stage 4 of the Vuelta a Espa\u00f1a with a long-range solo move in Andorra 3 As [&hellip;]<\/p>\n","protected":false},"author":1,"featured_media":0,"comment_status":"open","ping_status":"","sticky":false,"template":"","format":"standard","meta":{"footnotes":""},"categories":[2],"tags":[226,68],"class_list":["post-2120282","post","type-post","status-publish","format-standard","hentry","category-politics","tag-crawlmanager","tag-cyclingnews-com"],"_links":{"self":[{"href":"https:\/\/analyse.optim.biz\/index.php?rest_route=\/wp\/v2\/posts\/2120282","targetHints":{"allow":["GET"]}}],"collection":[{"href":"https:\/\/analyse.optim.biz\/index.php?rest_route=\/wp\/v2\/posts"}],"about":[{"href":"https:\/\/analyse.optim.biz\/index.php?rest_route=\/wp\/v2\/types\/post"}],"author":[{"embeddable":true,"href":"https:\/\/analyse.optim.biz\/index.php?rest_route=\/wp\/v2\/users\/1"}],"replies":[{"embeddable":true,"href":"https:\/\/analyse.optim.biz\/index.php?rest_route=%2Fwp%2Fv2%2Fcomments&post=2120282"}],"version-history":[{"count":0,"href":"https:\/\/analyse.optim.biz\/index.php?rest_route=\/wp\/v2\/posts\/2120282\/revisions"}],"wp:attachment":[{"href":"https:\/\/analyse.optim.biz\/index.php?rest_route=%2Fwp%2Fv2%2Fmedia&parent=2120282"}],"wp:term":[{"taxonomy":"category","embeddable":true,"href":"https:\/\/analyse.optim.biz\/index.php?rest_route=%2Fwp%2Fv2%2Fcategories&post=2120282"},{"taxonomy":"post_tag","embeddable":true,"href":"https:\/\/analyse.optim.biz\/index.php?rest_route=%2Fwp%2Fv2%2Ftags&post=2120282"}],"curies":[{"name":"wp","href":"https:\/\/api.w.org\/{rel}","templated":true}]}}