{"id":2120209,"date":"2026-08-30T14:49:25","date_gmt":"2026-08-30T11:49:25","guid":{"rendered":"https:\/\/analyse.optim.biz\/?p=2120209"},"modified":"2026-08-30T14:49:25","modified_gmt":"2026-08-30T11:49:25","slug":"mult-claxon-putina-tractiune-i","status":"publish","type":"post","link":"https:\/\/analyse.optim.biz\/?p=2120209","title":{"rendered":"Mult claxon, pu\u021bin\u0103 trac\u021biune (I)"},"content":{"rendered":"<p>[analyse_image type=&#8221;featured&#8221; src=&#8221;https:\/\/cdn.adh.reperio.news\/image-4\/42cdba77-6aa4-48f8-a5a7-1e7ae873fc60\/index.jpeg?p=f%3Djpeg%26w%3D1200%26h%3D630%26r%3Dcover&#8221;]<\/p>\n<article class=\"svelte-x63bga\">\n<nav>\n<ul class=\"breadcrump svelte-1pk9a69\">\n<li class=\"svelte-1pk9a69\"><a href=\"https:\/\/adevarul.ro\/\" title=\"Adev\u0103rul\" class=\"svelte-1pk9a69\">Home<\/a><\/li>\n<li class=\"svelte-1pk9a69\"><a href=\"https:\/\/adevarul.ro\/blogurile-adevarul\" class=\"svelte-1pk9a69\">Opinii<\/a><\/li>\n<li class=\"svelte-1pk9a69\"><a href=\"https:\/\/adevarul.ro\/blogurile-adevarul\/mult-claxon-putina-tractiune-i-2552961.html\" class=\"svelte-1pk9a69\">Mult claxon, pu\u021bin\u0103 trac\u021biune (I)<\/a><\/li>\n<\/ul>\n<\/nav>\n<p><main class=\"svelte-x63bga\"><\/p>\n<p>Luni<br \/>\n\u00eencepe Reuniunea anual\u0103 a diploma\u021biei rom\u00e2ne. Este, cel pu\u021bin \u00een<br \/>\nteorie, momentul central al anului diplomatic: ambasadorii se \u00eentorc<br \/>\nla Bucure\u0219ti, ascult\u0103 evaluarea conducerii statului \u0219i afl\u0103 ce au<br \/>\nde f\u0103cut mai departe. Vin, cum se spune \u00een asemenea \u00eemprejur\u0103ri,<br \/>\n\u201es\u0103 ia lumin\u0103\u201d.<\/p>\n<div class=\"container-image  svelte-1xbw4f3\"><source type=\"image\/webp\" srcset=\"https:\/\/cdn.adh.reperio.news\/image-4\/42cdba77-6aa4-48f8-a5a7-1e7ae873fc60\/index.jpeg?p=a%3D1%26co%3D1.05%26w%3D1400%26h%3D750%26r%3Dcontain%26f%3Dwebp 1400w\" media=\"(min-width: 1400px)\" \/><\/p>\n<div class=\"caption svelte-1xbw4f3\"><span class=\"captionText svelte-1xbw4f3\">Oana \u021aoiu, ministra de Externe <span class=\"source svelte-1xbw4f3\">Foto: FB Ministerul de Externe<\/span><\/span><\/div>\n<\/div>\n<p>Am<br \/>\nparticipat la suficiente asemenea reuniuni pentru a \u0219ti c\u0103 lumina<br \/>\nnu vine \u00eentotdeauna. Uneori vine o idee, alteori o instruc\u021biune,<br \/>\niar de multe ori doar un nou ambalaj pentru formulele cunoscute.<br \/>\nTotu\u0219i, corpul diplomatic continu\u0103 s\u0103 a\u0219tepte de la aceast\u0103<br \/>\nreuniune ceea ce este firesc s\u0103 a\u0219tepte: o direc\u021bie.<\/p>\n<p>Anul<br \/>\nacesta, situa\u021bia are o ironie pe care nici cel mai inventiv<br \/>\ndepartament de comunicare nu o poate elimina. Cei veni\u021bi s\u0103<br \/>\nprimeasc\u0103 direc\u021bii vor avea \u00een fa\u021b\u0103 ministrul de externe al unui<br \/>\nguvern demis prin votul Parlamentului, despre care nu se \u0219tie dac\u0103<br \/>\n\u00ee\u0219i va p\u0103stra portofoliul. Dac\u0103 se respect\u0103 o anumit\u0103 cutum\u0103,<br \/>\nse vor \u00eent\u00e2lni \u0219i cu un prim-ministru interimar. Ambasadorii vin,<br \/>\na\u0219adar, s\u0103 afle \u00eencotro merge Rom\u00e2nia de la o conducere care nu<br \/>\n\u0219tie \u00eenc\u0103 dac\u0103 va mai fi acolo peste c\u00e2teva s\u0103pt\u0103m\u00e2ni.<\/p>\n<p>Incertitudinea<br \/>\nnu prive\u0219te numai conducerea politic\u0103. Nici actualii ambasadori<br \/>\ncare particip\u0103 la reuniune nu \u0219tiu clar ce se va \u00eent\u00e2mpla cu<br \/>\npropriile posturi. Un proces de rota\u021bie era planificat pentru<br \/>\nprim\u0103vara acestui an. Vorbim despre 40\u201350 de ambasadori. De aceea,<br \/>\noamenii nu \u0219tiu dac\u0103 vor primi o nou\u0103 misiune, dac\u0103 vor reveni \u00een<br \/>\ncentrala ministerului sau dac\u0103 \u00eei a\u0219teapt\u0103 o alt\u0103 solu\u021bie<br \/>\nadministrativ\u0103.<\/p>\n<p>Aceast\u0103<br \/>\narhitectur\u0103 complicat\u0103 a incertitudinii transform\u0103 Reuniunea<br \/>\nanual\u0103 a diploma\u021biei rom\u00e2ne \u00eentr-un exerci\u021biu mai degrab\u0103<br \/>\ninutil: cei care ar trebui s\u0103 ofere direc\u021bia nu \u0219tiu dac\u0103 vor mai<br \/>\nr\u0103m\u00e2ne \u00een func\u021bie, iar o parte dintre cei care ar trebui s\u0103 o<br \/>\nurmeze nu \u0219tiu unde se vor afla.<\/p>\n<p>\u0218i<br \/>\ntotu\u0219i, poate c\u0103 tocmai \u00eentr-un asemenea moment bilan\u021bul devine<br \/>\nutil. Nu \u0219tim \u00een ce ton \u00ee\u0219i va evalua ministerul propriul an de<br \/>\nactivitate. Putem b\u0103nui c\u0103 nu vor lipsi fotografiile, vizitele,<br \/>\nreuniunile \u0219i comunicatele. Din afara ritualului oficial, \u00eens\u0103,<br \/>\n\u00eentreb\u0103rile pot fi puse ceva mai direct.<\/p>\n<h2>\u201eHarta diplomatic\u0103\u201d a ultimului an<\/h2>\n<p>Un<br \/>\nan nu este suficient pentru a reconstrui politica extern\u0103 a unei<br \/>\n\u021b\u0103ri. Este \u00eens\u0103 mai mult dec\u00e2t suficient pentru ca metoda unei<br \/>\nconduceri s\u0103 devin\u0103 vizibil\u0103.<\/p>\n<p>Exist\u0103<br \/>\nun mod comod de a evalua activitatea unui ministru de externe:<br \/>\nnum\u0103r\u0103m deplas\u0103rile, \u00eentrevederile, convorbirile telefonice,<br \/>\npost\u0103rile \u0219i comunicatele. Vom face \u0219i aceast\u0103 contabilitate.<br \/>\nRitmul, destina\u021biile \u0219i nivelul interlocutorilor spun ceva despre<br \/>\npriorit\u0103\u021bi. Dar o agend\u0103 \u00eenc\u0103rcat\u0103 nu este, prin ea \u00eens\u0103\u0219i,<br \/>\no politic\u0103 extern\u0103. Dup\u0103 cum prezen\u021ba a doi demnitari \u00een aceea\u0219i<br \/>\n\u00eenc\u0103pere nu transform\u0103 automat fotografia \u00eentr-o \u00eent\u00e2lnire<br \/>\nbilateral\u0103.<\/p>\n<p>Din<br \/>\nstatistic\u0103 trebuie scoase particip\u0103rile la reuniunile multilaterale<br \/>\ncare decurg din simpla apartenen\u021b\u0103 a Rom\u00e2niei la Uniunea<br \/>\nEuropean\u0103, NATO sau alte organiza\u021bii. Ele \u021bin de func\u021bionarea<br \/>\nnormal\u0103 a ministerului. Un ministru nu poate trece \u00een bilan\u021b, ca<br \/>\nsucces personal, faptul c\u0103 Rom\u00e2nia are un scaun la masa la care<br \/>\neste invitat\u0103 prin tratat.<\/p>\n<p>\u00centrebarea<br \/>\ncorect\u0103 este alta: a produs ultimul an o schimbare de substan\u021b\u0103 \u0219i<br \/>\nde ritm \u00een politica extern\u0103 a Rom\u00e2niei?<br \/>\nNu dac\u0103 au fost modificate orient\u0103rile sale fundamentale \u2014 nici<br \/>\nnu acesta era obiectivul \u2014, ci dac\u0103 a ap\u0103rut un plan, dac\u0103 s-au<br \/>\ndeschis spa\u021bii noi de ac\u021biune \u0219i dac\u0103 Rom\u00e2nia a lansat vreo<br \/>\nini\u021biativ\u0103 recognoscibil\u0103.<\/p>\n<p>Ministerul<br \/>\nAfacerilor Externe este, prin natura sa, un minister care impune<br \/>\ntitularului o mobilitate aproape permanent\u0103. De aceea, simplul fapt<br \/>\nc\u0103 ministrul s-a deplasat frecvent nu poate fi prezentat ca<br \/>\nrezultat. Mobilitatea este o obliga\u021bie a func\u021biei, nu o m\u0103sur\u0103 a<br \/>\nperforman\u021bei. Ceea ce trebuie urm\u0103rit este dinamica diploma\u021biei<br \/>\nsub conducerea sa: c\u0103tre ce spa\u021bii s-a \u00eendreptat, cu ce frecven\u021b\u0103,<br \/>\nla ce nivel, cu ce obiective \u0219i, mai ales, cu ce rezultate. \u00cen sens<br \/>\ninvers, trebuie v\u0103zut cine a venit la Bucure\u0219ti, cu ce mandat \u0219i<br \/>\npentru a discuta ce anume. Diploma\u021bia nu se m\u0103soar\u0103 numai \u00een<br \/>\ncapacitatea de a pleca, ci \u0219i \u00een aceea de a-i determina pe ceilal\u021bi<br \/>\ns\u0103 vin\u0103.<\/p>\n<p>O<br \/>\nvizit\u0103 bilateral\u0103 este un instrument, nu un rezultat. Cap\u0103t\u0103<br \/>\nconsisten\u021b\u0103 c\u00e2nd deschide un dosar, deblocheaz\u0103 o rela\u021bie,<br \/>\npreg\u0103te\u0219te o decizie, produce un acord sau construie\u0219te o prezen\u021b\u0103<br \/>\nrom\u00e2neasc\u0103 \u00eentr-un spa\u021biu neglijat. \u00cen lipsa acestor efecte,<br \/>\nr\u0103m\u00e2ne un element de agend\u0103. Uneori, unul foarte bine fotografiat.<\/p>\n<p>\u00cen<br \/>\nultimul an s-a conturat o solidaritate mai accentuat\u0103 cu Ucraina \u0219i<br \/>\nRepublica Moldova, precum \u0219i o aliniere mai pronun\u021bat\u0103 a Rom\u00e2niei<br \/>\nla linia dominant\u0103 a politicii europene.<br \/>\nAceast\u0103 op\u021biune a generat controverse interne, dar ea apar\u021bine<br \/>\nconducerii alese a statului, iar oportunitatea sa nu face obiectul<br \/>\nacestei analize. Ceea ce poate fi evaluat aici este modul \u00een care<br \/>\nMinisterul Afacerilor Externe a explicat, a sus\u021binut \u0219i a<br \/>\nvalorificat diplomatic aceast\u0103 decizie politic\u0103.<\/p>\n<p>Comunicarea<br \/>\nacestei op\u021biuni a devenit \u00eens\u0103 deficitar\u0103. Nu au fost explicate<br \/>\nsuficient nici natura \u0219i amploarea eforturilor f\u0103cute de Rom\u00e2nia<br \/>\npentru Ucraina, nici beneficiile politice, strategice \u0219i economice<br \/>\npe care Rom\u00e2nia le ob\u021bine sau urm\u0103re\u0219te s\u0103 le ob\u021bin\u0103. Mai<br \/>\nmult, \u00een ecua\u021bia Bruxelles\u2013Chi\u0219in\u0103u\u2013Bucure\u0219ti, contribu\u021bia<br \/>\ndistinct\u0103 a Rom\u00e2niei nu este doar insuficient de vizibil\u0103; ea este<br \/>\ngreu de perceput. Se vede alinierea. Nu se vede \u00eenc\u0103 rolul propriu.<\/p>\n<p>Participarea<br \/>\nRom\u00e2niei la reconstruc\u021bia Ucrainei este un test al capacit\u0103\u021bii de<br \/>\na transforma aceast\u0103 aliniere \u00eentr-un rol propriu. La<br \/>\nBucure\u0219ti continu\u0103m s\u0103 vorbim despre reconstruc\u021bie ca despre un<br \/>\nproces care va \u00eencepe dup\u0103 \u00eencetarea r\u0103zboiului \u0219i semnarea<br \/>\np\u0103cii. Este o eroare de<br \/>\nperspectiv\u0103. Reconstruc\u021bia a \u00eenceput deja.<br \/>\nSe refac infrastructuri critice, se finan\u021beaz\u0103 proiecte energetice<br \/>\n\u0219i de transport, se construiesc mecanisme de garantare a<br \/>\ninvesti\u021biilor, se preg\u0103tesc proiecte bancabile, iar statele \u0219i<br \/>\ncompaniile \u00ee\u0219i negociaz\u0103 pozi\u021biile \u00een viitoarea arhitectur\u0103<br \/>\neconomic\u0103 a Ucrainei.<\/p>\n<p>Ministerul<br \/>\nAfacerilor Externe ar fi putut prelua coordonarea politic\u0103 a acestui<br \/>\ndosar, ast\u0103zi dispersat \u00eentre mai multe institu\u021bii. Potrivit<br \/>\ninforma\u021biilor de care dispun, la ultima Conferin\u021b\u0103 privind<br \/>\nreconstruc\u021bia Ucrainei de la Gda\u0144sk, Rom\u00e2nia a fost reprezentat\u0103<br \/>\ndoar la nivel de ambasador. \u00cen timp ce Bucure\u0219tiul a\u0219teapt\u0103 un<br \/>\nmoment inaugural care nu va exista, ceilal\u021bi \u00ee\u0219i aleg sectoarele,<br \/>\n\u00ee\u0219i preg\u0103tesc companiile \u0219i construiesc parteneriate. Riscul este<br \/>\ns\u0103 intr\u0103m \u00een proces abia dup\u0103 ce regulile, proiectele \u0219i<br \/>\npozi\u021biile importante vor fi fost deja stabilite.<\/p>\n<p>\u00cen<br \/>\nordinea priorit\u0103\u021bilor politicii externe, rela\u021bia cu Statele Unite<br \/>\npare s\u0103 fi fost abordat\u0103 mai cur\u00e2nd \u00eentr-o manier\u0103 naiv\u0103 \u0219i<br \/>\n\u0219col\u0103reasc\u0103 dec\u00e2t de pe pozi\u021bia unui partener strategic.<br \/>\n\u00centrevederea cu secretarul de stat Marco Rubio trebuie, desigur,<br \/>\nconsemnat\u0103. La fel, sunt utile contactele la Congres, particip\u0103rile<br \/>\nla reuniuni \u0219i invita\u021biile primite din partea unor universit\u0103\u021bi<br \/>\nsau institute de analiz\u0103 prestigioase. Dar un ministru de externe nu<br \/>\neste un conferen\u021biar itinerant \u0219i nici un colec\u021bionar de invita\u021bii<br \/>\nonorante. Dincolo de un anumit punct, succesiunea apari\u021biilor \u0219i<br \/>\ndeplas\u0103rilor \u00eencepe s\u0103 coboare, nu s\u0103 ridice, nivelul de<br \/>\nreprezentare al unui stat precum Rom\u00e2nia. Prestigiul unei<br \/>\nuniversit\u0103\u021bi nu compenseaz\u0103 absen\u021ba accesului politic, iar<br \/>\nfrecven\u021ba prezen\u021bei nu poate \u00eenlocui randamentul diplomatic. De<br \/>\nla un anumit nivel, nu ministrul trebuie s\u0103 caute fiecare scen\u0103, ci<br \/>\npartenerii trebuie s\u0103 caute \u00eent\u00e2lnirea cu el.<\/p>\n<p>Dincolo<br \/>\nde rela\u021biile prioritare, restan\u021bele sunt \u0219i mai vizibile. Cazul<br \/>\nLibiei este revelator. Rezilierea contractelor pentru sediul \u0219i<br \/>\nre\u0219edin\u021ba Ambasadei Rom\u00e2niei a fost o decizie administrativ\u0103<br \/>\njustificat\u0103 \u0219i, probabil, mult \u00eent\u00e2rziat\u0103. Ea nu \u00eenseamn\u0103 \u00eens\u0103<br \/>\n\u00eenchiderea misiunii sau \u00eentreruperea rela\u021biilor diplomatice:<br \/>\nRom\u00e2nia p\u0103streaz\u0103 un ambasador acreditat, dar activitatea misiunii<br \/>\neste desf\u0103\u0219urat\u0103 din Tunis. Problema politic\u0103 este alta. \u00cen timp<br \/>\nce mai multe state europene \u0219i-au restabilit prezen\u021ba la Tripoli,<br \/>\nBucure\u0219tiul nu a prezentat niciun calendar \u0219i nicio strategie<br \/>\npentru revenirea efectiv\u0103 \u00een Libia. Nu contractele de \u00eenchiriere<br \/>\ntrebuiau ap\u0103rate, ci prezen\u021ba \u0219i proiectul politic. Deocamdat\u0103,<br \/>\nnu se vede niciunul.<\/p>\n<p>Nici<br \/>\n\u00een rela\u021bia cu China, Asia de Sud-Est, America Latin\u0103 sau Orientul<br \/>\nMijlociu nu se distinge vreo ini\u021biativ\u0103 rom\u00e2neasc\u0103<br \/>\nrecognoscibil\u0103. Absen\u021ba este cu at\u00e2t mai evident\u0103 \u00een Orientul<br \/>\nMijlociu, unde mai multe state arabe manifest\u0103 un dinamism<br \/>\ndiplomatic, economic \u0219i investi\u021bional pronun\u021bat. Sunt regiuni<br \/>\n\u00eentregi care lipsesc nu numai din agenda deplas\u0103rilor, ci \u0219i din<br \/>\norizontul conceptual al politicii externe rom\u00e2ne\u0219ti.<\/p>\n<p>Toate<br \/>\naceste elemente compun harta diplomatic\u0103 a ultimului an. Pe ea se<br \/>\ndistinge un culoar clar: Bruxelles\u2013Chi\u0219in\u0103u\u2013Kiev, respectiv<br \/>\nsprijinul pentru Republica Moldova \u0219i Ucraina \u0219i alinierea mai<br \/>\npronun\u021bat\u0103 la politica european\u0103. Este o op\u021biune politic\u0103<br \/>\nrecognoscibil\u0103, dar nu este \u00eenc\u0103 o politic\u0103 extern\u0103 \u00een \u00eentregul<br \/>\ns\u0103u. \u00cen afara acestui culoar apar puncte dispersate \u2014 deplas\u0103ri,<br \/>\ncontacte \u0219i apari\u021bii \u2014 f\u0103r\u0103 o linie care s\u0103 le uneasc\u0103 \u0219i<br \/>\nf\u0103r\u0103 o ini\u021biativ\u0103 care s\u0103 le dea sens. Dup\u0103 un an,<br \/>\nRom\u00e2nia are un culoar diplomatic. Nu are \u00eenc\u0103 o hart\u0103.<\/p>\n<p><\/main><\/p>\n<footer class=\"svelte-x63bga\">\n<div class=\"meta svelte-x63bga\">\n<div class=\"authors svelte-x63bga\"><span class=\"names svelte-x63bga\"><a href=\"https:\/\/adevarul.ro\/author\/2112\" rel=\"author\" class=\"svelte-x63bga\">Dan Mihalache<\/a><\/span><\/p>\n<div class=\"_hydratable\" data-props=\"%7B%22showLive%22%3Atrue%7D\" data-context=\"%7B%22parentBlockColumnCount%22%3A%7B%22value%22%3A0%2C%22type%22%3A%22store%2Freadable%22%7D%2C%22parentBlockBackgroundColor%22%3A%7B%22type%22%3A%22store%2Freadable%22%7D%7D\" data-component=\"ShareButton\">\n<div class=\"shareButtons svelte-itwbrr\">\n<div class=\"liveSessions metaFont svelte-1maxmbf\"><span class=\"value svelte-1maxmbf\">1<\/span> live <\/div>\n<\/div>\n<\/div>\n<\/div>\n<div class=\"tags svelte-1l3vwp1\"><span class=\"tags-label metaFont svelte-1l3vwp1\">Cite\u0219te mai multe despre<\/span><\/p>\n<div class=\"tags-list svelte-1l3vwp1\"><a href=\"https:\/\/adevarul.ro\/tag\/nicusor%20dan\" title=\"Ultimele \u0219tiri despre nicusor dan\" class=\"tag-pill svelte-1l3vwp1\">nicusor dan<\/a><a href=\"https:\/\/adevarul.ro\/tag\/ministerul%20de%20externe\" title=\"Ultimele \u0219tiri despre ministerul de externe\" class=\"tag-pill svelte-1l3vwp1\">ministerul de externe<\/a><a href=\"https:\/\/adevarul.ro\/tag\/oana%20toiu\" title=\"Ultimele \u0219tiri despre oana toiu\" class=\"tag-pill svelte-1l3vwp1\">oana toiu<\/a><\/div>\n<\/div>\n<\/div>\n<p><a class=\"moreFromCategory svelte-x63bga\" href=\"https:\/\/adevarul.ro\/blogurile-adevarul\" title=\"Opinii\">Mai multe din <strong class=\"svelte-x63bga\">Opinii<\/strong> \u203a<\/a><\/footer>\n<\/article>\n<p>[analyse_source url=&#8221;https:\/\/adevarul.ro\/blogurile-adevarul\/mult-claxon-putina-tractiune-i-2552961.html&#8221;]<\/p>\n","protected":false},"excerpt":{"rendered":"<p>[analyse_image type=&#8221;featured&#8221; src=&#8221;https:\/\/cdn.adh.reperio.news\/image-4\/42cdba77-6aa4-48f8-a5a7-1e7ae873fc60\/index.jpeg?p=f%3Djpeg%26w%3D1200%26h%3D630%26r%3Dcover&#8221;] Home Opinii Mult claxon, pu\u021bin\u0103 trac\u021biune (I) Luni \u00eencepe Reuniunea anual\u0103 a diploma\u021biei rom\u00e2ne. Este, cel pu\u021bin \u00een teorie, momentul central al anului diplomatic: ambasadorii se \u00eentorc la Bucure\u0219ti, ascult\u0103 evaluarea conducerii statului \u0219i afl\u0103 ce au de f\u0103cut mai departe. Vin, cum se spune \u00een asemenea \u00eemprejur\u0103ri, \u201es\u0103 ia lumin\u0103\u201d. Oana [&hellip;]<\/p>\n","protected":false},"author":1,"featured_media":0,"comment_status":"open","ping_status":"","sticky":false,"template":"","format":"standard","meta":{"footnotes":""},"categories":[89],"tags":[19,226],"class_list":["post-2120209","post","type-post","status-publish","format-standard","hentry","category-romania","tag-adevarul","tag-crawlmanager"],"_links":{"self":[{"href":"https:\/\/analyse.optim.biz\/index.php?rest_route=\/wp\/v2\/posts\/2120209","targetHints":{"allow":["GET"]}}],"collection":[{"href":"https:\/\/analyse.optim.biz\/index.php?rest_route=\/wp\/v2\/posts"}],"about":[{"href":"https:\/\/analyse.optim.biz\/index.php?rest_route=\/wp\/v2\/types\/post"}],"author":[{"embeddable":true,"href":"https:\/\/analyse.optim.biz\/index.php?rest_route=\/wp\/v2\/users\/1"}],"replies":[{"embeddable":true,"href":"https:\/\/analyse.optim.biz\/index.php?rest_route=%2Fwp%2Fv2%2Fcomments&post=2120209"}],"version-history":[{"count":0,"href":"https:\/\/analyse.optim.biz\/index.php?rest_route=\/wp\/v2\/posts\/2120209\/revisions"}],"wp:attachment":[{"href":"https:\/\/analyse.optim.biz\/index.php?rest_route=%2Fwp%2Fv2%2Fmedia&parent=2120209"}],"wp:term":[{"taxonomy":"category","embeddable":true,"href":"https:\/\/analyse.optim.biz\/index.php?rest_route=%2Fwp%2Fv2%2Fcategories&post=2120209"},{"taxonomy":"post_tag","embeddable":true,"href":"https:\/\/analyse.optim.biz\/index.php?rest_route=%2Fwp%2Fv2%2Ftags&post=2120209"}],"curies":[{"name":"wp","href":"https:\/\/api.w.org\/{rel}","templated":true}]}}